


{"id":8420,"date":"2026-01-21T10:10:42","date_gmt":"2026-01-21T09:10:42","guid":{"rendered":"https:\/\/www.montallegro.it\/magazine\/?p=8420"},"modified":"2026-01-21T10:10:42","modified_gmt":"2026-01-21T09:10:42","slug":"iperparatiroidismo-cose-cosa-comporta-e-come-si-cura","status":"publish","type":"post","link":"https:\/\/www.montallegro.it\/magazine\/iperparatiroidismo-cose-cosa-comporta-e-come-si-cura\/","title":{"rendered":"Iperparatiroidismo: cos&#8217;\u00e8, cosa comporta e come si cura"},"content":{"rendered":"<p>Talvolta poco conosciute o confuse con la tiroide per l&#8217;assonanza del nome, le <strong>paratiroidi<\/strong> svolgono un ruolo cruciale nella regolazione del metabolismo minerale. Quando la loro funzione si altera, le conseguenze possono divenire sistemiche, colpendo le ossa, i reni e la sfera psicologica. Ne parliamo con <a href=\"https:\/\/www.montallegro.it\/specialisti\/michele-minuto\/\" target=\"_blank\" rel=\"noopener\"><strong>Michele Minuto<\/strong><\/a> \u2013 professore associato di Chirurgia generale presso il Dipartimento di scienze chirurgiche (DISC) dell\u2019Universit\u00e0 degli studi di Genova \u2013 che ha scelto <strong>Montallegro<\/strong> per la sua attivit\u00e0 in libera professione.<\/p>\n<p><strong>&#8211; Cosa si intende per iperparatiroidismo?<\/strong><br \/>\n\u00abL&#8217;<strong>iperparatiroidismo<\/strong> \u00e8 una malattia generalmente benigna che riguarda le paratiroidi. Si tratta di quattro ghiandole situate posteriormente alla tiroide, che hanno il compito di regolare il metabolismo del calcio, del fosforo e, in ultima analisi, dell&#8217;osso. \u00c8 una patologia molto pi\u00f9 frequente di quanto si pensi: rappresenta infatti la seconda malattia endocrina pi\u00f9 comune e si manifesta, in genere, con un&#8217;alterazione del calcio nel sangue, ovvero un&#8217;<strong>ipercalcemia<\/strong>\u00bb.<\/p>\n<p><strong>&#8211; Come si arriva alla diagnosi?<\/strong><br \/>\n\u00abQuando un paziente riscontra agli esami un valore di calcemia superiore alla norma, la diagnosi \u00e8 generalmente quella di un iperparatiroidismo primitivo; una condizione che merita un approfondimento. In questo caso lo screening esiste ed \u00e8 molto semplice: \u00e8 sufficiente un prelievo ematico per il <strong>dosaggio della calcemia<\/strong>. Utile anche eseguirlo su una persona in piena salute, senza fattori di rischio &#8211; nell&#8217;ambito dei controlli di routine o check-up annuali &#8211; per fare prevenzione attiva\u00bb.<\/p>\n<p><strong>&#8211; Quali sono le conseguenze per la salute del paziente?<\/strong><br \/>\n\u00abL&#8217;iperparatiroidismo primitivo \u00e8 una malattia debilitante, pi\u00f9 di quanto si immagini. Nonostante la natura benigna, causa disturbi che alterano profondamente la qualit\u00e0 della vita. I primi sintomi riguardano l&#8217;apparato scheletrico: la patologia determina <strong>osteopenia<\/strong> prima e <strong>osteoporosi<\/strong> poi. Interessando prevalentemente la popolazione femminile over 50, insiste su una fascia in cui l&#8217;osso \u00e8 gi\u00e0 fisiologicamente pi\u00f9 debole per ragioni metaboliche; \u00e8 dunque fondamentale diagnosticare la malattia per non aggiungere ulteriore perdita di massa ossea a una struttura gi\u00e0 fragile\u00bb.<\/p>\n<p><strong>&#8211; Ci sono altri organi bersaglio o sintomi specifici?<\/strong><br \/>\n\u00abIl secondo sintomo tipico riguarda i <strong>reni<\/strong>, con la comparsa di litiasi o calcolosi; in particolare, se la calcolosi \u00e8 bilaterale, si deve subito sospettare un iperparatiroidismo. Vi sono poi manifestazioni che toccano la <strong>sfera psichica<\/strong>: la malattia pu\u00f2 causare una depressione rilevante, un aumento importante dell&#8217;ansia e un nervosismo ingiustificato\u00bb.<\/p>\n<p><strong>&#8211; I pazienti lamentano di frequente anche una stanchezza diffusa. \u00c8 correlata?<\/strong><br \/>\n\u00abAssolutamente s\u00ec. Tra i sintomi frequenti troviamo un<strong>&#8216;astenia marcata<\/strong> e una <strong>diminuzione delle performance fisiche<\/strong> che le persone confondono con il normale invecchiamento; in realt\u00e0 si tratta di un decadimento molto pi\u00f9 grave e accelerato. A questo si aggiungono dolori ossei e muscolari diffusi su tutto il corpo: alla schiena, alle spalle, ai polsi, alle ginocchia. Sono tutti segnali che alterano in maniera significativa la quotidianit\u00e0 e giustificano, a mio parere, l&#8217;importanza dello screening\u00bb.<\/p>\n<p>&#8211;<strong> Una volta accertata la diagnosi, qual \u00e8 l&#8217;iter terapeutico?<\/strong><br \/>\n\u00abLa malattia \u00e8 generalmente causata da un tumore benigno. In presenza di questa neoplasia esiste la possibilit\u00e0, nonch\u00e9 l&#8217;indicazione, dell&#8217;asportazione. Si interviene chirurgicamente: \u00e8 un&#8217;operazione che deve essere eseguita da un&#8217;\u00e9quipe dedicata e specializzata nella chirurgia delle paratiroidi. L&#8217;intervento prevede l&#8217;asportazione di una o pi\u00f9 ghiandole a seconda di quanto evidenziato dall&#8217;iter diagnostico\u00bb.<\/p>\n","protected":false},"excerpt":{"rendered":"<p>Talvolta poco conosciute o confuse con la tiroide per l&#8217;assonanza del nome, le paratiroidi svolgono un ruolo cruciale nella regolazione [&hellip;]<\/p>\n","protected":false},"author":5,"featured_media":8403,"comment_status":"closed","ping_status":"closed","sticky":false,"template":"","format":"standard","meta":{"_acf_changed":false,"footnotes":""},"categories":[1186],"tags":[931],"acf":[],"_links":{"self":[{"href":"https:\/\/www.montallegro.it\/magazine\/wp-json\/wp\/v2\/posts\/8420"}],"collection":[{"href":"https:\/\/www.montallegro.it\/magazine\/wp-json\/wp\/v2\/posts"}],"about":[{"href":"https:\/\/www.montallegro.it\/magazine\/wp-json\/wp\/v2\/types\/post"}],"author":[{"embeddable":true,"href":"https:\/\/www.montallegro.it\/magazine\/wp-json\/wp\/v2\/users\/5"}],"replies":[{"embeddable":true,"href":"https:\/\/www.montallegro.it\/magazine\/wp-json\/wp\/v2\/comments?post=8420"}],"version-history":[{"count":1,"href":"https:\/\/www.montallegro.it\/magazine\/wp-json\/wp\/v2\/posts\/8420\/revisions"}],"predecessor-version":[{"id":8421,"href":"https:\/\/www.montallegro.it\/magazine\/wp-json\/wp\/v2\/posts\/8420\/revisions\/8421"}],"wp:featuredmedia":[{"embeddable":true,"href":"https:\/\/www.montallegro.it\/magazine\/wp-json\/wp\/v2\/media\/8403"}],"wp:attachment":[{"href":"https:\/\/www.montallegro.it\/magazine\/wp-json\/wp\/v2\/media?parent=8420"}],"wp:term":[{"taxonomy":"category","embeddable":true,"href":"https:\/\/www.montallegro.it\/magazine\/wp-json\/wp\/v2\/categories?post=8420"},{"taxonomy":"post_tag","embeddable":true,"href":"https:\/\/www.montallegro.it\/magazine\/wp-json\/wp\/v2\/tags?post=8420"}],"curies":[{"name":"wp","href":"https:\/\/api.w.org\/{rel}","templated":true}]}}