


{"id":8354,"date":"2025-12-10T08:50:21","date_gmt":"2025-12-10T07:50:21","guid":{"rendered":"https:\/\/www.montallegro.it\/magazine\/?p=8354"},"modified":"2025-12-09T10:53:30","modified_gmt":"2025-12-09T09:53:30","slug":"samir-sukkar-insignito-della-gran-croce-della-scuola-medica-salernitana","status":"publish","type":"post","link":"https:\/\/www.montallegro.it\/magazine\/samir-sukkar-insignito-della-gran-croce-della-scuola-medica-salernitana\/","title":{"rendered":"Samir Sukkar insignito della Gran Croce della Scuola Medica Salernitana"},"content":{"rendered":"<p>\u00c8 un riconoscimento prestigioso, che affonda le radici nella storia della medicina occidentale. Lo scorso 27 novembre, <a href=\"https:\/\/www.montallegro.it\/specialisti\/samir-sukkar\/\" target=\"_blank\" rel=\"noopener\"><strong>Samir Sukkar<\/strong><\/a> \u2013 specialista in Gastroenterologia ed Endoscopia digestiva e in Scienza dell\u2019alimentazione a indirizzo nutrizionistico e professore a contratto presso la scuola di specializzazione in Scienza dell\u2019alimentazione dell\u2019Universit\u00e0 di Genova \u2013 \u00e8 stato insignito della <strong>Gran Croce di Accademico della Scuola Medica Salernitana<\/strong>.<\/p>\n<p>Si tratta di un&#8217;onorificenza di alto valore simbolico e scientifico: la Scuola di Salerno \u00e8 considerata la pi\u00f9 antica istituzione medica d&#8217;Europa, antesignana delle moderne universit\u00e0, celebre fin dal Medioevo per aver posto l&#8217;alimentazione al centro della prevenzione e della cura. Il premio valorizza un percorso professionale lungo oltre 40 anni, dedicato alla ricerca e all&#8217;applicazione clinica della nutrizione in ambiti complessi come l&#8217;oncologia e la gastroenterologia.<\/p>\n<p>Abbiamo incontrato il professore in <strong>Montallegro<\/strong>, sede che ha scelto per la sua attivit\u00e0 di libera professione, per commentare questo traguardo.<\/p>\n<p><strong>&#8211; Cosa rappresenta per lei ricevere un titolo dalla pi\u00f9 antica scuola medica d&#8217;Europa?<\/strong><br \/>\n\u00ab\u00c8 un segnale importante perch\u00e9 riconosce l&#8217;attivit\u00e0 svolta negli ultimi 43 anni, dalla mia laurea nel 1982 a oggi. La Scuola Medica Salernitana gode di un passato meritorio ed \u00e8 stata la prima a focalizzare l&#8217;attenzione sugli aspetti nutrizionali connessi con la patologia. Per un medico specialista in Scienza dell&#8217;alimentazione e in Gastroenterologia, vedere riconosciuto il proprio lavoro da questa istituzione ha un significato cruciale. \u00c8 la conferma del valore di un percorso che ha spaziato dalla nutrizione clinica nel paziente oncologico fino ai disturbi del comportamento alimentare\u00bb.<\/p>\n<p><strong>&#8211; Durante la sua carriera, come \u00e8 cambiato l&#8217;approccio alla nutrizione, in particolare in oncologia?<\/strong><br \/>\n\u00abQuando iniziai a occuparmi di nutrizione clinica nell&#8217;Istituto dei tumori di Genova, non si parlava di nutrizione in oncologia. Negli ultimi anni, finalmente, si \u00e8 compreso che \u00e8 un punto importantissimo nella cura del paziente, sia in termini di prevenzione sia di supporto durante il percorso terapeutico. Parallelamente, dal 2000 dirigo l&#8217;unit\u00e0 operativa di Dietetica e nutrizione clinica al San Martino, che \u00e8 cresciuta in maniera straordinaria\u00bb.<\/p>\n<p><strong>&#8211; Quali sono oggi le frontiere pi\u00f9 calde della vostra attivit\u00e0 di ricerca e assistenza?<\/strong><br \/>\n\u00abI fronti sono molti e diversificati. Seguiamo pazienti con disturbi del comportamento alimentare e abbiamo ricerche in corso sull&#8217;<strong>anoressia legata all&#8217;autoimmunit\u00e0<\/strong>. Insieme alla cattedra di Neurologia abbiamo pubblicato studi importanti sugli autoanticorpi rivolti ai recettori dei neuropeptidi dell&#8217;appetito. Poi c&#8217;\u00e8 la grande area dell&#8217;<strong>obesit\u00e0<\/strong>: finalmente questa condizione ha avuto una connotazione ufficiale come vera malattia e non pi\u00f9 come semplice fattore di rischio. Dirigo un centro di riferimento riconosciuto dalla European Association for the Study of Obesity (EASO). Inoltre, come presidente della &#8220;<strong>Dysphagia Academy<\/strong>&#8220;, lavoriamo sui percorsi per i pazienti con disturbi della deglutizione, in particolare gli anziani, sviluppando alimenti a consistenza modificata con progetti finanziati dalla Regione Liguria\u00bb.<\/p>\n<p><strong>&#8211; Il premio sembra riconoscere non un singolo studio, ma una dedizione &#8220;a 360 gradi\u201d.<\/strong><br \/>\n\u00abS\u00ec, \u00e8 un riconoscimento alla carriera e alla dedizione in tutte le aree della nutrizione clinica. Mi occupo anche di <strong>insufficienza intestinale cronica benigna<\/strong>, coordinando un progetto nazionale per pazienti trattati con farmaci innovativi come il teduglutide. Recentemente, inoltre, sono stato inserito nel <strong>Comitato nazionale per la sicurezza alimentare<\/strong> (CNSA) del Ministero della Salute. \u00c8 un impegno faticoso, che richiede passione, ma necessario per garantire standard elevati\u00bb.<\/p>\n<p><strong>&#8211; La Scuola Salernitana era celebre per la visione dell&#8217;uomo nella sua interezza. Oggi la medicina \u00e8 sempre pi\u00f9 specializzata. \u00c8 necessario recuperare quello sguardo d&#8217;insieme?<\/strong><br \/>\n\u00abAssolutamente. La visione olistica \u00e8 fondamentale. Purtroppo la medicina attuale tende a frammentarsi in superspecializzazioni. Il nutrizionista, in particolare, deve mantenere una visione all&#8217;antica: bisogna tornare all&#8217;ascolto del paziente, alla sua storia clinica, ai suoi sintomi. L&#8217;anamnesi spesso ci dice molto pi\u00f9 di un esame strumentale. La mancanza di empatia e l&#8217;eccesso di tecnologia sono problemi reali; la visione olistica implica coordinare competenze diverse senza mai perdere di vista la persona\u00bb.<\/p>\n","protected":false},"excerpt":{"rendered":"<p>\u00c8 un riconoscimento prestigioso, che affonda le radici nella storia della medicina occidentale. Lo scorso 27 novembre, Samir Sukkar \u2013 [&hellip;]<\/p>\n","protected":false},"author":5,"featured_media":8234,"comment_status":"closed","ping_status":"closed","sticky":false,"template":"","format":"standard","meta":{"_acf_changed":false,"footnotes":""},"categories":[3],"tags":[915,364],"acf":[],"_links":{"self":[{"href":"https:\/\/www.montallegro.it\/magazine\/wp-json\/wp\/v2\/posts\/8354"}],"collection":[{"href":"https:\/\/www.montallegro.it\/magazine\/wp-json\/wp\/v2\/posts"}],"about":[{"href":"https:\/\/www.montallegro.it\/magazine\/wp-json\/wp\/v2\/types\/post"}],"author":[{"embeddable":true,"href":"https:\/\/www.montallegro.it\/magazine\/wp-json\/wp\/v2\/users\/5"}],"replies":[{"embeddable":true,"href":"https:\/\/www.montallegro.it\/magazine\/wp-json\/wp\/v2\/comments?post=8354"}],"version-history":[{"count":1,"href":"https:\/\/www.montallegro.it\/magazine\/wp-json\/wp\/v2\/posts\/8354\/revisions"}],"predecessor-version":[{"id":8355,"href":"https:\/\/www.montallegro.it\/magazine\/wp-json\/wp\/v2\/posts\/8354\/revisions\/8355"}],"wp:featuredmedia":[{"embeddable":true,"href":"https:\/\/www.montallegro.it\/magazine\/wp-json\/wp\/v2\/media\/8234"}],"wp:attachment":[{"href":"https:\/\/www.montallegro.it\/magazine\/wp-json\/wp\/v2\/media?parent=8354"}],"wp:term":[{"taxonomy":"category","embeddable":true,"href":"https:\/\/www.montallegro.it\/magazine\/wp-json\/wp\/v2\/categories?post=8354"},{"taxonomy":"post_tag","embeddable":true,"href":"https:\/\/www.montallegro.it\/magazine\/wp-json\/wp\/v2\/tags?post=8354"}],"curies":[{"name":"wp","href":"https:\/\/api.w.org\/{rel}","templated":true}]}}