


{"id":8332,"date":"2025-12-03T08:54:29","date_gmt":"2025-12-03T07:54:29","guid":{"rendered":"https:\/\/www.montallegro.it\/magazine\/?p=8332"},"modified":"2025-12-03T16:13:18","modified_gmt":"2025-12-03T15:13:18","slug":"passion-le-wine-angels-e-la-fotografia-dautore-per-la-ricerca-oncologica","status":"publish","type":"post","link":"https:\/\/www.montallegro.it\/magazine\/passion-le-wine-angels-e-la-fotografia-dautore-per-la-ricerca-oncologica\/","title":{"rendered":"\u201cPassion\u201d: le Wine Angels e la fotografia d\u2019autore per la ricerca oncologica"},"content":{"rendered":"<p><span style=\"font-size: 16px\">Coniugare la bellezza artistica, la forza femminile e un obiettivo concreto di solidariet\u00e0. Nasce con questo spirito \u201c<\/span><strong style=\"font-size: 16px\">Passion<\/strong><span style=\"font-size: 16px\">\u201d, progetto benefico ideato da <\/span><strong style=\"font-size: 16px\">Elisa Fiore Gubellini<\/strong><span style=\"font-size: 16px\"> insieme al gruppo <\/span><strong style=\"font-size: 16px\">Wine Angels<\/strong><span style=\"font-size: 16px\"> \u2013 di cui \u00e8 fondatrice \u2013 che trova la propria espressione in un calendario fotografico d&#8217;autore.<\/span>\u00c8 la stessa ideatrice, sommelier e blogger a spiegare la genesi emotiva e personale dell\u2019iniziativa: \u00abHo affrontato due tumori e desideravo fare qualcosa di concreto per chi vive la stessa esperienza. Questo calendario unisce femminilit\u00e0, vino e solidariet\u00e0, e pu\u00f2 diventare un appuntamento annuale\u00bb.<\/p>\n<p>L&#8217;opera, stampata in mille copie, \u00e8 protagonista di un tour nelle principali citt\u00e0 italiane con un traguardo ambizioso: <strong>raccogliere fondi da destinare interamente alla Fondazione Airc per la ricerca sul cancro<\/strong>.<\/p>\n<div id=\"attachment_8334\" style=\"width: 1034px\" class=\"wp-caption alignnone\"><img fetchpriority=\"high\" decoding=\"async\" aria-describedby=\"caption-attachment-8334\" class=\"wp-image-8334 size-large\" src=\"https:\/\/www.montallegro.it\/magazine\/wp-content\/uploads\/sites\/2\/2025\/12\/passione2-1024x1024.jpg\" alt=\"\" width=\"1024\" height=\"1024\" srcset=\"https:\/\/www.montallegro.it\/magazine\/wp-content\/uploads\/sites\/2\/2025\/12\/passione2-1024x1024.jpg 1024w, https:\/\/www.montallegro.it\/magazine\/wp-content\/uploads\/sites\/2\/2025\/12\/passione2-300x300.jpg 300w, https:\/\/www.montallegro.it\/magazine\/wp-content\/uploads\/sites\/2\/2025\/12\/passione2-150x150.jpg 150w, https:\/\/www.montallegro.it\/magazine\/wp-content\/uploads\/sites\/2\/2025\/12\/passione2-768x768.jpg 768w, https:\/\/www.montallegro.it\/magazine\/wp-content\/uploads\/sites\/2\/2025\/12\/passione2-500x500.jpg 500w, https:\/\/www.montallegro.it\/magazine\/wp-content\/uploads\/sites\/2\/2025\/12\/passione2-200x200.jpg 200w, https:\/\/www.montallegro.it\/magazine\/wp-content\/uploads\/sites\/2\/2025\/12\/passione2-800x800.jpg 800w, https:\/\/www.montallegro.it\/magazine\/wp-content\/uploads\/sites\/2\/2025\/12\/passione2-16x16.jpg 16w, https:\/\/www.montallegro.it\/magazine\/wp-content\/uploads\/sites\/2\/2025\/12\/passione2.jpg 1200w\" sizes=\"(max-width: 1024px) 100vw, 1024px\" \/><p id=\"caption-attachment-8334\" class=\"wp-caption-text\">Una delle foto del calendario<\/p><\/div>\n<p>La firma visiva \u00e8 affidata a <strong>Gi\u00f2 Martorana<\/strong>, fotografo di fama internazionale e gi\u00e0 premio Unesco nel 2008. Per \u201cPassion\u201d, l&#8217;artista ha scelto la via dell&#8217;eleganza rigorosa e dell&#8217;autenticit\u00e0 assoluta: scatti in bianco e nero, dove l&#8217;estetica non risiede nella perfezione digitale, ma nella verit\u00e0 dei volti. Le protagoniste \u2013 giornaliste e produttrici del settore vitivinicolo \u2013 posano indossando abiti dal taglio maschile come smoking, doppiopetto e camicie. Una scelta stilistica che evidenzia, con sottile ironia, quanto il mondo del vino sia ancora percepito come un ambiente prevalentemente maschile, ma dal quale emerge oggi una femminilit\u00e0 forte e consapevole.<\/p>\n<h3>Un itinerario solidale nel cuore di Genova<\/h3>\n<p>L&#8217;approdo dell&#8217;iniziativa nel capoluogo ligure \u00e8 reso possibile dall&#8217;impegno di <strong>Chiara Soldati<\/strong>, titolare della cantina <strong>La Scolca<\/strong> \u2013 simbolo del Gavi \u2013 e consigliere del comitato Airc Liguria da quasi vent&#8217;anni, (e Cavaliere del Lavoro) supportata da Paolo Bartolone, presidente del Centro integrato di via (Civ) Sestiere Carlo Felice.<\/p>\n<p>Dall&#8217;<strong>8 al 19 dicembre<\/strong>, le vetrine delle boutique di via Roma, galleria Mazzini, via XXV Aprile e salita Santa Caterina ospiteranno i calendari. Inquadrando un QR code dedicato, i cittadini potranno effettuare una donazione libera direttamente alla Fondazione. Il fine ultimo \u00e8 colmare il divario tra le necessit\u00e0 della ricerca scientifica e le risorse pubbliche disponibili. Abbiamo approfondito il tema con Chiara Soldati.<\/p>\n<p><strong>&#8211; Come nasce la scelta di portare il progetto \u201cPassion\u201d a Genova?<\/strong><br \/>\n\u00abL&#8217;idea \u00e8 quella di realizzare un roadshow in diverse citt\u00e0 italiane. Ho voluto fortemente questo passaggio a Genova in qualit\u00e0 di consigliere del comitato Airc Liguria. Il fine ultimo \u00e8 raccogliere fondi per sostenere i ricercatori consentendo loro di rimanere in Italia ed evitando la fuga di cervelli all&#8217;estero\u00bb.<\/p>\n<p><strong>&#8211; Oltre all&#8217;aspetto benefico, il calendario veicola un messaggio culturale specifico?<\/strong><br \/>\n\u00abAssolutamente. Gi\u00f2 Martorana ha sposato il progetto con grande entusiasmo. Ha realizzato un\u2019opera in bianco e nero creando un legame tra il mondo agricolo che noi rappresentiamo \u2013 portatore di cultura \u2013 e un messaggio di speranza: la ricerca si pu\u00f2 e si deve aiutare. Quello che un tempo era un male incurabile, oggi \u00e8 sempre pi\u00f9 trattabile: ma serve il contributo collettivo\u00bb.<\/p>\n<p><strong>&#8211; Quanto \u00e8 determinante il sostegno dei privati per la ricerca scientifica in Italia?<\/strong><br \/>\n\u00ab\u00c8 cruciale. Sappiamo che la ricerca nazionale deve basarsi anche su finanziamenti privati, poich\u00e9 la percentuale del Pil destinata a questo settore \u00e8 ancora molto bassa rispetto ad altri Paesi. Fa parte del ruolo dei consiglieri stimolare questo supporto. Ricordo che quando entrai in Airc, il professor Victor Uckmar, allora presidente, diceva: &#8220;Basta il prezzo di un caff\u00e8 per aiutarci&#8221;. Oggi raccogliamo la sua eredit\u00e0 morale e \u2013 con l&#8217;attuale presidente ligure <strong>Lorenzo Anselmi<\/strong> \u2013 proseguiamo questo fondamentale lavoro\u00bb.<\/p>\n","protected":false},"excerpt":{"rendered":"<p>Coniugare la bellezza artistica, la forza femminile e un obiettivo concreto di solidariet\u00e0. Nasce con questo spirito \u201cPassion\u201d, progetto benefico [&hellip;]<\/p>\n","protected":false},"author":5,"featured_media":8333,"comment_status":"closed","ping_status":"closed","sticky":false,"template":"","format":"standard","meta":{"_acf_changed":false,"footnotes":""},"categories":[3],"tags":[132],"acf":[],"_links":{"self":[{"href":"https:\/\/www.montallegro.it\/magazine\/wp-json\/wp\/v2\/posts\/8332"}],"collection":[{"href":"https:\/\/www.montallegro.it\/magazine\/wp-json\/wp\/v2\/posts"}],"about":[{"href":"https:\/\/www.montallegro.it\/magazine\/wp-json\/wp\/v2\/types\/post"}],"author":[{"embeddable":true,"href":"https:\/\/www.montallegro.it\/magazine\/wp-json\/wp\/v2\/users\/5"}],"replies":[{"embeddable":true,"href":"https:\/\/www.montallegro.it\/magazine\/wp-json\/wp\/v2\/comments?post=8332"}],"version-history":[{"count":3,"href":"https:\/\/www.montallegro.it\/magazine\/wp-json\/wp\/v2\/posts\/8332\/revisions"}],"predecessor-version":[{"id":8337,"href":"https:\/\/www.montallegro.it\/magazine\/wp-json\/wp\/v2\/posts\/8332\/revisions\/8337"}],"wp:featuredmedia":[{"embeddable":true,"href":"https:\/\/www.montallegro.it\/magazine\/wp-json\/wp\/v2\/media\/8333"}],"wp:attachment":[{"href":"https:\/\/www.montallegro.it\/magazine\/wp-json\/wp\/v2\/media?parent=8332"}],"wp:term":[{"taxonomy":"category","embeddable":true,"href":"https:\/\/www.montallegro.it\/magazine\/wp-json\/wp\/v2\/categories?post=8332"},{"taxonomy":"post_tag","embeddable":true,"href":"https:\/\/www.montallegro.it\/magazine\/wp-json\/wp\/v2\/tags?post=8332"}],"curies":[{"name":"wp","href":"https:\/\/api.w.org\/{rel}","templated":true}]}}