


{"id":8075,"date":"2025-08-19T11:05:38","date_gmt":"2025-08-19T09:05:38","guid":{"rendered":"https:\/\/www.montallegro.it\/magazine\/?p=8075"},"modified":"2025-08-19T11:05:38","modified_gmt":"2025-08-19T09:05:38","slug":"uneredita-di-cura-e-professionalita-montallegro-piange-la-scomparsa-di-roberto-tramalloni","status":"publish","type":"post","link":"https:\/\/www.montallegro.it\/magazine\/uneredita-di-cura-e-professionalita-montallegro-piange-la-scomparsa-di-roberto-tramalloni\/","title":{"rendered":"Un&#8217;eredit\u00e0 di cura e professionalit\u00e0: Montallegro piange la scomparsa di Roberto Tramalloni"},"content":{"rendered":"<p>Con profondo dolore salutiamo <strong>Roberto Tramalloni<\/strong>, scomparso improvvisamente all&#8217;et\u00e0 di 74 anni.<br \/>\nCon la sua grande professionalit\u00e0 e profonda umanit\u00e0, Roberto dal<strong> 2015<\/strong> era <strong>Direttore sanitario di Montallegro<\/strong>, garantendo una guida sicura e autorevole, capace di affrontare con lucidit\u00e0 e visione le sfide pi\u00f9 complesse \u2013 come quella della pandemia da Covid-19 \u2013 e contribuendo alla crescita della Struttura.<\/p>\n<p>Genovese di nascita e formazione, dopo la laurea in Medicina e Chirurgia si era specializzato in Medicina Legale e in Igiene.<br \/>\nLa sua visione era maturata in un percorso professionale di altissimo profilo che lo ha visto per decenni legato a due delle pi\u00f9 importanti istituzioni sanitarie della nostra citt\u00e0: per dieci anni ha ricoperto il ruolo di Direttore sanitario dell&#8217;<strong>Ospedale Galliera<\/strong> e, in precedenza, per un altro decennio, quello dell&#8217;<strong>Istituto Giannina Gaslini<\/strong>.<br \/>\nIncarichi che ha sempre onorato con dedizione al paziente e rigore etico esemplare.<\/p>\n<p>Ma dietro al grande professionista c&#8217;era una persona splendida, che univa autorevolezza, cortesia e sapiente ironia, guidando con l&#8217;esempio e trasmettendo la sua vasta conoscenza con generosit\u00e0.<br \/>\nLa sua assenza lascia un vuoto profondo in tutti noi che lo ricorderemo sempre con immenso affetto e gratitudine.<\/p>\n<p>Ci stringiamo con affetto alla sua famiglia in questo momento di grande dolore.<\/p>\n<p>Oggi <strong>marted\u00ec 19 agosto<\/strong>, lo ricorderemo in Montallegro alle <strong>16.30<\/strong>, recitando il <strong>Santo Rosario<\/strong> con il nostro cappellano padre Luigi Cerea.<br \/>\nLe esequie saranno celebrate domani, <strong>mercoled\u00ec 20 agosto<\/strong>, alle <strong>ore 11<\/strong> nel <strong>Santuario Nostra Signora di Loreto<\/strong>, a Oregina.<\/p>\n","protected":false},"excerpt":{"rendered":"<p>Con profondo dolore salutiamo Roberto Tramalloni, scomparso improvvisamente all&#8217;et\u00e0 di 74 anni. Con la sua grande professionalit\u00e0 e profonda umanit\u00e0, [&hellip;]<\/p>\n","protected":false},"author":5,"featured_media":8076,"comment_status":"closed","ping_status":"closed","sticky":false,"template":"","format":"standard","meta":{"_acf_changed":false,"footnotes":""},"categories":[3],"tags":[832],"acf":[],"_links":{"self":[{"href":"https:\/\/www.montallegro.it\/magazine\/wp-json\/wp\/v2\/posts\/8075"}],"collection":[{"href":"https:\/\/www.montallegro.it\/magazine\/wp-json\/wp\/v2\/posts"}],"about":[{"href":"https:\/\/www.montallegro.it\/magazine\/wp-json\/wp\/v2\/types\/post"}],"author":[{"embeddable":true,"href":"https:\/\/www.montallegro.it\/magazine\/wp-json\/wp\/v2\/users\/5"}],"replies":[{"embeddable":true,"href":"https:\/\/www.montallegro.it\/magazine\/wp-json\/wp\/v2\/comments?post=8075"}],"version-history":[{"count":1,"href":"https:\/\/www.montallegro.it\/magazine\/wp-json\/wp\/v2\/posts\/8075\/revisions"}],"predecessor-version":[{"id":8077,"href":"https:\/\/www.montallegro.it\/magazine\/wp-json\/wp\/v2\/posts\/8075\/revisions\/8077"}],"wp:featuredmedia":[{"embeddable":true,"href":"https:\/\/www.montallegro.it\/magazine\/wp-json\/wp\/v2\/media\/8076"}],"wp:attachment":[{"href":"https:\/\/www.montallegro.it\/magazine\/wp-json\/wp\/v2\/media?parent=8075"}],"wp:term":[{"taxonomy":"category","embeddable":true,"href":"https:\/\/www.montallegro.it\/magazine\/wp-json\/wp\/v2\/categories?post=8075"},{"taxonomy":"post_tag","embeddable":true,"href":"https:\/\/www.montallegro.it\/magazine\/wp-json\/wp\/v2\/tags?post=8075"}],"curies":[{"name":"wp","href":"https:\/\/api.w.org\/{rel}","templated":true}]}}