


{"id":7955,"date":"2025-06-15T19:24:57","date_gmt":"2025-06-15T17:24:57","guid":{"rendered":"https:\/\/www.montallegro.it\/magazine\/?p=7955"},"modified":"2025-06-15T19:33:46","modified_gmt":"2025-06-15T17:33:46","slug":"kubica-trionfa-a-le-mans-una-vittoria-che-arriva-da-lontano","status":"publish","type":"post","link":"https:\/\/www.montallegro.it\/magazine\/kubica-trionfa-a-le-mans-una-vittoria-che-arriva-da-lontano\/","title":{"rendered":"Kubica trionfa a Le Mans. Una vittoria che arriva da lontano"},"content":{"rendered":"<p>La vittoria di <strong>Robert Kubica<\/strong> alla <strong>24 Ore di Le Mans<\/strong>, conquistata oggi &#8211; domenica 15 giugno &#8211; al volante della <strong>Ferrari 499P<\/strong>, \u00e8 di per s\u00e9 straordinaria. Ma \u00e8 molto di pi\u00f9 di un semplice successo sportivo. Perch\u00e9 la storia del pilota polacco \u00e8 un esempio unico di resilienza, determinazione e di eccellenza medica che ha radici profonde in Liguria e che ha visto anche Montallegro come uno dei centri medici della sua rinascita. Per capire la portata di questo trionfo, bisogna riavvolgere il nastro di tredici anni, a quel drammatico <strong>6 febbraio 2011<\/strong>.<\/p>\n<p>Durante il Rally Ronde di Andora, nel comune di Testico, la Skoda Fabia di Robert Kubica, allora pilota di punta in Formula 1, esce di strada. La dinamica \u00e8 terribile: il guard-rail cede, penetra nell&#8217;abitacolo e travolge il pilota. Le conseguenze sono devastanti: frattura alla gamba destra, emorragia interna e, soprattutto, lesioni gravissime al braccio, alla spalla e alla mano destra. Ricoverato d&#8217;urgenza all&#8217;<strong>Ospedale Santa Corona di Pietra Ligure<\/strong>, Kubica arriva, come racconter\u00e0 lui stesso anni dopo, con appena un litro e mezzo di sangue in corpo. Si sente &#8220;<em>vivo per miracolo<\/em>&#8220;.<\/p>\n<p><img fetchpriority=\"high\" decoding=\"async\" class=\"size-full wp-image-6798 alignleft\" src=\"https:\/\/www.montallegro.it\/magazine\/wp-content\/uploads\/sites\/2\/2023\/07\/mario-igor-rossello-verticale.jpg\" alt=\"\" width=\"200\" height=\"300\" \/>L&#8217;\u00e9quipe guidata da <a href=\"https:\/\/www.montallegro.it\/specialisti\/mario-igor-rossello\/\" target=\"_blank\" rel=\"noopener\"><strong>Mario Igor Rossello<\/strong><\/a>, primario di Chirurgia della mano, compie un primo, straordinario intervento di sette ore per salvargli l&#8217;arto e la vita. A questa operazione ne seguono altre due, sempre al Santa Corona, per stabilizzare le fratture alla gamba e al braccio. La carriera in Formula 1 sembra finita, la sfida ora \u00e8 recuperare una funzionalit\u00e0 di base.<\/p>\n<p>\u00c8 qui che inizia la seconda fase del percorso, quella che <strong>porta Robert Kubica a Genova, in Montallegro<\/strong>. Mario Igor Rossello continua a seguire il pilota, costruendo con lui un rapporto che va oltre quello tra medico e paziente. \u00ab<em>Nei mesi successivi ho rivisto Kubica decine di volte<\/em>\u00bb, racconta il chirurgo, \u00ab<em>e per altre tre volte l\u2019ho operato alla mano in Montallegro. Si \u00e8 trattato di interventi di microchirurgia per recuperare la vascolarizzazione, la funzionalit\u00e0 dei nervi, la sensibilit\u00e0<\/em>\u00bb.<\/p>\n<p>La fiducia e la tenacia pagano. Kubica non solo recupera l&#8217;uso dell&#8217;arto, ma torna a guidare. Prima nei rally, dove nel 2013 vince il <strong>campionato mondiale WRC2<\/strong>, dimostrando un recupero che ha del miracoloso. Poi, il sogno che sembrava impossibile si avvera: nel 2018, a otto anni dall&#8217;ultima volta, torna in Formula 1.<\/p>\n<p>\u00abSento la gioia e la responsabilit\u00e0 di avere eseguito l&#8217;intervento di recupero e ricostruzione dell&#8217;arto che era stato quasi amputato\u00bb, comment\u00f2 allora il professor Rossello. \u00abNon avrebbe mai potuto pensare di prendere in mano il volante di una Formula 1 se non avesse avuto la piena funzionalit\u00e0 dell&#8217;arto\u00bb.<\/p>\n<p>Un legame profondo, quello tra i due, cementato da stima e gratitudine. \u00abMi lega a lui un rapporto bellissimo\u00bb, <a href=\"https:\/\/www.montallegro.it\/magazine\/la-mia-vita-tra-la-sala-operatoria-e-le-onde-intervista-a-mario-igor-rossello\/\" target=\"_blank\" rel=\"noopener\">conferma Rossello<\/a>. \u00abConservo tanti bei ricordi di quel periodo, come l\u2019invito a Barcellona per le sessioni di prova con l\u2019Alfa Romeo: ci ha fatto conoscere il team e ci ha portato in giro per il circuito. Un momento davvero emozionante \u00e8 stato vedere un enorme striscione con il mio viso, esposto dai tifosi polacchi con la scritta \u201cGrazie dottor Rossello\u201c\u00bb.<\/p>\n<p>Il successo alla 24 Ore di Le Mans, condiviso con i compagni di squadra Ye Yifei e Phil Hanson, rappresenta un altro prestigioso capitolo di una carriera tornata ai massimi livelli contro ogni pronostico. Un trionfo che \u00e8 il giusto premio alla straordinaria forza di volont\u00e0 del pilota polacco.<\/p>\n<p>A Robert le congratulazioni da tutta Montallegro.<\/p>\n<p><em>\u00a9 foto di apertura: <a href=\"https:\/\/commons.wikimedia.org\/wiki\/File:2024_6_Hours_of_Spa-Francorchamps_AF_Corse_Ferrari_499P_No.83_(DSC02252).jpg\" target=\"_blank\" rel=\"noopener\">MarcelX42 &#8211; Wikipedia<\/a><\/em><\/p>\n","protected":false},"excerpt":{"rendered":"<p>La vittoria di Robert Kubica alla 24 Ore di Le Mans, conquistata oggi &#8211; domenica 15 giugno &#8211; al volante [&hellip;]<\/p>\n","protected":false},"author":5,"featured_media":7959,"comment_status":"closed","ping_status":"closed","sticky":false,"template":"","format":"standard","meta":{"_acf_changed":false,"footnotes":""},"categories":[3],"tags":[1126],"acf":[],"_links":{"self":[{"href":"https:\/\/www.montallegro.it\/magazine\/wp-json\/wp\/v2\/posts\/7955"}],"collection":[{"href":"https:\/\/www.montallegro.it\/magazine\/wp-json\/wp\/v2\/posts"}],"about":[{"href":"https:\/\/www.montallegro.it\/magazine\/wp-json\/wp\/v2\/types\/post"}],"author":[{"embeddable":true,"href":"https:\/\/www.montallegro.it\/magazine\/wp-json\/wp\/v2\/users\/5"}],"replies":[{"embeddable":true,"href":"https:\/\/www.montallegro.it\/magazine\/wp-json\/wp\/v2\/comments?post=7955"}],"version-history":[{"count":4,"href":"https:\/\/www.montallegro.it\/magazine\/wp-json\/wp\/v2\/posts\/7955\/revisions"}],"predecessor-version":[{"id":7960,"href":"https:\/\/www.montallegro.it\/magazine\/wp-json\/wp\/v2\/posts\/7955\/revisions\/7960"}],"wp:featuredmedia":[{"embeddable":true,"href":"https:\/\/www.montallegro.it\/magazine\/wp-json\/wp\/v2\/media\/7959"}],"wp:attachment":[{"href":"https:\/\/www.montallegro.it\/magazine\/wp-json\/wp\/v2\/media?parent=7955"}],"wp:term":[{"taxonomy":"category","embeddable":true,"href":"https:\/\/www.montallegro.it\/magazine\/wp-json\/wp\/v2\/categories?post=7955"},{"taxonomy":"post_tag","embeddable":true,"href":"https:\/\/www.montallegro.it\/magazine\/wp-json\/wp\/v2\/tags?post=7955"}],"curies":[{"name":"wp","href":"https:\/\/api.w.org\/{rel}","templated":true}]}}