


{"id":7932,"date":"2025-05-31T12:08:16","date_gmt":"2025-05-31T10:08:16","guid":{"rendered":"https:\/\/www.montallegro.it\/magazine\/?p=7932"},"modified":"2025-05-31T12:08:16","modified_gmt":"2025-05-31T10:08:16","slug":"francesco-berti-riboli-entra-nel-consiglio-generale-della-fondazione-passadore-1888","status":"publish","type":"post","link":"https:\/\/www.montallegro.it\/magazine\/francesco-berti-riboli-entra-nel-consiglio-generale-della-fondazione-passadore-1888\/","title":{"rendered":"Francesco Berti Riboli entra nel Consiglio Generale della Fondazione Passadore 1888"},"content":{"rendered":"<p>Un importante riconoscimento per <strong>Francesco Berti Riboli<\/strong>, ad di Montallegro. Nei giorni scorsi, \u00e8 stato designato quale <strong>nuovo consigliere<\/strong> all&#8217;interno del consiglio generale della <strong>Fondazione Passadore 1888<\/strong>. Insieme a lui, fa il suo ingresso nell&#8217;organo di indirizzo della Fondazione anche <strong>Evelina Christillin<\/strong>, figura di notevole esperienza dirigenziale in ambito culturale, aziendale e sportivo, attualmente presidente del Museo Egizio di Torino e membro aggiuntivo della Uefa nel Consiglio della Fifa.<\/p>\n<p>Le nomine sono state proposte dalla banca, che figura come socio fondatore di questo ente filantropico con sede a <strong>Genova<\/strong>. La Fondazione Passadore 1888, istituita nel <strong>2022<\/strong>, si colloca nel solco del percorso di responsabilit\u00e0 sociale intrapreso dall&#8217;istituto bancario. Essa ambisce a diventare un punto di riferimento per coloro che intendono contribuire a iniziative di beneficenza strutturata, fondate su criteri di affidabilit\u00e0, trasparenza e capacit\u00e0 di generare un impatto concreto sul territorio.<\/p>\n<p>Nei suoi primi tre anni di operativit\u00e0, la Fondazione Passadore 1888 ha gi\u00e0 dimostrato un notevole dinamismo, sostenendo ben <strong>121 progetti<\/strong> e deliberando interventi per un ammontare complessivo di circa <strong>1 milione 100 mila euro<\/strong>. \u00c8 significativo notare come la quota preponderante di queste risorse, corrispondente al <strong>60%, sia stata indirizzata verso il settore della sanit\u00e0 e della solidariet\u00e0<\/strong>, a chiara testimonianza della priorit\u00e0 accordata ai bisogni pi\u00f9 urgenti e sentiti dalla collettivit\u00e0. Per il futuro, la Fondazione si prefigge di consolidare la propria posizione quale attore credibile e propulsivo nel panorama della filantropia italiana, attraverso la promozione di nuovi progetti caratterizzati da sostenibilit\u00e0 e da un elevato impatto sociale e culturale.<\/p>\n<p>Il consiglio generale della Fondazione \u00e8 presieduto da Andreina Boero, con Federica Passadore nel ruolo di vicepresidente. Oltre ai neo-nominati Francesco Berti Riboli e Evelina Christillin, il consiglio annovera tra i suoi membri Matteo Bonelli, Franco Lizza, Agostino Passadore, Marco Risso, Danco Singer e Alberto Sobrero. Il segretario generale \u00e8 Lucio Siboldi. \u00c8 stato inoltre confermato il Comitato di gestione, composto da Augusto Passadore, Francesco Passadore ed Edoardo Fantino. Confermato anche l&#8217;Avvocato Francesco Illuzzi quale Organo di controllo.<\/p>\n","protected":false},"excerpt":{"rendered":"<p>Un importante riconoscimento per Francesco Berti Riboli, ad di Montallegro. Nei giorni scorsi, \u00e8 stato designato quale nuovo consigliere all&#8217;interno [&hellip;]<\/p>\n","protected":false},"author":5,"featured_media":7667,"comment_status":"closed","ping_status":"closed","sticky":false,"template":"","format":"standard","meta":{"_acf_changed":false,"footnotes":""},"categories":[3],"tags":[],"acf":[],"_links":{"self":[{"href":"https:\/\/www.montallegro.it\/magazine\/wp-json\/wp\/v2\/posts\/7932"}],"collection":[{"href":"https:\/\/www.montallegro.it\/magazine\/wp-json\/wp\/v2\/posts"}],"about":[{"href":"https:\/\/www.montallegro.it\/magazine\/wp-json\/wp\/v2\/types\/post"}],"author":[{"embeddable":true,"href":"https:\/\/www.montallegro.it\/magazine\/wp-json\/wp\/v2\/users\/5"}],"replies":[{"embeddable":true,"href":"https:\/\/www.montallegro.it\/magazine\/wp-json\/wp\/v2\/comments?post=7932"}],"version-history":[{"count":1,"href":"https:\/\/www.montallegro.it\/magazine\/wp-json\/wp\/v2\/posts\/7932\/revisions"}],"predecessor-version":[{"id":7933,"href":"https:\/\/www.montallegro.it\/magazine\/wp-json\/wp\/v2\/posts\/7932\/revisions\/7933"}],"wp:featuredmedia":[{"embeddable":true,"href":"https:\/\/www.montallegro.it\/magazine\/wp-json\/wp\/v2\/media\/7667"}],"wp:attachment":[{"href":"https:\/\/www.montallegro.it\/magazine\/wp-json\/wp\/v2\/media?parent=7932"}],"wp:term":[{"taxonomy":"category","embeddable":true,"href":"https:\/\/www.montallegro.it\/magazine\/wp-json\/wp\/v2\/categories?post=7932"},{"taxonomy":"post_tag","embeddable":true,"href":"https:\/\/www.montallegro.it\/magazine\/wp-json\/wp\/v2\/tags?post=7932"}],"curies":[{"name":"wp","href":"https:\/\/api.w.org\/{rel}","templated":true}]}}