


{"id":7930,"date":"2025-05-28T07:11:54","date_gmt":"2025-05-28T05:11:54","guid":{"rendered":"https:\/\/www.montallegro.it\/magazine\/?p=7930"},"modified":"2025-05-28T10:33:48","modified_gmt":"2025-05-28T08:33:48","slug":"dieta-e-celiachia-vivere-bene-senza-glutine","status":"publish","type":"post","link":"https:\/\/www.montallegro.it\/magazine\/dieta-e-celiachia-vivere-bene-senza-glutine\/","title":{"rendered":"Dieta e celiachia: vivere bene senza glutine"},"content":{"rendered":"<p>La <strong>celiachia<\/strong> \u00e8 una patologia autoimmune cronica che colpisce l&#8217;intestino tenue, scatenata dall&#8217;ingestione di glutine in soggetti geneticamente predisposti. A oggi, l&#8217;unica terapia efficace consiste nell&#8217;adesione rigorosa e permanente a una <strong>dieta priva di glutine<\/strong>. Questo regime alimentare non rappresenta solo una scelta, ma una vera e propria necessit\u00e0 terapeutica per evitare i sintomi della malattia e le sue possibili complicanze a lungo termine. Comprendere quali alimenti escludere, quali alternative siano disponibili e come le moderne pratiche di produzione alimentare possano influire \u00e8 fondamentale per la gestione quotidiana della celiachia. Approfondiamo questi aspetti con <a href=\"https:\/\/www.montallegro.it\/specialisti\/luca-spigno\/\" target=\"_blank\" rel=\"noopener\"><strong>Luca Spigno<\/strong><\/a>, specialista in Scienza dell\u2019Alimentazione e componente del Cda di Villa Montallegro.<\/p>\n<p><strong>&#8211; Quale dieta deve seguire una persona a cui \u00e8 stata diagnosticata la celiachia?<\/strong><br \/>\n\u00abLa celiachia si affronta principalmente con la dieta, eliminando tutti gli alimenti che contengono glutine. Quali sono questi alimenti? Fondamentalmente, le farine derivate dalla maggior parte dei cereali. Fanno eccezione il <strong>mais<\/strong>, il <strong>miglio<\/strong> e il <strong>riso<\/strong> che sono tre tra i cereali pi\u00f9 diffusi che non contengono glutine. Il<strong> frumento<\/strong> \u00e8, nella nostra alimentazione, l&#8217;alimento pi\u00f9 ricco di glutine in assoluto; quindi \u00e8 quello che pi\u00f9 di tutti va evitato nelle diete per celiaci\u00bb.<\/p>\n<p><strong>&#8211; Le farine che si trovano oggi in commercio possono in qualche modo favorire l&#8217;insorgenza della celiachia o di problematiche correlate?<\/strong><br \/>\n\u00ab\u00c8 un&#8217;osservazione corretta. Sebbene la celiachia sia una malattia che coinvolge percentuali relativamente piccole della popolazione, l&#8217;<strong>ipersensibilit\u00e0 al glutine<\/strong>, che \u00e8 una condizione distinta dalla celiachia vera e propria, riguarda un numero molto pi\u00f9 ampio di persone. Molti di noi ne soffrono. Capita frequentemente, per esempio, di avvertire qualche piccolo disturbo intestinale dopo aver consumato una pizza. Questo accade proprio perch\u00e9 le farine utilizzate attualmente nell&#8217;industria alimentare sono spesso particolarmente ricche di glutine e sono diverse, per esempio, da quelle ottenute dal grano coltivato un centinaio di anni fa, che presentava un contenuto di glutine inferiore\u00bb.<\/p>\n<p><strong>&#8211; Quali alternative propone oggi il mercato per chi deve seguire una dieta senza glutine?<\/strong><br \/>\n\u00abOggi una persona celiaca pu\u00f2 condurre una vita sostanzialmente normale. Innanzitutto, perch\u00e9 in commercio esiste una vasta gamma di prodotti, non solo quelli specificamente dedicati ai celiaci, ma anche alimenti naturalmente privi di glutine, realizzati con farine di mais o di riso, che possono essere tranquillamente utilizzati. In secondo luogo, si \u00e8 sviluppata una maggiore cultura riguardo alla problematica della <strong>contaminazione da glutine<\/strong>; di conseguenza, anche i ristoratori prestano molta pi\u00f9 attenzione. Questo permette alla persona celiaca di poter mangiare fuori casa nella gran parte dei ristoranti, senza correre rischi significativi di contaminazione accidentale\u00bb.<\/p>\n<p><strong>Leggi anche\u00a0<\/strong><br \/>\n&#8211; <a href=\"https:\/\/www.montallegro.it\/magazine\/intolleranze-alimentari-facciamo-chiarezza\/\" target=\"_blank\" rel=\"noopener\">Intolleranze alimentari, facciamo chiarezza<\/a><br \/>\n&#8211; <a href=\"https:\/\/www.montallegro.it\/magazine\/lattrice-alice-arcuri-si-racconta-come-ho-scoperto-di-essere-celiaca\/\" target=\"_blank\" rel=\"noopener\">L\u2019attrice Alice Arcuri si racconta: \u201cCome ho scoperto di essere celiaca\u201d<\/a><\/p>\n","protected":false},"excerpt":{"rendered":"<p>La celiachia \u00e8 una patologia autoimmune cronica che colpisce l&#8217;intestino tenue, scatenata dall&#8217;ingestione di glutine in soggetti geneticamente predisposti. A [&hellip;]<\/p>\n","protected":false},"author":5,"featured_media":6041,"comment_status":"closed","ping_status":"closed","sticky":false,"template":"","format":"standard","meta":{"_acf_changed":false,"footnotes":""},"categories":[7],"tags":[1162,535],"acf":[],"_links":{"self":[{"href":"https:\/\/www.montallegro.it\/magazine\/wp-json\/wp\/v2\/posts\/7930"}],"collection":[{"href":"https:\/\/www.montallegro.it\/magazine\/wp-json\/wp\/v2\/posts"}],"about":[{"href":"https:\/\/www.montallegro.it\/magazine\/wp-json\/wp\/v2\/types\/post"}],"author":[{"embeddable":true,"href":"https:\/\/www.montallegro.it\/magazine\/wp-json\/wp\/v2\/users\/5"}],"replies":[{"embeddable":true,"href":"https:\/\/www.montallegro.it\/magazine\/wp-json\/wp\/v2\/comments?post=7930"}],"version-history":[{"count":1,"href":"https:\/\/www.montallegro.it\/magazine\/wp-json\/wp\/v2\/posts\/7930\/revisions"}],"predecessor-version":[{"id":7931,"href":"https:\/\/www.montallegro.it\/magazine\/wp-json\/wp\/v2\/posts\/7930\/revisions\/7931"}],"wp:featuredmedia":[{"embeddable":true,"href":"https:\/\/www.montallegro.it\/magazine\/wp-json\/wp\/v2\/media\/6041"}],"wp:attachment":[{"href":"https:\/\/www.montallegro.it\/magazine\/wp-json\/wp\/v2\/media?parent=7930"}],"wp:term":[{"taxonomy":"category","embeddable":true,"href":"https:\/\/www.montallegro.it\/magazine\/wp-json\/wp\/v2\/categories?post=7930"},{"taxonomy":"post_tag","embeddable":true,"href":"https:\/\/www.montallegro.it\/magazine\/wp-json\/wp\/v2\/tags?post=7930"}],"curies":[{"name":"wp","href":"https:\/\/api.w.org\/{rel}","templated":true}]}}