


{"id":7911,"date":"2025-05-15T08:58:37","date_gmt":"2025-05-15T06:58:37","guid":{"rendered":"https:\/\/www.montallegro.it\/magazine\/?p=7911"},"modified":"2025-05-15T09:28:55","modified_gmt":"2025-05-15T07:28:55","slug":"lattrice-alice-arcuri-si-racconta-come-ho-scoperto-di-essere-celiaca","status":"publish","type":"post","link":"https:\/\/www.montallegro.it\/magazine\/lattrice-alice-arcuri-si-racconta-come-ho-scoperto-di-essere-celiaca\/","title":{"rendered":"L&#8217;attrice Alice Arcuri si racconta: \u201cCome ho scoperto di essere celiaca\u201d"},"content":{"rendered":"<p>Per le storie di salute e benessere, abbiamo incontrato a Genova l&#8217;attrice di teatro, cinema e televisione <strong>Alice Arcuri<\/strong> che ha condiviso con noi il suo percorso attraverso la <strong>celiachia<\/strong>. Una condizione che, nel suo caso, \u00e8 stata diagnosticata in et\u00e0 adulta e ha rappresentato una svolta nella sua percezione del proprio corpo e nella gestione della quotidianit\u00e0. La sua testimonianza offre uno spaccato importante su come una diagnosi, seppur tardiva, possa portare a una rinnovata consapevolezza e a un approccio pi\u00f9 attento alla propria salute.<\/p>\n<p><strong>&#8211; Alice, quando ha scoperto di essere celiaca? E come?<\/strong><br \/>\n\u00abLa diagnosi di celiachia \u00e8 arrivata nel 2024, al termine di un percorso iniziato con la scoperta dell\u2019<strong>endometriosi<\/strong>. Durante gli accertamenti per questa patologia, mi hanno suggerito ulteriori indagini gastroenterologiche, dalle quali \u00e8 emersa la <strong>SIBO<\/strong>, un&#8217;infiammazione cronica del tenue, spesso correlata all&#8217;uso eccessivo di farmaci per la pompa gastrica o alla celiachia. Ulteriori accertamenti hanno poi confermato la <strong>diagnosi di celiachia<\/strong>. Ritrovarmi con tre patologie in contemporanea \u00e8 stato impegnativo, soprattutto per la difficolt\u00e0 di identificare la causa dei miei disturbi. Una volta compresa la diagnosi, ho iniziato un follow-up di sei mesi al San Martino, che ha portato a un miglioramento della mia condizione fisica\u00bb.<\/p>\n<p><strong>&#8211; Qual \u00e8 stato l&#8217;impatto psicologico?<\/strong><br \/>\n\u00abEssendo figlia di medici, conosco le statistiche mediche e, considerando le diverse patologie possibili, posso ritenermi fortunata. La celiachia \u00e8 una condizione di cui si parla sempre pi\u00f9, con una maggiore consapevolezza sociale e una crescente disponibilit\u00e0 di prodotti adatti. Tuttavia, accettare le restrizioni alimentari e la necessit\u00e0 di una costante disciplina richiede tempo. \u00c8 una patologia che inevitabilmente condiziona la vita\u00bb.<\/p>\n<p>&#8211;<strong> Ha scoperto la celiachia in et\u00e0 adulta, ma aveva avuto segnali in precedenza?<\/strong><br \/>\n\u00abDurante le tourn\u00e9e teatrali, ricordo episodi in cui, dopo aver mangiato pizza e bevuto birra a tarda notte, mi svegliavo con il viso gonfio e un forte malessere. In qualche modo, avevo gi\u00e0 iniziato a evitare il glutine spontaneamente. Tuttavia, una cosa \u00e8 cercare di evitarlo, un&#8217;altra \u00e8 essere consapevoli della contaminazione e della diagnosi formale, arrivata pi\u00f9 tardi. Avevo la sensazione che qualcosa non andasse, ma \u00e8 stata una sorta di &#8220;esplosione&#8221; nel mio sistema immunitario a portare alla SIBO, che si \u00e8 rivelata la problematica pi\u00f9 seria\u00bb.<\/p>\n<p><strong>&#8211; Quanto \u00e8 stata debilitante questa condizione anche a livello professionale?<\/strong><br \/>\n\u00abMolto. Celiachia, SIBO ed endometriosi sono patologie che influenzano profondamente l&#8217;alimentazione e causano dolore. \u00c8 stato difficile distinguere a quale delle tre fosse riconducibile un determinato dolore. Nei momenti acuti, dovevo ricorrere a farmaci antidolorifici. Le sintomatologie potevano essere simili, con fasi di infiammazione intensa che richiedevano l&#8217;assunzione di farmaci per poi tornare a una situazione pi\u00f9 gestibile\u00bb.<\/p>\n<p><strong>&#8211; Come si pu\u00f2 affrontare?<\/strong><br \/>\n\u00abUn aspetto fondamentale \u00e8 la <strong>consapevolezza del corpo<\/strong>. A venti o trent&#8217;anni, forse si ignorano alcuni segnali. Intorno ai quaranta, invece, si sviluppa una diversa consapevolezza corporea: si percepisce che un disturbo non \u00e8 banale, ma un vero e proprio &#8220;messaggio&#8221; che richiede attenzione. Questa condizione mi ha portato a un rapporto con il corpo molto pi\u00f9 chiaro, profondo e sincero. Per esempio, durante il follow-up non potevo assumere alcolici o caff\u00e8. Anche dopo un miglioramento, la mia dottoressa \u00e8 stata irremovibile. A volte, spiegare agli amici queste restrizioni pu\u00f2 essere complicato. Conosco ristoranti affidabili per celiaci e amo cucinare, quindi non \u00e8 un grosso problema. Essendo anche sportiva, tendo gi\u00e0 a evitare alimenti infiammatori per la SIBO, come lo zucchero\u00bb.<\/p>\n<p><strong>&#8211; Come ha vissuto il suo percorso sanitario?<\/strong><br \/>\n\u00abNel mio percorso multidisciplinare, sono stata fortunata a incontrare le persone giuste. Ho trovato un gruppo di giovani medici molto competenti che mi hanno seguita con attenzione. Dalla mia gastroenterologa, che mi ha dato precise indicazioni alimentari, sono passata alla dietista e ad altri specialisti per monitorare la mia composizione corporea a livello nutrizionale, dato che ho seguito diete specifiche come la no-fodmap per poi effettuare i test per la celiachia. Mi sono sempre sentita in mani esperte\u00bb.<\/p>\n","protected":false},"excerpt":{"rendered":"<p>Per le storie di salute e benessere, abbiamo incontrato a Genova l&#8217;attrice di teatro, cinema e televisione Alice Arcuri che [&hellip;]<\/p>\n","protected":false},"author":5,"featured_media":7914,"comment_status":"closed","ping_status":"closed","sticky":false,"template":"","format":"standard","meta":{"_acf_changed":false,"footnotes":""},"categories":[1155],"tags":[1162],"acf":[],"_links":{"self":[{"href":"https:\/\/www.montallegro.it\/magazine\/wp-json\/wp\/v2\/posts\/7911"}],"collection":[{"href":"https:\/\/www.montallegro.it\/magazine\/wp-json\/wp\/v2\/posts"}],"about":[{"href":"https:\/\/www.montallegro.it\/magazine\/wp-json\/wp\/v2\/types\/post"}],"author":[{"embeddable":true,"href":"https:\/\/www.montallegro.it\/magazine\/wp-json\/wp\/v2\/users\/5"}],"replies":[{"embeddable":true,"href":"https:\/\/www.montallegro.it\/magazine\/wp-json\/wp\/v2\/comments?post=7911"}],"version-history":[{"count":1,"href":"https:\/\/www.montallegro.it\/magazine\/wp-json\/wp\/v2\/posts\/7911\/revisions"}],"predecessor-version":[{"id":7912,"href":"https:\/\/www.montallegro.it\/magazine\/wp-json\/wp\/v2\/posts\/7911\/revisions\/7912"}],"wp:featuredmedia":[{"embeddable":true,"href":"https:\/\/www.montallegro.it\/magazine\/wp-json\/wp\/v2\/media\/7914"}],"wp:attachment":[{"href":"https:\/\/www.montallegro.it\/magazine\/wp-json\/wp\/v2\/media?parent=7911"}],"wp:term":[{"taxonomy":"category","embeddable":true,"href":"https:\/\/www.montallegro.it\/magazine\/wp-json\/wp\/v2\/categories?post=7911"},{"taxonomy":"post_tag","embeddable":true,"href":"https:\/\/www.montallegro.it\/magazine\/wp-json\/wp\/v2\/tags?post=7911"}],"curies":[{"name":"wp","href":"https:\/\/api.w.org\/{rel}","templated":true}]}}