


{"id":7907,"date":"2025-05-13T17:18:54","date_gmt":"2025-05-13T15:18:54","guid":{"rendered":"https:\/\/www.montallegro.it\/magazine\/?p=7907"},"modified":"2025-05-13T17:20:56","modified_gmt":"2025-05-13T15:20:56","slug":"26-gala-delle-stelle-montallegro-premia-la-sportiva-big-dellanno","status":"publish","type":"post","link":"https:\/\/www.montallegro.it\/magazine\/26-gala-delle-stelle-montallegro-premia-la-sportiva-big-dellanno\/","title":{"rendered":"26\u00b0 Gal\u00e0 delle Stelle: Montallegro premia la sportiva Big dell&#8217;anno"},"content":{"rendered":"<p>Ritorna l&#8217;appuntamento con il <a href=\"https:\/\/www.stellenellosport.com\/\" target=\"_blank\" rel=\"noopener\"><strong>Gal\u00e0 delle Stelle<\/strong><\/a>, la Notte degli Oscar dello sport ligure che celebra campioni e talenti nell&#8217;anno in cui la Liguria \u00e8 Regione Europea dello Sport. L&#8217;appuntamento \u00e8 fissato per <strong>gioved\u00ec 15 maggio<\/strong> prossimo alle ore 20.30 presso la Sala Grecale dei Magazzini del Cotone.<\/p>\n<p>Alla presenza delle autorit\u00e0 istituzionali e sportive e di<strong> Valentina Vezzali<\/strong> &#8211; la sei volte campionessa olimpica di fioretto a cui sar\u00e0 dedicato un Oscar alla carriera &#8211; saranno premiate le eccellenze scelte dal pubblico ligure attraverso oltre 130.000 voti nell&#8217;ambito del referendum lanciato da Stelle nello Sport.<\/p>\n<p>Tra le Stelle nello Sport 2025, figura anche la vincitrice del <strong>Trofeo Montallegro<\/strong>, storicamente dedicato all\u2019incoronazione delle <strong>sportive Big dell\u2019anno<\/strong>. L\u2019ad di Montallegro, <strong>Francesco Berti Riboli<\/strong>, salir\u00e0 sul palco per premiare l&#8217;arciera <strong>Chiara Rebagliati<\/strong>, la sportiva savonese due volte olimpica, che \u2013 con i suoi 2491 voti \u2013 ha superato la quattrocentista <strong>Ilaria Accame<\/strong> (2015 voti) e la vogatrice <strong>Silvia Tripi<\/strong> (1859 voti). Rebagliati succede a nomi importanti del mondo sportivo ligure, tra cui le cinque precedenti vincitrici: Anita Corradino nel 2024, Marta Cantero nel 2023, Maggie Pescetto nel 2022, Serena Viviani nel 2021 e Viviana Bottaro nel 2020.<\/p>\n<p>Come da tradizione, Montallegro ha sostenuto la manifestazione, in una partnership iniziata nel 2008 e che vede la struttura in piena sintonia con il credo di Stelle nello Sport: promuovere lo sport e il movimento, soprattutto tra i pi\u00f9 giovani, come fattore essenziale per il benessere psicofisico, valorizzandone al contempo i valori pi\u00f9 genuini. Un sodalizio che si \u00e8 rafforzato nel 2014 con il percorso <strong>#pi\u00f9gustoperlavita<\/strong>, che ha lo scopo di proporre una serena prevenzione basata su attivit\u00e0 fisica e sane abitudini alimentari, ma che negli anni ha posto l\u2019attenzione anche sulle dipendenze \u2013 in particolare da cibo e alcol \u2013 e sull\u2019uso consapevole dei dispositivi elettronici.<\/p>\n<p>La manifestazione proseguir\u00e0 al Porto Antico, dove, per tre giorni, dal 23 al 25 maggio, sono attese decine di migliaia di appassionati, che potranno assistere e cimentarsi in oltre 130 discipline differenti.<\/p>\n","protected":false},"excerpt":{"rendered":"<p>Ritorna l&#8217;appuntamento con il Gal\u00e0 delle Stelle, la Notte degli Oscar dello sport ligure che celebra campioni e talenti nell&#8217;anno [&hellip;]<\/p>\n","protected":false},"author":5,"featured_media":7908,"comment_status":"closed","ping_status":"closed","sticky":false,"template":"","format":"standard","meta":{"_acf_changed":false,"footnotes":""},"categories":[200],"tags":[199],"acf":[],"_links":{"self":[{"href":"https:\/\/www.montallegro.it\/magazine\/wp-json\/wp\/v2\/posts\/7907"}],"collection":[{"href":"https:\/\/www.montallegro.it\/magazine\/wp-json\/wp\/v2\/posts"}],"about":[{"href":"https:\/\/www.montallegro.it\/magazine\/wp-json\/wp\/v2\/types\/post"}],"author":[{"embeddable":true,"href":"https:\/\/www.montallegro.it\/magazine\/wp-json\/wp\/v2\/users\/5"}],"replies":[{"embeddable":true,"href":"https:\/\/www.montallegro.it\/magazine\/wp-json\/wp\/v2\/comments?post=7907"}],"version-history":[{"count":2,"href":"https:\/\/www.montallegro.it\/magazine\/wp-json\/wp\/v2\/posts\/7907\/revisions"}],"predecessor-version":[{"id":7910,"href":"https:\/\/www.montallegro.it\/magazine\/wp-json\/wp\/v2\/posts\/7907\/revisions\/7910"}],"wp:featuredmedia":[{"embeddable":true,"href":"https:\/\/www.montallegro.it\/magazine\/wp-json\/wp\/v2\/media\/7908"}],"wp:attachment":[{"href":"https:\/\/www.montallegro.it\/magazine\/wp-json\/wp\/v2\/media?parent=7907"}],"wp:term":[{"taxonomy":"category","embeddable":true,"href":"https:\/\/www.montallegro.it\/magazine\/wp-json\/wp\/v2\/categories?post=7907"},{"taxonomy":"post_tag","embeddable":true,"href":"https:\/\/www.montallegro.it\/magazine\/wp-json\/wp\/v2\/tags?post=7907"}],"curies":[{"name":"wp","href":"https:\/\/api.w.org\/{rel}","templated":true}]}}