


{"id":7862,"date":"2025-04-15T08:24:04","date_gmt":"2025-04-15T06:24:04","guid":{"rendered":"https:\/\/www.montallegro.it\/magazine\/?p=7862"},"modified":"2025-04-16T19:00:51","modified_gmt":"2025-04-16T17:00:51","slug":"come-affrontare-le-allergie-di-primavera-intervista-allallergologa-paola-minale","status":"publish","type":"post","link":"https:\/\/www.montallegro.it\/magazine\/come-affrontare-le-allergie-di-primavera-intervista-allallergologa-paola-minale\/","title":{"rendered":"Come affrontare le allergie di primavera. Intervista all&#8217;allergologa Paola Minale"},"content":{"rendered":"<p>Con il risveglio della natura, per molti si ripresenta puntuale la criticit\u00e0 delle <strong>allergie stagionali<\/strong>. Starnuti, congestione nasale e prurito sono solo alcuni dei fastidi che possono compromettere la qualit\u00e0 della vita.<br \/>\n<a href=\"https:\/\/www.montallegro.it\/specialisti\/paola-minale\/\" target=\"_blank\" rel=\"noopener\"><strong>Paola Minale<\/strong><\/a>, allergologa di riconosciuta esperienza e gi\u00e0 Direttore dell\u2019Unit\u00e0 di Allergologia presso l&#8217;IRCCS Ospedale Policlinico San Martino di Genova &#8211; con la sua autorevolezza e competenza &#8211; ci guida attraverso le strategie di prevenzione pi\u00f9 efficaci e i moderni approcci diagnostici per le allergie, anche alimentari. L&#8217;abbiamo incontrata in<strong> Montallegro<\/strong>, struttura che ha scelto per la propria attivit\u00e0 di libera professione.<\/p>\n<p><strong>&#8211; Dottoressa Minale, la primavera per molti \u00e8 sinonimo di allergie. Come possiamo prepararci al meglio?<\/strong><br \/>\n\u00abLa primavera rappresenta una sfida per i soggetti allergici. La prevenzione pi\u00f9 efficace consiste nell&#8217;iniziare la terapia nel momento opportuno, ma non \u00e8 sempre facile cogliere il timing corretto. Le giornate soleggiate primaverili, magari anche ventose, sono il segnale per intraprendere con decisione la terapia antistaminica, lo spray nasale e, se necessario, lo spray bronchiale. Solo cos\u00ec \u00e8 possibile tenere sotto controllo l&#8217;allergia durante la sua fase pi\u00f9 critica\u00bb.<\/p>\n<p><strong>&#8211; Chi sospetta di essere allergico, cosa deve fare?<\/strong><br \/>\n\u00abIl primo passo fondamentale \u00e8 accertare la causa dell&#8217;allergia. L&#8217;allergologia moderna \u00e8 una medicina di precisione: l&#8217;obiettivo \u00e8 identificare l&#8217;allergene specifico, la sintomatologia associata, il periodo di manifestazione e le sue peculiarit\u00e0. Ogni paziente va inquadrato nel modo corretto, perch\u00e9 una diagnosi accurata evita diete inutili e permette una cura migliore, sia nella fase acuta sia in un&#8217;ottica preventiva\u00bb.<\/p>\n<p><strong>&#8211; Quali sono gli strumenti per identificare con precisione a cosa si \u00e8 allergici?<\/strong><br \/>\n\u00abDisponiamo di un ampio ventaglio di esami. Il <strong>prick test cutaneo<\/strong> \u00e8 un test immediato e affidabile, perfezionato nel tempo, che permette all&#8217;allergologo di identificare rapidamente gli allergeni. In alternativa, soprattutto in periodi di terapia antistaminica in corso, possiamo ricorrere a <strong>esami del sangue<\/strong> che offrono la stessa precisione e sensibilit\u00e0 del test cutaneo. Anzi, per gli allergeni alimentari, il dosaggio sierico pu\u00f2 essere ancora pi\u00f9 specifico, permettendo di individuare l&#8217;allergia alle singole proteine allergeniche\u00bb.<\/p>\n<p><strong>&#8211; Si dice che gli antistaminici causino sonnolenza. \u00c8 ancora cos\u00ec?<\/strong><br \/>\n\u00abFortunatamente, questa affermazione appartiene al passato. I vecchi antistaminici, derivando dagli anestetici, avevano un effetto sedativo significativo. Gli antistaminici attuali sono stati modificati per eliminare quasi completamente questo effetto collaterale. Inoltre, oggi abbiamo la possibilit\u00e0 di personalizzare il dosaggio e di associare l&#8217;antistaminico a spray nasali molto efficaci, spesso combinazioni di antistaminico e cortisonico a basso dosaggio per un controllo ottimale dei sintomi. Anche per quanto riguarda gli spray bronchiali, \u00e8 importante superare la fobia del cortisone: i farmaci antiasmatici moderni hanno un assorbimento minimo e offrono una protezione notevole\u00bb.<\/p>\n<p><strong>&#8211; Le intolleranze alimentari sono un tema molto attuale. Come si pu\u00f2 distinguere un&#8217;intolleranza da un&#8217;allergia?<\/strong><br \/>\n\u00abLa differenza tra allergia e intolleranza \u00e8 sostanziale. Nell&#8217;allergia \u00e8 coinvolto il sistema immunitario, con reazioni specifiche e potenzialmente pi\u00f9 gravi. L&#8217;intolleranza, invece, raggruppa diverse condizioni. Per esempio, l&#8217;intolleranza al lattosio, diagnosticabile con il breath test o con una dieta a esclusione, \u00e8 diversa dall&#8217;allergia alle proteine del latte, che impone di non assumere le proteine del latte. Cos\u00ec come la celiachia o la sensibilit\u00e0 al glutine hanno meccanismi autoimmunitari distinti. Per le intolleranze \u00e8 fondamentale un approccio di squadra che coinvolga l&#8217;allergologo, il gastroenterologo, il dietologo per individuare con precisione il problema e affrontarlo con terapie o modifiche dietetiche mirate. I test generici per le intolleranze spesso non forniscono un quadro preciso e portano a diete generiche, con scarsi risultati. \u00c8 cruciale affidarsi a un percorso diagnostico mirato\u00bb.<\/p>\n<p><strong>&#8211; Se una persona sospetta un&#8217;intolleranza, da quale specialista dovrebbe iniziare il percorso?<\/strong><br \/>\n\u00abIl percorso pu\u00f2 iniziare dalle diverse figure specialistiche gi\u00e0 citate: l&#8217;allergologo, il gastroenterologo o il dietologo. L&#8217;aspetto cruciale \u00e8 che, successivamente, vengano eseguiti accertamenti specifici in base al sospetto clinico. \u00c8 fondamentale ascoltare attentamente la storia del paziente, che spesso fornisce indicazioni preziose, e procedere con esami mirati per quel tipo di patologia. L&#8217;approccio terapeutico, farmacologico o dietetico, deve essere altrettanto specifico. Questo garantisce un maggiore controllo dei sintomi e una maggiore soddisfazione sia per il paziente sia per il medico\u00bb.<\/p>\n<p><strong>&#8211; Lei collabora da anni con Montallegro. Cosa rappresenta per lei questa struttura?<\/strong><br \/>\n\u00abLavorare a Montallegro \u00e8 per me molto positivo perch\u00e9 favorisce un vero lavoro di squadra. Ho la possibilit\u00e0 di confrontarmi con numerosi colleghi e di indirizzare loro i pazienti quando necessario. Inoltre, la struttura offre esami specifici per le allergie che non sempre sono disponibili altrove. Per me, Montallegro \u00e8 un punto di riferimento professionale molto importante\u00bb.<\/p>\n<p>Tra i <strong>test allergologici<\/strong> di recente introduzione in Montallegro, spicca il test <strong>ALEX2 (Allergy Explorer)<\/strong>, una metodica avanzata &#8211; \u00a0sviluppata da Macro Array Diagnostics &#8211; che consente di analizzare <strong>oltre 280 allergeni con un solo prelievo<\/strong>.<\/p>\n","protected":false},"excerpt":{"rendered":"<p>Con il risveglio della natura, per molti si ripresenta puntuale la criticit\u00e0 delle allergie stagionali. Starnuti, congestione nasale e prurito [&hellip;]<\/p>\n","protected":false},"author":5,"featured_media":7864,"comment_status":"open","ping_status":"open","sticky":false,"template":"","format":"standard","meta":{"_acf_changed":false,"footnotes":""},"categories":[141],"tags":[750,749],"acf":[],"_links":{"self":[{"href":"https:\/\/www.montallegro.it\/magazine\/wp-json\/wp\/v2\/posts\/7862"}],"collection":[{"href":"https:\/\/www.montallegro.it\/magazine\/wp-json\/wp\/v2\/posts"}],"about":[{"href":"https:\/\/www.montallegro.it\/magazine\/wp-json\/wp\/v2\/types\/post"}],"author":[{"embeddable":true,"href":"https:\/\/www.montallegro.it\/magazine\/wp-json\/wp\/v2\/users\/5"}],"replies":[{"embeddable":true,"href":"https:\/\/www.montallegro.it\/magazine\/wp-json\/wp\/v2\/comments?post=7862"}],"version-history":[{"count":1,"href":"https:\/\/www.montallegro.it\/magazine\/wp-json\/wp\/v2\/posts\/7862\/revisions"}],"predecessor-version":[{"id":7863,"href":"https:\/\/www.montallegro.it\/magazine\/wp-json\/wp\/v2\/posts\/7862\/revisions\/7863"}],"wp:featuredmedia":[{"embeddable":true,"href":"https:\/\/www.montallegro.it\/magazine\/wp-json\/wp\/v2\/media\/7864"}],"wp:attachment":[{"href":"https:\/\/www.montallegro.it\/magazine\/wp-json\/wp\/v2\/media?parent=7862"}],"wp:term":[{"taxonomy":"category","embeddable":true,"href":"https:\/\/www.montallegro.it\/magazine\/wp-json\/wp\/v2\/categories?post=7862"},{"taxonomy":"post_tag","embeddable":true,"href":"https:\/\/www.montallegro.it\/magazine\/wp-json\/wp\/v2\/tags?post=7862"}],"curies":[{"name":"wp","href":"https:\/\/api.w.org\/{rel}","templated":true}]}}