


{"id":7858,"date":"2025-04-14T09:12:13","date_gmt":"2025-04-14T07:12:13","guid":{"rendered":"https:\/\/www.montallegro.it\/magazine\/?p=7858"},"modified":"2025-04-14T09:12:13","modified_gmt":"2025-04-14T07:12:13","slug":"day-hospital-in-montallegro-unesperienza-nel-segno-dellefficienza","status":"publish","type":"post","link":"https:\/\/www.montallegro.it\/magazine\/day-hospital-in-montallegro-unesperienza-nel-segno-dellefficienza\/","title":{"rendered":"Day hospital in Montallegro: un&#8217;esperienza nel segno dell&#8217;efficienza"},"content":{"rendered":"<p>Un improvviso malessere al risveglio al sabato mattina ha portato <strong>Lorenzo Cuocolo<\/strong>, professore ordinario di Diritto pubblico comparato, avvocato cassazionista e presidente di Fondazione Carige, a rivolgersi a Montallegro per un controllo. Quella che si \u00e8 rivelata una risolutiva giornata in regime di day hospital, senza alcun esito patologico significativo, \u00e8 stata l&#8217;occasione per sperimentare un <strong>percorso multidisciplinare<\/strong> finalizzato alla verifica del suo stato di salute generale. In questa intervista, il professor Cuocolo condivide la sua esperienza.<\/p>\n<p><strong>&#8211; Professor Cuocolo, ci pu\u00f2 raccontare la sua esperienza di day hospital?<\/strong><br \/>\n\u00abUn sabato mattina ho avvertito un malessere improvviso e ho deciso di recarmi in Montallegro per un controllo. Sono stato instradato lungo un attento percorso di verifica, che poi ha rivelato una situazione clinica di poco rilievo, ma che \u00e8 stata indagata nel minimo dettaglio, a cominciare dalle <strong>analisi del sangue<\/strong>, per poi passare a un&#8217;<strong>ecografia<\/strong> e a una<strong> visita otorinolaringoiatrica<\/strong>: il tutto in tempistiche molto rapide e con professionisti di altissimo profilo, dai medici, al personale infermieristico, fino a quello di accoglienza e amministrazione\u00bb.<\/p>\n<p><strong>&#8211; Quale valutazione pu\u00f2 dare alla sua esperienza?<\/strong><br \/>\n\u00abLa mia valutazione \u00e8 ottima. Al di l\u00e0 di ogni forma di &#8220;coccola&#8221;, che in momenti di malessere non \u00e8 la priorit\u00e0, ma aiuta, ho percepito un&#8217;organizzazione orientata alla massima efficienza. Tempi di attesa ridotti al minimo, strumentazioni all&#8217;avanguardia e un elevato livello di igiene sono stati elementi distintivi. L&#8217;attenzione e la professionalit\u00e0 sia del personale medico sia di quello infermieristico e amministrativo sono state esemplari\u00bb.<\/p>\n<p><strong>&#8211; Avendo sperimentato un percorso che ha coinvolto diverse specialit\u00e0 in tempi brevi, qual \u00e8 stata la sua percezione dell&#8217;interdisciplinarit\u00e0 che Montallegro promuove?<\/strong><br \/>\n\u00abAssolutamente positiva. Il mio caso, seppur avvenuto di sabato, ha dimostrato come la struttura riesca a coinvolgere rapidamente tutti gli specialisti necessari. Ho notato una comunicazione fluida ed efficace tra i professionisti. Non appena terminavo una visita, lo specialista successivo era gi\u00e0 stato informato del mio quadro clinico e degli esami effettuati, consentendo un percorso diagnostico e valutativo estremamente celere\u00bb.<\/p>\n<p><strong>&#8211; Qual \u00e8 il suo giudizio complessivo su Montallegro?<\/strong><br \/>\n\u00abRitengo che Montallegro rappresenti un&#8217;eccellenza e quasi un unicum nel panorama sanitario regionale, con una rilevanza che si estende a livello nazionale. \u00c8 una realt\u00e0 privata in forte crescita, sia per quanto riguarda la diagnostica sia per gli interventi chirurgici. Pur essendo una struttura con una storia, continua a evolversi e a rappresentare un pilastro per il futuro della sanit\u00e0 ligure\u00bb.<\/p>\n<p><strong>&#8211; Da osservatore attento, quali consigli si sente di dare a Montallegro?<\/strong><br \/>\n\u00abSinceramente, credo che la direzione intrapresa sia quella giusta e che il servizio offerto sia di alto livello. In un contesto in cui la sanit\u00e0 pubblica, pur essendo un vanto del nostro Paese, affronta delle criticit\u00e0 legate ai tempi di attesa, strutture come Montallegro offrono risposte rapide, efficaci e professionali, che sono ci\u00f2 che un paziente ricerca quando non sta bene. Continuare su questa strada credo sia il miglior consiglio\u00bb.<\/p>\n","protected":false},"excerpt":{"rendered":"<p>Un improvviso malessere al risveglio al sabato mattina ha portato Lorenzo Cuocolo, professore ordinario di Diritto pubblico comparato, avvocato cassazionista [&hellip;]<\/p>\n","protected":false},"author":5,"featured_media":7859,"comment_status":"open","ping_status":"open","sticky":false,"template":"","format":"standard","meta":{"_acf_changed":false,"footnotes":""},"categories":[1155],"tags":[1159,36],"acf":[],"_links":{"self":[{"href":"https:\/\/www.montallegro.it\/magazine\/wp-json\/wp\/v2\/posts\/7858"}],"collection":[{"href":"https:\/\/www.montallegro.it\/magazine\/wp-json\/wp\/v2\/posts"}],"about":[{"href":"https:\/\/www.montallegro.it\/magazine\/wp-json\/wp\/v2\/types\/post"}],"author":[{"embeddable":true,"href":"https:\/\/www.montallegro.it\/magazine\/wp-json\/wp\/v2\/users\/5"}],"replies":[{"embeddable":true,"href":"https:\/\/www.montallegro.it\/magazine\/wp-json\/wp\/v2\/comments?post=7858"}],"version-history":[{"count":1,"href":"https:\/\/www.montallegro.it\/magazine\/wp-json\/wp\/v2\/posts\/7858\/revisions"}],"predecessor-version":[{"id":7860,"href":"https:\/\/www.montallegro.it\/magazine\/wp-json\/wp\/v2\/posts\/7858\/revisions\/7860"}],"wp:featuredmedia":[{"embeddable":true,"href":"https:\/\/www.montallegro.it\/magazine\/wp-json\/wp\/v2\/media\/7859"}],"wp:attachment":[{"href":"https:\/\/www.montallegro.it\/magazine\/wp-json\/wp\/v2\/media?parent=7858"}],"wp:term":[{"taxonomy":"category","embeddable":true,"href":"https:\/\/www.montallegro.it\/magazine\/wp-json\/wp\/v2\/categories?post=7858"},{"taxonomy":"post_tag","embeddable":true,"href":"https:\/\/www.montallegro.it\/magazine\/wp-json\/wp\/v2\/tags?post=7858"}],"curies":[{"name":"wp","href":"https:\/\/api.w.org\/{rel}","templated":true}]}}