


{"id":7820,"date":"2025-03-25T21:25:41","date_gmt":"2025-03-25T20:25:41","guid":{"rendered":"https:\/\/www.montallegro.it\/magazine\/?p=7820"},"modified":"2025-03-25T21:25:41","modified_gmt":"2025-03-25T20:25:41","slug":"una-palestra-per-la-professione-lesperienza-di-luca-pandolfo-come-medico-di-guardia-in-montallegro","status":"publish","type":"post","link":"https:\/\/www.montallegro.it\/magazine\/una-palestra-per-la-professione-lesperienza-di-luca-pandolfo-come-medico-di-guardia-in-montallegro\/","title":{"rendered":"\u201cUna palestra per la professione\u201d. L&#8217;esperienza di Luca Pandolfo come Medico di guardia in Montallegro"},"content":{"rendered":"<p><a href=\"https:\/\/www.montallegro.it\/specialisti\/luca-pandolfo\/\" target=\"_blank\" rel=\"noopener\"><strong>Luca Pandolfo<\/strong><\/a>, Direttore della S.C. di Ortopedia e Traumatologia presso l\u2019Asl3 Genovese e specialista in Ortopedia e Traumatologia, ricorda con chiarezza gli anni 2003-2004, un periodo significativo del suo percorso professionale trascorso come <strong>Medico di guardia in Montallegro<\/strong>. \u00ab\u00c8 stato sostanzialmente l&#8217;inizio della mia carriera, subito dopo la specializzazione universitaria\u00bb racconta Pandolfo. \u00abHo iniziato a coprire i turni di guardia medica in Montallegro e questa esperienza \u00e8 durata fino a met\u00e0 luglio del 2004, quando poi sono stato assunto presso l&#8217;ASL di La Spezia come medico ortopedico. A quel punto, naturalmente, non \u00e8 stato pi\u00f9 possibile conciliare i due incarichi, anche per la distanza tra le citt\u00e0\u00bb.<\/p>\n<p>Pandolfo sottolinea come l&#8217;esperienza in Montallegro gli abbia permesso di affrontare criticit\u00e0 mediche e chirurgiche, non solo ortopediche, grazie anche al supporto dei medici di riferimento e degli anestesisti.<br \/>\n\u00ab\u00c8 stata un&#8217;esperienza molto utile, in quanto mi ha consentito di crescere professionalmente. Ho imparato a gestire urgenze mediche e chirurgiche, andando oltre la mia specializzazione ortopedica. Penso banalmente alla gestione di un&#8217;iperglicemia o di una crisi ipertensiva. Dal punto di vista professionale, \u00e8 stato fondamentale per capire c<strong>ome agire nei momenti critici<\/strong>\u00bb.<\/p>\n<p>A facilitare il compito, aiutava la stretta collaborazione con i medici di riferimento della struttura. Un fattore ancora oggi centrale in Montallegro. \u00abPer un giovane dottore, essere supportato da professionisti con pi\u00f9 esperienza permette di lavorare con maggiore sicurezza e rappresenta un&#8217;ottima palestra. Ricordo inoltre che gi\u00e0 allora c&#8217;era un efficiente servizio di anestesisti sempre estremamente disponibili. Voglio sottolineare questo: la gestione di Montallegro da parte di Francesco Berti Riboli ha sempre pensato non solo alla disponibilit\u00e0 delle camere e delle sale operatorie, ma anche a una gestione che garantisse la <strong>continuit\u00e0 assistenziale ai pazienti ricoverati<\/strong>. \u00c8 una scelta oculata, che fa la differenza\u00bb.<\/p>\n<p>Quali sono le doti necessarie a un buon Medico di guardia? Pandolfo non ha dubbi. \u00abAl di l\u00e0 delle conoscenze teoriche, bisogna avere una<strong> visione pratica della medicina<\/strong>. Ai miei tempi, durante il percorso di studi, l&#8217;attivit\u00e0 di reparto era piuttosto limitata, e quel che mancava era proprio il passaggio dalla teoria alla pratica clinica. Pensiamo, per esempio, a un paziente operato per una frattura del femore: bisogna saper controllare il rischio di infezione, monitorare l&#8217;emocromo, valutare il drenaggio. In Montallegro, la presenza di molte specialit\u00e0 sia mediche sia chirurgiche mi ha consentito di crescere e fare esperienza\u00bb.<\/p>\n<p>Come testimoniano anche le esperienze del professor <a href=\"https:\/\/www.montallegro.it\/magazine\/lumanita-e-la-competenza-la-lezione-del-professor-mattioli\/\" target=\"_blank\" rel=\"noopener\"><strong>Girolamo Mattioli<\/strong><\/a> e del professor <a href=\"https:\/\/www.montallegro.it\/magazine\/storie-di-medici-di-guardia-in-montallegro-giancarlo-torre\/\" target=\"_blank\" rel=\"noopener\"><strong>Giancarlo Torre<\/strong><\/a>, anch&#8217;essi Medici di guardia in Montallegro in periodi diversi, questo ruolo ha rappresentato e continua a rappresentare una tappa fondamentale nella formazione di molti professionisti del settore medico, offrendo l&#8217;opportunit\u00e0 di confrontarsi con una vasta gamma di casistiche e di sviluppare competenze essenziali per la pratica clinica.<\/p>\n","protected":false},"excerpt":{"rendered":"<p>Luca Pandolfo, Direttore della S.C. di Ortopedia e Traumatologia presso l\u2019Asl3 Genovese e specialista in Ortopedia e Traumatologia, ricorda con [&hellip;]<\/p>\n","protected":false},"author":5,"featured_media":7821,"comment_status":"open","ping_status":"open","sticky":false,"template":"","format":"standard","meta":{"_acf_changed":false,"footnotes":""},"categories":[3],"tags":[36],"acf":[],"_links":{"self":[{"href":"https:\/\/www.montallegro.it\/magazine\/wp-json\/wp\/v2\/posts\/7820"}],"collection":[{"href":"https:\/\/www.montallegro.it\/magazine\/wp-json\/wp\/v2\/posts"}],"about":[{"href":"https:\/\/www.montallegro.it\/magazine\/wp-json\/wp\/v2\/types\/post"}],"author":[{"embeddable":true,"href":"https:\/\/www.montallegro.it\/magazine\/wp-json\/wp\/v2\/users\/5"}],"replies":[{"embeddable":true,"href":"https:\/\/www.montallegro.it\/magazine\/wp-json\/wp\/v2\/comments?post=7820"}],"version-history":[{"count":2,"href":"https:\/\/www.montallegro.it\/magazine\/wp-json\/wp\/v2\/posts\/7820\/revisions"}],"predecessor-version":[{"id":7823,"href":"https:\/\/www.montallegro.it\/magazine\/wp-json\/wp\/v2\/posts\/7820\/revisions\/7823"}],"wp:featuredmedia":[{"embeddable":true,"href":"https:\/\/www.montallegro.it\/magazine\/wp-json\/wp\/v2\/media\/7821"}],"wp:attachment":[{"href":"https:\/\/www.montallegro.it\/magazine\/wp-json\/wp\/v2\/media?parent=7820"}],"wp:term":[{"taxonomy":"category","embeddable":true,"href":"https:\/\/www.montallegro.it\/magazine\/wp-json\/wp\/v2\/categories?post=7820"},{"taxonomy":"post_tag","embeddable":true,"href":"https:\/\/www.montallegro.it\/magazine\/wp-json\/wp\/v2\/tags?post=7820"}],"curies":[{"name":"wp","href":"https:\/\/api.w.org\/{rel}","templated":true}]}}