


{"id":7786,"date":"2025-03-07T10:09:12","date_gmt":"2025-03-07T09:09:12","guid":{"rendered":"https:\/\/www.montallegro.it\/magazine\/?p=7786"},"modified":"2025-03-07T10:09:12","modified_gmt":"2025-03-07T09:09:12","slug":"non-e-stato-un-colpo-di-fortuna-ma-un-atto-di-prevenzione-la-testimonianza-di-enrico-franchini","status":"publish","type":"post","link":"https:\/\/www.montallegro.it\/magazine\/non-e-stato-un-colpo-di-fortuna-ma-un-atto-di-prevenzione-la-testimonianza-di-enrico-franchini\/","title":{"rendered":"\u00abNon \u00e8 stato un colpo di fortuna, ma un atto di prevenzione\u00bb. La testimonianza di Enrico Franchini"},"content":{"rendered":"<p>Una colonscopia eseguita di routine, su un paziente totalmente asintomatico, ha permesso di individuare un carcinoma allo stato iniziale che, se trascurato, avrebbe potuto avere conseguenze drammatiche. \u00c8 la storia di molti pazienti che hanno scelto di seguire un percorso di prevenzione per prendersi cura della propria salute. \u00c8 la storia anche di <strong>Enrico \u201cChicco\u201d Franchini<\/strong>, manager genovese, che ci racconta la sua esperienza. Ancor pi\u00f9 significativa se inquadrata nel calendario, poich\u00e9 marzo \u00e8 il mese dedicato alla <strong>prevenzione del tumore del colon-retto<\/strong>.<\/p>\n<p>\u00abTutto \u00e8 nato quasi per gioco, perch\u00e9 ho fatto una scommessa con degli amici e ho aggiunto alla mia lista di check-up annuali una <strong>colonscopia<\/strong>, non prevista all&#8217;inizio. Mi sono trovato a fare un esame mai svolto in precedenza. Ho eseguito la preparazione come mi era stato prescritto e, al risveglio dall&#8217;anestesia, il dottore ha voluto vedermi. Da l\u00ec \u00e8 iniziato un viaggio totalmente inaspettato: da quello che doveva essere un check-up di routine, mi \u00e8 stato diagnosticato un <strong>carcinoma al colon<\/strong>. Nel giro di sette giorni, dalla vita normale mi sono trovato in sala operatoria per un&#8217;operazione seria, poich\u00e9 le dimensioni del carcinoma erano molto grandi e rilevanti\u00bb.<\/p>\n<p><strong>&#8211; Se non avesse fatto quella scommessa con gli amici, cosa sarebbe potuto succedere?<\/strong><br \/>\n\u00abMi \u00e8 stato detto che, se avessi aspettato sei mesi, avrei potuto essere nel regno dei pi\u00f9. La fortuna, o il buon Dio, mi ha consentito di agire velocemente e di prendere la cosa in tempo\u00bb.<\/p>\n<p><strong>&#8211; Si \u00e8 reso conto di quanto la prevenzione abbia permesso di salvarle la vita?<\/strong><br \/>\n\u00abCerto. Ho sempre fatto prevenzione per tutto ci\u00f2 che ritenevo giusto prevenire, ma non per qualcosa che \u00e8 tabulato dai protocolli medici e che non avevo minimamente considerato, perch\u00e9 non avevo alcun sintomo. Invece, il segreto della prevenzione \u00e8 proprio fare analisi quando tutto va bene, non quando si hanno gi\u00e0 sintomi. Questo \u00e8 il punto\u00bb.<\/p>\n<p><strong>&#8211; Quale dei valori di Montallegro ha risuonato per lei e ha determinato la scelta della struttura?<\/strong><br \/>\n\u00abOgni volta che ho avuto a che fare con Montallegro, sono sempre riuscito a stabilire un rapporto personale con il personale sanitario. Quando mi trovo in una situazione critica, la prima cosa che mi chiedo \u00e8: &#8220;Dove sto bene quando sto male?&#8221;. La risposta \u00e8 il mio letto. Montallegro rappresenta quel mio letto esterno, mi offre quella tranquillit\u00e0 necessaria quando sono in una situazione di disagio di salute\u00bb.<\/p>\n<p><strong>&#8211; Quali aspetti del servizio l&#8217;hanno pi\u00f9 colpita?<\/strong><br \/>\n\u00abLa degenza \u00e8 stata straordinaria. Una notte ho avuto un brutto episodio di svenimento e mi sono trovato assistito in tutto e per tutto. La risposta professionale a un evento che esulava dai normali protocolli di una degenza \u00e8 stata immediata, professionale e rassicurante, anche dal punto di vista psicologico. Ero svenuto a terra e avevo preso un colpo alla testa. L&#8217;intervento \u00e8 stato sulla persona, non solo sull&#8217;aspetto medico\u00bb.<\/p>\n<p><strong>-C&#8217;\u00e8 un aspetto particolare dell&#8217;umanizzazione della cura che l&#8217;ha particolarmente colpita?<br \/>\n<\/strong>\u00abHo sentito quasi una coccola. Conoscendo molti del personale di Montallegro, a partire da Francesco Berti Riboli, a cui mi lega un&#8217;amicizia profonda, avevo sempre qualcuno che passava a trovarmi e sono riuscito a vivere l&#8217;esperienza serenamente. Ma la stessa cosa l&#8217;ho vista nel mio vicino di stanza\u00bb.<\/p>\n<p><strong>&#8211; Ha un suggerimento per migliorare la gestione complessiva del paziente?<\/strong><br \/>\n\u00abMigliorerei la procedura di check-in. \u00c8 l&#8217;unico punto dove, a mio parere, si pu\u00f2 fare meglio. Ogni volta che entro a Montallegro e fornisco un documento, dovrei gi\u00e0 essere registrato. Non dovrebbe essere necessario ricompilare i moduli. \u00c8 un aspetto burocratico che stona con la perfezione dell&#8217;esperienza successiva\u00bb.<\/p>\n<p><strong>&#8211; Un&#8217;ultima domanda. Ha offerto una cena a quegli amici con cui aveva scommesso sulla colonscopia?<\/strong><br \/>\n\u00ab S\u00ec, se la meritavano!\u00bb<\/p>\n","protected":false},"excerpt":{"rendered":"<p>Una colonscopia eseguita di routine, su un paziente totalmente asintomatico, ha permesso di individuare un carcinoma allo stato iniziale che, [&hellip;]<\/p>\n","protected":false},"author":5,"featured_media":7788,"comment_status":"open","ping_status":"open","sticky":false,"template":"","format":"standard","meta":{"_acf_changed":false,"footnotes":""},"categories":[1155],"tags":[721],"acf":[],"_links":{"self":[{"href":"https:\/\/www.montallegro.it\/magazine\/wp-json\/wp\/v2\/posts\/7786"}],"collection":[{"href":"https:\/\/www.montallegro.it\/magazine\/wp-json\/wp\/v2\/posts"}],"about":[{"href":"https:\/\/www.montallegro.it\/magazine\/wp-json\/wp\/v2\/types\/post"}],"author":[{"embeddable":true,"href":"https:\/\/www.montallegro.it\/magazine\/wp-json\/wp\/v2\/users\/5"}],"replies":[{"embeddable":true,"href":"https:\/\/www.montallegro.it\/magazine\/wp-json\/wp\/v2\/comments?post=7786"}],"version-history":[{"count":1,"href":"https:\/\/www.montallegro.it\/magazine\/wp-json\/wp\/v2\/posts\/7786\/revisions"}],"predecessor-version":[{"id":7787,"href":"https:\/\/www.montallegro.it\/magazine\/wp-json\/wp\/v2\/posts\/7786\/revisions\/7787"}],"wp:featuredmedia":[{"embeddable":true,"href":"https:\/\/www.montallegro.it\/magazine\/wp-json\/wp\/v2\/media\/7788"}],"wp:attachment":[{"href":"https:\/\/www.montallegro.it\/magazine\/wp-json\/wp\/v2\/media?parent=7786"}],"wp:term":[{"taxonomy":"category","embeddable":true,"href":"https:\/\/www.montallegro.it\/magazine\/wp-json\/wp\/v2\/categories?post=7786"},{"taxonomy":"post_tag","embeddable":true,"href":"https:\/\/www.montallegro.it\/magazine\/wp-json\/wp\/v2\/tags?post=7786"}],"curies":[{"name":"wp","href":"https:\/\/api.w.org\/{rel}","templated":true}]}}