


{"id":7714,"date":"2025-01-30T10:26:13","date_gmt":"2025-01-30T09:26:13","guid":{"rendered":"https:\/\/www.montallegro.it\/magazine\/?p=7714"},"modified":"2025-01-30T11:42:01","modified_gmt":"2025-01-30T10:42:01","slug":"storie-di-medici-di-guardia-in-montallegro-giancarlo-torre","status":"publish","type":"post","link":"https:\/\/www.montallegro.it\/magazine\/storie-di-medici-di-guardia-in-montallegro-giancarlo-torre\/","title":{"rendered":"Storie di Medici di guardia in Montallegro: la testimonianza di Giancarlo Torre"},"content":{"rendered":"<p><a href=\"https:\/\/www.montallegro.it\/specialisti\/giancarlo-torre\/\" target=\"_blank\" rel=\"noopener\"><strong>Giancarlo Torre<\/strong><\/a>, gi\u00e0 Professore ordinario e Preside della Facolt\u00e0 di Medicina e Chirurgia dell\u2019Universit\u00e0 di Genova, non \u00e8 solo un nome di spicco nel panorama medico ligure. \u00c8 un testimone diretto di un&#8217;epoca in cui la dedizione alla professione era vissuta con grande spirito di sacrificio. Grazie al racconto della sua esperienza come <strong>Medico di guardia in Montallegro<\/strong> (e non solo: ancor oggi visita in struttura, come libero Professionista, ogni marted\u00ec su appuntamento) ripercorriamo la storia di questo ruolo cruciale. Storie di uomini e donne, di notti insonni e di piccole grandi soddisfazioni, che meritano di essere ascoltate e tramandate.<\/p>\n<p>Torre ha iniziato a frequentare Montallegro come Medico di guardia oltre 50 anni fa, a cavallo tra gli anni &#8217;60 e &#8217;70. \u00abSpesso il mio turno era nei fine settimana, e poi il luned\u00ec mattina mi aspettava l&#8217;ospedale. Se per caso avevo passato due notti in piedi, pazienza, il gioco era quello\u00bb racconta. Una testimonianza di abnegazione figlia di un&#8217;epoca in cui la professione medica era vissuta come una missione. Ma al di l\u00e0 della fatica e dei turni massacranti, l&#8217;esperienza di guardia medica rappresentava per i giovani Medici un&#8217;occasione unica di formazione. \u00abAssolutamente s\u00ec &#8211; conferma Torre &#8211; era una <strong>formazione sul campo che completava la fase universitaria<\/strong>. Un&#8217;opportunit\u00e0 per mettere in pratica le nozioni apprese sui libri e per confrontarsi con la realt\u00e0 della corsia, con le sue emergenze e le sue complessit\u00e0\u00bb.<\/p>\n<p>A Montallegro, poi, il Medico di guardia non si limitava a gestire le urgenze, ma svolgeva anche mansioni oggi di competenza infermieristica. \u00abAll&#8217;epoca l&#8217;infermiere non faceva le iniezioni, non metteva su una flebo o gesti simili: facevamo tutto noi\u00bb ricorda Torre. Procedure che permettevano di acquisire una manualit\u00e0 e una dimestichezza con il Paziente che si sarebbero rivelate preziose negli anni a venire.<\/p>\n<h3>Il Capodanno in corsia<\/h3>\n<p>Tra i tanti ricordi di quegli anni da Medico di guardia, Torre ne conserva uno particolarmente vivido. \u00abRicordo un <strong>Capodanno da Medico di guardia<\/strong>. Ero andato a riposare prima della mezzanotte, ma un&#8217;infermiera allo scoccare del nuovo anno \u00e8 venuta a svegliarmi e c&#8217;eravamo lei, una paziente terminale, con un cancro avanzato e io: e abbiamo brindato noi tre\u00bb.<\/p>\n<p>Un episodio che, nella sua semplicit\u00e0, racchiude l&#8217;essenza della professione medica: la <strong>vicinanza al Paziente, anche nei momenti pi\u00f9 difficili, la cura della relazione anche nella sofferenza<\/strong>. Un brindisi silenzioso, tra tre persone unite dal destino, in una notte di festa trasformata in un momento di condivisione.<\/p>\n<p><strong>Articoli correlati<\/strong><br \/>\n\u2022 <a href=\"https:\/\/www.montallegro.it\/magazine\/storie-di-medici-di-guardia-in-montallegro-luca-spigno\" target=\"_blank\" rel=\"noopener\">La notte e la cura: storie di Medici di guardia in Montallegro. L\u2019esperienza di Luca Spigno<\/a><br \/>\n\u2022 <a href=\"https:\/\/www.montallegro.it\/magazine\/storie-di-medici-di-guardia-in-montallegro-giorgio-maietta-farnese\" target=\"_blank\" rel=\"noopener\">Giorgio Maietta Farnese: la guardia medica come trampolino di lancio per giovani medici<\/a><br \/>\n\u2022 <a href=\"https:\/\/www.montallegro.it\/magazine\/storie-di-medici-di-guardia-in-montallegro-carlo-valchi\" target=\"_blank\" rel=\"noopener\">Carlo Valchi: le nuove sfide della guardia medica<\/a><\/p>\n","protected":false},"excerpt":{"rendered":"<p>Giancarlo Torre, gi\u00e0 Professore ordinario e Preside della Facolt\u00e0 di Medicina e Chirurgia dell\u2019Universit\u00e0 di Genova, non \u00e8 solo un [&hellip;]<\/p>\n","protected":false},"author":5,"featured_media":7715,"comment_status":"open","ping_status":"open","sticky":false,"template":"","format":"standard","meta":{"_acf_changed":false,"footnotes":""},"categories":[3],"tags":[36],"acf":[],"_links":{"self":[{"href":"https:\/\/www.montallegro.it\/magazine\/wp-json\/wp\/v2\/posts\/7714"}],"collection":[{"href":"https:\/\/www.montallegro.it\/magazine\/wp-json\/wp\/v2\/posts"}],"about":[{"href":"https:\/\/www.montallegro.it\/magazine\/wp-json\/wp\/v2\/types\/post"}],"author":[{"embeddable":true,"href":"https:\/\/www.montallegro.it\/magazine\/wp-json\/wp\/v2\/users\/5"}],"replies":[{"embeddable":true,"href":"https:\/\/www.montallegro.it\/magazine\/wp-json\/wp\/v2\/comments?post=7714"}],"version-history":[{"count":4,"href":"https:\/\/www.montallegro.it\/magazine\/wp-json\/wp\/v2\/posts\/7714\/revisions"}],"predecessor-version":[{"id":7719,"href":"https:\/\/www.montallegro.it\/magazine\/wp-json\/wp\/v2\/posts\/7714\/revisions\/7719"}],"wp:featuredmedia":[{"embeddable":true,"href":"https:\/\/www.montallegro.it\/magazine\/wp-json\/wp\/v2\/media\/7715"}],"wp:attachment":[{"href":"https:\/\/www.montallegro.it\/magazine\/wp-json\/wp\/v2\/media?parent=7714"}],"wp:term":[{"taxonomy":"category","embeddable":true,"href":"https:\/\/www.montallegro.it\/magazine\/wp-json\/wp\/v2\/categories?post=7714"},{"taxonomy":"post_tag","embeddable":true,"href":"https:\/\/www.montallegro.it\/magazine\/wp-json\/wp\/v2\/tags?post=7714"}],"curies":[{"name":"wp","href":"https:\/\/api.w.org\/{rel}","templated":true}]}}