


{"id":7710,"date":"2025-01-29T10:16:52","date_gmt":"2025-01-29T09:16:52","guid":{"rendered":"https:\/\/www.montallegro.it\/magazine\/?p=7710"},"modified":"2025-01-29T10:20:35","modified_gmt":"2025-01-29T09:20:35","slug":"storie-di-medici-di-guardia-in-montallegro-carlo-valchi","status":"publish","type":"post","link":"https:\/\/www.montallegro.it\/magazine\/storie-di-medici-di-guardia-in-montallegro-carlo-valchi\/","title":{"rendered":"Carlo Valchi: le nuove sfide della guardia medica"},"content":{"rendered":"<p><a href=\"https:\/\/www.montallegro.it\/specialisti\/carlo-valchi\/\" target=\"_blank\" rel=\"noopener\"><strong>Carlo Valchi<\/strong><\/a> rappresenta il presente della guardia medica a Montallegro. Dal 2020, anno del suo ingresso come vice Direttore sanitario, si occupa di coordinare un gruppo di &#8220;dieci colleghi&#8221;, alle prese con le sfide di un mondo sanitario in rapida evoluzione.<\/p>\n<p>Valchi ha iniziato la sua esperienza in Montallegro in pieno <strong>Covid<\/strong>, un periodo che ha messo a dura prova tutto il sistema sanitario. E proprio in quei mesi drammatici, la guardia medica ha dimostrato tutta la sua importanza: \u00abRicordo la disponibilit\u00e0 di molti colleghi del gruppo dei Medici di guardia anche in situazioni particolarmente drammatiche, che hanno forse sopperito, anche con l&#8217;aspetto umano, alla loro giovane et\u00e0 anagrafica e professionale\u00bb.<\/p>\n<p>La principale sfida, oggi, \u00e8 <strong>gestire il turnover dei medici di guardia, mantenendo inalterato l&#8217;alto livello di competenza e assistenza<\/strong>. \u00ab\u00c8 una criticit\u00e0 comune a molte strutture sanitarie, legata alla crescente mobilit\u00e0 dei giovani Medici e alla ricerca di un migliore equilibrio tra vita privata e lavoro. Devo dire per\u00f2 che il gruppo \u00e8 giovane, affiatato e di livello\u00bb.<\/p>\n<h3>Empatia e umanit\u00e0: il filo rosso della cura<\/h3>\n<p>Al di l\u00e0 dei cambiamenti organizzativi e generazionali, emerge con chiarezza come l&#8217;empatia e l&#8217;attenzione al Paziente siano sempre state al centro della missione del Medico di guardia in Montallegro. Lo confermano le parole di <strong>Spigno<\/strong>, quando sottolinea l&#8217;importanza di &#8220;<a href=\"https:\/\/www.montallegro.it\/magazine\/storie-di-medici-di-guardia-in-montallegro-luca-spigno\/\" target=\"_blank\" rel=\"noopener\">trasmettere sicurezza e trasmettere il senso di conforto al paziente<\/a>&#8220;. Lo ribadisce <strong>Maietta Farnese<\/strong>, parlando di &#8220;<a href=\"https:\/\/www.montallegro.it\/magazine\/storie-di-medici-di-guardia-in-montallegro-giorgio-maietta-farnese\/\" target=\"_blank\" rel=\"noopener\">attenzione al malato e anche al Medico curante<\/a>&#8220;. Lo riafferma Valchi, indicando nella capacit\u00e0 di ascolto una &#8220;competenza chiave&#8221; per le nuove leve.<\/p>\n<p>Questa capacit\u00e0 di <strong>entrare in sintonia con il Paziente<\/strong>, di comprenderne le paure e le aspettative, \u00e8 forse l&#8217;elemento che pi\u00f9 di ogni altro definisce l&#8217;identit\u00e0 del Medico di guardia a Montallegro. Un&#8217;identit\u00e0 che si \u00e8 evoluta nel tempo, adattandosi ai cambiamenti della societ\u00e0 e della professione medica, ma che ha mantenuto intatta la sua essenza: la cura della persona, nella sua interezza.<\/p>\n","protected":false},"excerpt":{"rendered":"<p>Carlo Valchi rappresenta il presente della guardia medica a Montallegro. Dal 2020, anno del suo ingresso come vice Direttore sanitario, [&hellip;]<\/p>\n","protected":false},"author":5,"featured_media":7711,"comment_status":"open","ping_status":"open","sticky":false,"template":"","format":"standard","meta":{"_acf_changed":false,"footnotes":""},"categories":[3],"tags":[36],"acf":[],"_links":{"self":[{"href":"https:\/\/www.montallegro.it\/magazine\/wp-json\/wp\/v2\/posts\/7710"}],"collection":[{"href":"https:\/\/www.montallegro.it\/magazine\/wp-json\/wp\/v2\/posts"}],"about":[{"href":"https:\/\/www.montallegro.it\/magazine\/wp-json\/wp\/v2\/types\/post"}],"author":[{"embeddable":true,"href":"https:\/\/www.montallegro.it\/magazine\/wp-json\/wp\/v2\/users\/5"}],"replies":[{"embeddable":true,"href":"https:\/\/www.montallegro.it\/magazine\/wp-json\/wp\/v2\/comments?post=7710"}],"version-history":[{"count":2,"href":"https:\/\/www.montallegro.it\/magazine\/wp-json\/wp\/v2\/posts\/7710\/revisions"}],"predecessor-version":[{"id":7713,"href":"https:\/\/www.montallegro.it\/magazine\/wp-json\/wp\/v2\/posts\/7710\/revisions\/7713"}],"wp:featuredmedia":[{"embeddable":true,"href":"https:\/\/www.montallegro.it\/magazine\/wp-json\/wp\/v2\/media\/7711"}],"wp:attachment":[{"href":"https:\/\/www.montallegro.it\/magazine\/wp-json\/wp\/v2\/media?parent=7710"}],"wp:term":[{"taxonomy":"category","embeddable":true,"href":"https:\/\/www.montallegro.it\/magazine\/wp-json\/wp\/v2\/categories?post=7710"},{"taxonomy":"post_tag","embeddable":true,"href":"https:\/\/www.montallegro.it\/magazine\/wp-json\/wp\/v2\/tags?post=7710"}],"curies":[{"name":"wp","href":"https:\/\/api.w.org\/{rel}","templated":true}]}}