


{"id":7565,"date":"2024-09-26T20:50:09","date_gmt":"2024-09-26T18:50:09","guid":{"rendered":"https:\/\/www.montallegro.it\/magazine\/?p=7565"},"modified":"2024-09-26T20:50:09","modified_gmt":"2024-09-26T18:50:09","slug":"sport-e-disabilita-sabato-28-settembre-alla-sciorba-si-terra-il-4-sportability-day","status":"publish","type":"post","link":"https:\/\/www.montallegro.it\/magazine\/sport-e-disabilita-sabato-28-settembre-alla-sciorba-si-terra-il-4-sportability-day\/","title":{"rendered":"Sport e disabilit\u00e0: sabato 28 settembre alla Sciorba si terr\u00e0 il 4\u00b0 \u201cSportAbility Day\u201d"},"content":{"rendered":"\n<h2 class=\"wp-block-heading\">Una giornata promossa dall\u2019Associazione Stelle nello Sport, di cui Montallegro \u00e8 storico partner<\/h2>\n\n\n\n<p>Ritorna <strong>sabato 28 settembre<\/strong>, presso l\u2019impianto polisportivo My Sport Village Sciorba di Genova l\u2019appuntamento con lo <strong><a rel=\"noreferrer noopener\" href=\"http:\/\/www.sportabilityliguria.it\" target=\"_blank\">SportAbility Day<\/a><\/strong>. La 4\u00b0 edizione della pi\u00f9 grande festa dello sport per tutte le abilit\u00e0 \u00e8 promossa dall\u2019<strong>Associazione Stelle nello Sport<\/strong>, di cui<strong> Montallegro<\/strong> \u00e8 storico partner.<\/p>\n\n\n\n<p>L\u2019evento, che si svolge nella <strong>Settimana Europea dello Sport<\/strong> ed \u00e8 inserito nel calendario ufficiale di <strong>Genova 2024 Capitale Europea dello Sport<\/strong>, \u00e8 dedicato a persone con disabilit\u00e0 fisica, motoria, sensoriale e intellettivo-relazionale che, affiancate da familiari e amici, potranno provare 40 discipline e attivit\u00e0 sportive &#8211; guidate da 60 istruttori qualificati &#8211; e assistere a eventi \u201cintegrati\u201d di calcio, volley, basket e hockey in cui atleti normodotati e con disabilit\u00e0 giocheranno insieme.<\/p>\n\n\n\n<p>Il Villaggio sportivo senza barriere aprir\u00e0 alle ore 10: a inaugurare l\u2019evento sar\u00e0 la tradizionale sfilata, sul campo e sulla pista di atletica, di tutti i partecipanti. Poi il via alle tante attivit\u00e0 che si protrarranno fino al tardo pomeriggio. Alle ore 14 inizieranno anche le attivit\u00e0 in piscina, con la sincronetta<strong> Marta Cantero <\/strong>insieme alla compagna <strong>Nadia Cabula<\/strong>; poi tutti in acqua al fianco di <strong>Francesco Bocciardo<\/strong>, uno dei due testimonial di questa edizione, fresco della medaglia d\u2019oro nei 200 stile libero alle Paralimpiadi di Parigi 2024, assieme a <strong>Eleonora Mele<\/strong>, altra protagonista delle recenti Paraolimpiadi.<\/p>\n\n\n\n<p>\u201c<em>Lo sport migliora la qualit\u00e0 della vita delle persone<\/em>\u201d, sottolinea <strong>Michele Corti<\/strong>, presidente di Stelle nello Sport. &#8220;<em>\u00c8 il messaggio alla base di ogni edizione dello SportAbility Day. Quella di sabato prossimo sar\u00e0 un\u2019occasione straordinaria. Sono oltre 7.000 i ragazzi con disabilit\u00e0 in Liguria, molti sono addirittura esonerati dalla pratica dell\u2019educazione fisica a scuola. \u00c8 a loro e alle loro famiglie che primariamente \u00e8 dedicato lo SportAbility Day<\/em>\u201d.<\/p>\n\n\n\n<p>Per questo messaggio, anche Montallegro scende in campo a fianco di Stelle nello Sport, in una partnership iniziata nel <strong>2008<\/strong> e che vede la struttura in piena sintonia con il credo di questa iniziativa: promuovere lo sport e il movimento, soprattutto tra i pi\u00f9 giovani, come fattore essenziale per il benessere psicofisico, valorizzandone al contempo i valori pi\u00f9 genuini. Un sodalizio che si \u00e8 rafforzato nel 2014 con il percorso <strong>#pi\u00f9gustoperlavita<\/strong> che ha lo scopo di proporre una serena prevenzione basata su attivit\u00e0 fisica e sane abitudini alimentari, ma che negli anni ha posto l\u2019attenzione anche sulle dipendenze \u2013 in particolare da cibo e alcol \u2013 e sull\u2019uso consapevole dei dispositivi elettronici.<\/p>\n","protected":false},"excerpt":{"rendered":"<p>Una giornata promossa dall\u2019Associazione Stelle nello Sport, di cui Montallegro \u00e8 storico partner Ritorna sabato 28 settembre, presso l\u2019impianto polisportivo [&hellip;]<\/p>\n","protected":false},"author":5,"featured_media":7566,"comment_status":"open","ping_status":"open","sticky":false,"template":"","format":"standard","meta":{"_acf_changed":false,"footnotes":""},"categories":[200],"tags":[1123,199],"acf":[],"_links":{"self":[{"href":"https:\/\/www.montallegro.it\/magazine\/wp-json\/wp\/v2\/posts\/7565"}],"collection":[{"href":"https:\/\/www.montallegro.it\/magazine\/wp-json\/wp\/v2\/posts"}],"about":[{"href":"https:\/\/www.montallegro.it\/magazine\/wp-json\/wp\/v2\/types\/post"}],"author":[{"embeddable":true,"href":"https:\/\/www.montallegro.it\/magazine\/wp-json\/wp\/v2\/users\/5"}],"replies":[{"embeddable":true,"href":"https:\/\/www.montallegro.it\/magazine\/wp-json\/wp\/v2\/comments?post=7565"}],"version-history":[{"count":0,"href":"https:\/\/www.montallegro.it\/magazine\/wp-json\/wp\/v2\/posts\/7565\/revisions"}],"wp:featuredmedia":[{"embeddable":true,"href":"https:\/\/www.montallegro.it\/magazine\/wp-json\/wp\/v2\/media\/7566"}],"wp:attachment":[{"href":"https:\/\/www.montallegro.it\/magazine\/wp-json\/wp\/v2\/media?parent=7565"}],"wp:term":[{"taxonomy":"category","embeddable":true,"href":"https:\/\/www.montallegro.it\/magazine\/wp-json\/wp\/v2\/categories?post=7565"},{"taxonomy":"post_tag","embeddable":true,"href":"https:\/\/www.montallegro.it\/magazine\/wp-json\/wp\/v2\/tags?post=7565"}],"curies":[{"name":"wp","href":"https:\/\/api.w.org\/{rel}","templated":true}]}}