


{"id":7351,"date":"2023-12-19T11:04:19","date_gmt":"2023-12-19T10:04:19","guid":{"rendered":"https:\/\/www.montallegro.it\/magazine\/?p=7351"},"modified":"2023-12-19T11:04:19","modified_gmt":"2023-12-19T10:04:19","slug":"padre-cerea-per-natale-guardiamo-alla-capanna-di-gesu-bambino","status":"publish","type":"post","link":"https:\/\/www.montallegro.it\/magazine\/padre-cerea-per-natale-guardiamo-alla-capanna-di-gesu-bambino\/","title":{"rendered":"Padre Cerea: \u201cPer Natale guardiamo alla capanna di Ges\u00f9 Bambino\u201d"},"content":{"rendered":"\n<p>Da qualche settimana in <strong>Montallegro<\/strong> capita di incrociare lo sguardo limpido e mite di <strong>Padre Luigi Cerea<\/strong>, un aiuto spirituale per i degenti, i loro famigliari e i professionisti che lavorano nella struttura. Bergamasco di origini, da un paio di anni \u00e8 arrivato a Genova, dove opera nella Parrocchia dei Santi Nazario e Celso e San Francesco d&#8217;Albaro.<\/p>\n\n\n\n<p><strong>&#8211; Padre Cerea, ci racconti il suo percorso.<\/strong><br \/>\u00abSono un francescano conventuale, entrato in seminario nel 1958 e ordinato sacerdote nel 1974. Ancor prima di diventarlo, ho frequentato principalmente le situazioni pi\u00f9 svantaggiate. Perch\u00e9 il povero \u00e8 chiunque, fisicamente, materialmente, moralmente. Anche io sono povero, tutti noi lo siamo a volte, moralmente, e abbiamo bisogno della misericordia di Dio. Nella mia esperienza, ho frequentato un istituto di ragazzi a Padova, si chiamava Villaggio Sant\u2019Antonio, dove ho incontrato tanti ragazzi abbandonati. Poi sono andato a Como, dove, oltre che viceparroco, sono diventato cappellano della prigione, maschile e femminile. \u00c8 stata un\u2019esperienza molto significativa, perch\u00e9 il carcere racchiude tante problematiche, \u00e8 un luogo dove il bisogno di aiuto \u00e8 maggiore. Visitare i carcerati \u00e8 una grande opera di misericordia corporale, proprio come visitare gli ammalati\u00bb.<\/p>\n\n\n\n<p><strong>&#8211; Il contesto ospedaliero le \u00e8 familiare, fin da bambino.<\/strong><br \/>\u00abS\u00ec, mio padre \u00e8 stato infermiere all\u2019ospedale di Bergamo per 38 anni. In ogni posto in cui sono stato, mi hanno dato l&#8217;incarico di portare la comunione ai malati e l\u2019unzione degli infermi. Come succede oggi a Montallegro, dove un giorno alla settimana faccio visita ai degenti per le benedizioni e la comunione e dove al venerd\u00ec celebro la Santa Messa, per i ricoverati e per chi lavora in struttura. Per me, \u00e8 un dono: raramente ho trovato, anche da parte dei medici, un tale desiderio di partecipazione\u00bb.<\/p>\n\n\n\n<p><strong>&#8211; Cerea, in piemontese, \u00e8 una forma di saluto. Sembra rispecchiare anche il suo approccio.<\/strong><br \/>\u00abNon ho difficolt\u00e0 nel mettermi in contatto con le persone. Ogni volta che cambio luogo, penso alle nuove persone che incontrer\u00f2, e mi trovo subito a mio agio. Non so se sia un dono, ma \u00e8 parte del mio carattere. Cerea, ciao, come stai? E cos\u00ec inizia l\u2019incontro\u00bb.<\/p>\n\n\n\n<p><strong>&#8211; Portare sostegno morale nei luoghi di sofferenza \u00e8 un compito importante. A volte non \u00e8 spiritualmente faticoso stare accanto a chi soffre?<br \/><\/strong>\u00abSe la prendi come gioia, sapendo che tu potresti essere al suo posto, ti accorgi che l\u2019aiuto \u00e8 una cosa molto bella. E molto spesso ne esco io confortato e accresciuto da certi incontri. Vorrei fare l\u2019esempio di un uomo di 53 anni, un ex maestro di sci, che ho incontrato all\u2019Hospice del San Martino. Nonostante le sue incertezze e la sua situazione, mi ripeteva sempre: \u201cNon aver paura a credere\u201d. Per me \u00e8 stata un\u2019esperienza significativa\u00bb.<\/p>\n\n\n\n<p><strong>&#8211; \u00c8 a Genova da due anni. Che impressione ha della citt\u00e0 e come \u00e8 stato accolto?<\/strong><br \/>\u00abCome ho gi\u00e0 detto, quando si lasciano le persone, se ne incontrano altre, ognuna con le sue peculiarit\u00e0. Non esistono bergamaschi, padovani o genovesi, esistono solo persone. La citt\u00e0 mi piace, e nei genovesi trovo sorrisi, disponibilit\u00e0 e carit\u00e0. Si dice che siate taccagni, in realt\u00e0 ho incontrato persone veramente generose\u00bb.<\/p>\n\n\n\n<p><strong>&#8211; Un\u2019ultima domanda. Natale \u00e8 alle porte. Come possiamo viverlo?<\/strong><br \/>\u00abGes\u00f9 Cristo si \u00e8 fatto uomo per comprendere l&#8217;umanit\u00e0 in tutte le sue sfaccettature e situazioni, positive e negative. Dobbiamo guardare alla capanna, dove \u00e8 deposto Ges\u00f9 Bambino, che ci guarda con occhi spalancati, sorride e ci dona pace. La risposta? Inginocchiamoci, adoriamolo e ringraziamolo. Questo \u00e8 il mio augurio per tutti, in particolare per i malati sofferenti\u00bb.<\/p>\n","protected":false},"excerpt":{"rendered":"<p>Da qualche settimana in Montallegro capita di incrociare lo sguardo limpido e mite di Padre Luigi Cerea, un aiuto spirituale [&hellip;]<\/p>\n","protected":false},"author":5,"featured_media":7353,"comment_status":"open","ping_status":"open","sticky":false,"template":"","format":"standard","meta":{"_acf_changed":false,"footnotes":""},"categories":[3],"tags":[36],"acf":[],"_links":{"self":[{"href":"https:\/\/www.montallegro.it\/magazine\/wp-json\/wp\/v2\/posts\/7351"}],"collection":[{"href":"https:\/\/www.montallegro.it\/magazine\/wp-json\/wp\/v2\/posts"}],"about":[{"href":"https:\/\/www.montallegro.it\/magazine\/wp-json\/wp\/v2\/types\/post"}],"author":[{"embeddable":true,"href":"https:\/\/www.montallegro.it\/magazine\/wp-json\/wp\/v2\/users\/5"}],"replies":[{"embeddable":true,"href":"https:\/\/www.montallegro.it\/magazine\/wp-json\/wp\/v2\/comments?post=7351"}],"version-history":[{"count":0,"href":"https:\/\/www.montallegro.it\/magazine\/wp-json\/wp\/v2\/posts\/7351\/revisions"}],"wp:featuredmedia":[{"embeddable":true,"href":"https:\/\/www.montallegro.it\/magazine\/wp-json\/wp\/v2\/media\/7353"}],"wp:attachment":[{"href":"https:\/\/www.montallegro.it\/magazine\/wp-json\/wp\/v2\/media?parent=7351"}],"wp:term":[{"taxonomy":"category","embeddable":true,"href":"https:\/\/www.montallegro.it\/magazine\/wp-json\/wp\/v2\/categories?post=7351"},{"taxonomy":"post_tag","embeddable":true,"href":"https:\/\/www.montallegro.it\/magazine\/wp-json\/wp\/v2\/tags?post=7351"}],"curies":[{"name":"wp","href":"https:\/\/api.w.org\/{rel}","templated":true}]}}