


{"id":7052,"date":"2023-05-08T06:17:28","date_gmt":"2023-05-08T04:17:28","guid":{"rendered":"https:\/\/www.montallegro.it\/magazine\/sanita-integrativa-sostegno-al-ssn\/"},"modified":"2023-05-08T06:17:28","modified_gmt":"2023-05-08T04:17:28","slug":"sanita-integrativa-sostegno-al-ssn","status":"publish","type":"post","link":"https:\/\/www.montallegro.it\/magazine\/sanita-integrativa-sostegno-al-ssn\/","title":{"rendered":"Sanit\u00e0 integrativa: sostegno al SSN"},"content":{"rendered":"<p>\u201c<strong>Sanit\u00e0 integrativa: sostegno al SSN<\/strong>\u201d \u00e8 il titolo del nuovo appuntamento di approfondimento organizzato da <strong>Montallegro<\/strong> nello spazio <strong>TSV 70<\/strong> (Torre San Vincenzo, 23\u00b0-24\u00b0 piano via San Vincenzo, 2) e dedicato al ricordo di Salvatore Giuffrida, che si terr\u00e0 gioved\u00ec 11 maggio alle ore 18.<\/p>\n<p>Introdotti e moderati da <strong>Francesco Berti Riboli<\/strong>, ad di Montallegro, interverranno <strong>Alessandro Figini<\/strong>, Medical Network Director AON Italia; <strong>Federico Bori<\/strong>,Unit Director Hub Torino e Genova AON Italia; <strong>Guido Filippi<\/strong>, componente Cda Casagit Salute e <strong>Saverio Francesco Zavaglia<\/strong>, UnipolSai \u2013 Gruppo Overform.<\/p>\n<p>Il titolo dell&#8217;evento sintetizza l&#8217;importanza della Sanit\u00e0 integrativa come essenziale sostegno &#8211; e non alternativa o sostituzione &#8211; al Servizio Sanitario Nazionale, prezioso bene comune. L&#8217;obiettivo \u00e8 condividere le prospettive e le opportunit\u00e0 di sviluppo di questo importante pilastro a rinforzo di un sistema pubblico a rischio di sostenibilit\u00e0 proprio nella sua principale caratteristica: l\u2019universalit\u00e0 dell\u2019assistenza sanitaria.<\/p>\n<p>L&#8217;evento seguir\u00e0 un format agile e dinamico, che ha gi\u00e0 riscosso successo nei precedenti incontri. I relatori disporranno di 15 minuti ciascuno per focalizzare alcuni aspetti del tema, seguiti da un dibattito aperto alle domande della sala nella parte finale.<\/p>\n","protected":false},"excerpt":{"rendered":"<p>\u201cSanit\u00e0 integrativa: sostegno al SSN\u201d \u00e8 il titolo del nuovo appuntamento di approfondimento organizzato da Montallegro nello spazio TSV 70 [&hellip;]<\/p>\n","protected":false},"author":5,"featured_media":7053,"comment_status":"open","ping_status":"open","sticky":false,"template":"","format":"standard","meta":{"_acf_changed":false,"footnotes":""},"categories":[311],"tags":[600,1118],"acf":[],"_links":{"self":[{"href":"https:\/\/www.montallegro.it\/magazine\/wp-json\/wp\/v2\/posts\/7052"}],"collection":[{"href":"https:\/\/www.montallegro.it\/magazine\/wp-json\/wp\/v2\/posts"}],"about":[{"href":"https:\/\/www.montallegro.it\/magazine\/wp-json\/wp\/v2\/types\/post"}],"author":[{"embeddable":true,"href":"https:\/\/www.montallegro.it\/magazine\/wp-json\/wp\/v2\/users\/5"}],"replies":[{"embeddable":true,"href":"https:\/\/www.montallegro.it\/magazine\/wp-json\/wp\/v2\/comments?post=7052"}],"version-history":[{"count":0,"href":"https:\/\/www.montallegro.it\/magazine\/wp-json\/wp\/v2\/posts\/7052\/revisions"}],"wp:featuredmedia":[{"embeddable":true,"href":"https:\/\/www.montallegro.it\/magazine\/wp-json\/wp\/v2\/media\/7053"}],"wp:attachment":[{"href":"https:\/\/www.montallegro.it\/magazine\/wp-json\/wp\/v2\/media?parent=7052"}],"wp:term":[{"taxonomy":"category","embeddable":true,"href":"https:\/\/www.montallegro.it\/magazine\/wp-json\/wp\/v2\/categories?post=7052"},{"taxonomy":"post_tag","embeddable":true,"href":"https:\/\/www.montallegro.it\/magazine\/wp-json\/wp\/v2\/tags?post=7052"}],"curies":[{"name":"wp","href":"https:\/\/api.w.org\/{rel}","templated":true}]}}