


{"id":6986,"date":"2023-03-17T15:44:42","date_gmt":"2023-03-17T14:44:42","guid":{"rendered":"https:\/\/www.montallegro.it\/magazine\/ventura-come-migliora-la-riabilitazione-con-le-nuove-palestre-per-i-degenti-montallegro\/"},"modified":"2023-07-16T11:28:46","modified_gmt":"2023-07-16T09:28:46","slug":"ventura-come-migliora-la-riabilitazione-con-le-nuove-palestre-per-i-degenti-montallegro","status":"publish","type":"post","link":"https:\/\/www.montallegro.it\/magazine\/ventura-come-migliora-la-riabilitazione-con-le-nuove-palestre-per-i-degenti-montallegro\/","title":{"rendered":"Ventura: \u00abCome migliora la riabilitazione con le nuove palestre per i degenti Montallegro\u00bb"},"content":{"rendered":"<p>Le nuove palestre attrezzate dedicate alla riabilitazione dei degenti di Villa Montallegro sono ora in pieno regime d&#8217;utilizzo. <strong>Francesco Ventura<\/strong>, consulente per le attivit\u00e0 di riabilitazione in degenza di Villa Montallegro e Direttore dell\u2019UO di Riabilitazione generale e oncologica dell\u2019Ospedale Policlinico San Martino di Genova, ci racconta tutto a proposito di queste strutture situate al quarto piano di Villa Montallegro, che occupano due spazi di 30 mq ciascuno.<\/p>\n<p><strong>&#8211; A poco pi\u00f9 di un mese dalla loro apertura, quali sono i punti di pregio di questi nuovi spazi?<\/strong><br \/>\n\u00abAvere spazi attrezzati a disposizione dei pazienti degenti ci permette di effettuare un programma riabilitativo di qualit\u00e0 superiore al passato, quando il primo trattamento riabilitativo doveva svolgersi in camera o al massimo lungo i corridori e le scale della degenza\u00bb.<\/p>\n<p><strong><img fetchpriority=\"high\" decoding=\"async\" class=\"alignleft wp-image-7060 size-medium\" src=\"https:\/\/www.montallegro.it\/magazine\/wp-content\/uploads\/sites\/2\/2023\/07\/foto-ventura-267x300.jpg\" alt=\"\" width=\"267\" height=\"300\" \/>&#8211; Quali sono le peculiarit\u00e0 delle palestre?<\/strong><br \/>\n\u00abPur essendo di metratura contenuta, le palestre sono ampiamente sufficienti per una prima riabilitazione, anche sotto il profilo della strumentazione e dei macchinari. Una delle palestre \u00e8 dotata di apparecchiature idonee ai trattamenti a favore di pazienti con diagnosi generica di decondizionamento fisico, ossia pazienti che hanno subito un intervento chirurgico, a sua volta seguito da un allettamento o comunque da una lunga convalescenza durante la quale non hanno potuto essere verticalizzati. Nell&#8217;altra palestra, invece, ci sono apparecchiature pi\u00f9 adeguate per i pazienti che hanno subito interventi come la protesi d&#8217;anca o di ginocchio, per eseguire attivit\u00e0 di riabilitazione al passo ma anche ginnastica segmentale. Anche i pazienti oncologi e neurologici possono usufruire delle nuove palestre sebbene siano soprattutto gli ortopedici e i decondizionati ad averne maggiore bisogno\u00bb.<\/p>\n<p><strong>&#8211; Qual \u00e8 stata la risposta dei pazienti?<\/strong><br \/>\n\u00abAssolutamente positiva, e nell&#8217;apprezzamento incide anche la possibilit\u00e0 di uscire dalla stanza e accedere a uno spazio suggestivo, luminoso, con una vista panoramica. \u00c8 un ulteriore stimolo psicologico che non pu\u00f2 che essere positivo nel percorso riabilitativo di un paziente\u00bb.<\/p>\n<p><strong>&#8211; Quanto \u00e8 importante intraprendere un percorso riabilitativo gi\u00e0 nei primi giorni post operatori?<\/strong><br \/>\n\u00ab\u00c8 indispensabile. Ormai l&#8217;indicazione, in caso di protesi d&#8217;anca o di ginocchio, \u00e8 di verticalizzare il paziente il giorno stesso dell&#8217;intervento, perch\u00e9 non c&#8217;\u00e8 alcuna ragione, a meno di complicanze, che vieti un carico precoce. Precoce non significa assoluto: vuol dire far alzare il paziente con le dovute attenzioni, ad esempio con un girello, un sostegno o una stampella. Essere in grado di farlo in condizioni protette, come quelle che possono garantire le nuove palestre, in presenza di personale preparato come i nostri terapisti, \u00e8 una soluzione adeguata e favorevole al pieno recupero del paziente\u00bb.<\/p>\n<p><strong>&#8211; Garantendo un percorso riabilitativo pi\u00f9 efficace e pi\u00f9 appropriato, in alcuni casi potranno essere ridotti i tempi di dimissione?<\/strong><br \/>\n\u00abUno degli obiettivi &#8211; e parlo anche da medico ospedaliero &#8211; \u00e8 quello di far uscire il paziente il pi\u00f9 rapidamente possibile in condizioni di autonomia e sicurezza. La riabilitazione tempestiva pu\u00f2 garantire questa condizione e quindi accelerare i tempi di dimissione. Ovviamente seguita da una seconda fase ambulatoriale, in cui il paziente pu\u00f2 ricevere assistenza continua e proseguire il suo iter\u00bb.<\/p>\n<p>\u2022 <a href=\"http:\/\/www.montallegro.it\/magazine\/nuove-palestre-per-la-riabilitazione-dei-degenti-in-montallegro\">Nuove palestre per la riabilitazione: leggi l&#8217;intervista a Deborah Biagioli e Diletta Pitto<\/a><\/p>\n","protected":false},"excerpt":{"rendered":"<p>Le nuove palestre attrezzate dedicate alla riabilitazione dei degenti di Villa Montallegro sono ora in pieno regime d&#8217;utilizzo. Francesco Ventura, [&hellip;]<\/p>\n","protected":false},"author":5,"featured_media":6935,"comment_status":"open","ping_status":"open","sticky":false,"template":"","format":"standard","meta":{"_acf_changed":false,"footnotes":""},"categories":[3],"tags":[601,609,5],"acf":[],"_links":{"self":[{"href":"https:\/\/www.montallegro.it\/magazine\/wp-json\/wp\/v2\/posts\/6986"}],"collection":[{"href":"https:\/\/www.montallegro.it\/magazine\/wp-json\/wp\/v2\/posts"}],"about":[{"href":"https:\/\/www.montallegro.it\/magazine\/wp-json\/wp\/v2\/types\/post"}],"author":[{"embeddable":true,"href":"https:\/\/www.montallegro.it\/magazine\/wp-json\/wp\/v2\/users\/5"}],"replies":[{"embeddable":true,"href":"https:\/\/www.montallegro.it\/magazine\/wp-json\/wp\/v2\/comments?post=6986"}],"version-history":[{"count":1,"href":"https:\/\/www.montallegro.it\/magazine\/wp-json\/wp\/v2\/posts\/6986\/revisions"}],"predecessor-version":[{"id":6988,"href":"https:\/\/www.montallegro.it\/magazine\/wp-json\/wp\/v2\/posts\/6986\/revisions\/6988"}],"wp:featuredmedia":[{"embeddable":true,"href":"https:\/\/www.montallegro.it\/magazine\/wp-json\/wp\/v2\/media\/6935"}],"wp:attachment":[{"href":"https:\/\/www.montallegro.it\/magazine\/wp-json\/wp\/v2\/media?parent=6986"}],"wp:term":[{"taxonomy":"category","embeddable":true,"href":"https:\/\/www.montallegro.it\/magazine\/wp-json\/wp\/v2\/categories?post=6986"},{"taxonomy":"post_tag","embeddable":true,"href":"https:\/\/www.montallegro.it\/magazine\/wp-json\/wp\/v2\/tags?post=6986"}],"curies":[{"name":"wp","href":"https:\/\/api.w.org\/{rel}","templated":true}]}}