


{"id":6934,"date":"2023-02-21T09:11:33","date_gmt":"2023-02-21T08:11:33","guid":{"rendered":"https:\/\/www.montallegro.it\/magazine\/nuove-palestre-per-la-riabilitazione-dei-degenti-in-montallegro\/"},"modified":"2023-02-21T09:11:33","modified_gmt":"2023-02-21T08:11:33","slug":"nuove-palestre-per-la-riabilitazione-dei-degenti-in-montallegro","status":"publish","type":"post","link":"https:\/\/www.montallegro.it\/magazine\/nuove-palestre-per-la-riabilitazione-dei-degenti-in-montallegro\/","title":{"rendered":"Nuove palestre per la riabilitazione dei degenti in Montallegro"},"content":{"rendered":"<p>Montallegro si \u00e8 dotata di due nuove palestre attrezzate, dedicate esclusivamente alla riabilitazione dei degenti di Villa Montallegro, a ulteriore completamento di una struttura di eccellenza che dispone attualmente di 60 posti letto in camere singole allestite secondo elevati standard sanitari e alberghieri.<\/p>\n<p>Le palestre, di 30 mq ciascuna, sono state realizzate in acciaio e vetro, sul terrazzo al quarto piano dell&#8217;edificio e grazie alle ampie finestrature, rese discrete dal sistema automatizzato a veneziana, offrono il massimo sia per i contenuti tecnici sia per il livello dell\u2019accoglienza, grazie alla splendida vista che si estende fino al mare. Ne parliamo con <strong>Deborah Biagioli<\/strong>, coordinatrice infermieristica della struttura e <strong>Diletta Pitto<\/strong>, responsabile dei fisioterapisti Montallegro.<\/p>\n<p><strong>&#8211; Quali sono le caratteristiche di questi due nuovi spazi?<\/strong><br \/>\n\u00abLe due palestre sono organizzate per tipologie di lavori differenti. Quella EST \u00e8 utilizzata per il rinforzo e il re-avvio alla fatica: quindi un lavoro con una componente muscolare e cardio. La dotazione prevede due cyclette &#8211; una tradizionale e una recline per offrire la corretta postura per ogni esigenza del paziente &#8211; e una stair climber, ovvero una scala mobile fitness. Quella OVEST \u00e8 dedicata essenzialmente alla deambulazione, quindi al recupero di uno schema corretto del passo. Ci sono parallele, scale fisse, pedane instabili e tavole propriocettive, utili per recuperare l&#8217;equilibrio eventualmente compromesso a causa di operazioni ortopediche oppure per un decondizionamento motorio importante. In entrambe le palestre trovano poi spazio un lettino, una spalliera, attrezzi da esercizio (pesi, etc.) e uno specchio quadrettato, utile al paziente per osservare i suoi allineamenti durante la camminata\u00bb.<\/p>\n<p><strong>&#8211; Qual \u00e8 il target dei pazienti?<\/strong><br \/>\n\u00abLa maggior parte sono pazienti ortopedici. Trattiamo qualsiasi esigenza riabilitativa, neurologica, o per pazienti decondizionati come i geriatrici o gli oncologici. L&#8217;obiettivo per ognuno \u00e8 cominciare fin dai primi giorni di degenza il percorso di recupero della propria autonomia nella vita quotidiana. Ovviamente sempre in sicurezza e in sinergia con il fisiatra di riferimento\u00bb.<\/p>\n<p><strong>&#8211; Quali sono i vantaggi di questi nuovi spazi distinti dalla palestra del\u00a0<\/strong><strong>centro in Villa Rosa?<\/strong><br \/>\n\u00abSono svariati. Oltre al fatto di offrire percorsi differenziati tra ambulatoriali e degenti e poter differenziare (come detto sopra) sui diversi momenti della riabilitazione per i degenti, c&#8217;\u00e8 un evidente vantaggio in termini di comodit\u00e0. Avere due palestre direttamente collegate agli spazi di degenza ci permette infatti di ridurre i tempi di trasporto. Ma il principale beneficio \u00e8 la nuova organizzazione del lavoro, che prosegue anche nel weekend e di fatto offre al paziente di raddoppiare i tempi dedicati alla riabilitazione, mantenendo al contempo una continuit\u00e0 con i terapisti di riferimento. Proprio la continuit\u00e0 paziente\/terapista \u00e8 uno dei cardini di questo nuovo approccio\u00bb.<\/p>\n<p><strong>Come \u00e8 organizzato il lavoro?<\/strong><br \/>\n\u00abLe nuove palestre garantiscono un rapporto 1 a 2 (massimo 1 a 3) tra terapista e pazienti: ogni terapista segue fino a tre pazienti per ogni sessione, cos\u00ec da poter ottimizzare l\u2019impegno sui pazienti. Le sedute hanno una durata di 50 minuti.<br \/>\nIl paziente, a meno di indicazioni specifiche del proprio fisiatra, esegue due sedute al giorno, al mattino in una palestra e al pomeriggio nell&#8217;altra, per svolgere attivit\u00e0 diverse, mattinale e pomeridiana, complementari fra loro\u00bb.<\/p>\n<p><strong>&#8211; Quali sono le prime impressioni dei pazienti?<\/strong><br \/>\n\u00abAbbiamo ricevuto ottimi feedback, soprattutto dai pazienti ortopedici, ovvero quelli che hanno bisogno di essere riabilitati al pi\u00f9 presto per tornare a una vita autonoma. Raddoppiando i tempi e intensificando i ritmi di lavoro, siamo riusciti a dimetterli con qualche giorno di anticipo e in condizioni assolutamente brillanti. Senza dimenticare l&#8217;aspetto psicologico, altrettanto importante. Uscire dalla camera di degenza, lavorare in un bell&#8217;ambiente, godere di una giornata luminosa dal terrazzo di Villa Montallegro offre un conforto unico\u00bb.<\/p>\n<p><strong>&#8211; Una volta dimessi, qual \u00e8 l&#8217;iter del paziente?<\/strong><br \/>\n\u00abQuando occorre, il paziente comincia il percorso ambulatoriale in Villa Rosa, per il lavoro in palestra o in piscina, mentre nel caso di pazienti molto avanzati, come sportivi ed ex sportivi, abbiamo anche la possibilit\u00e0 di una preparazione atletica, che \u00e8 la chiusura del cerchio affinch\u00e9 il paziente sia completo nella sua riabilitazione\u00bb.<\/p>\n","protected":false},"excerpt":{"rendered":"<p>Montallegro si \u00e8 dotata di due nuove palestre attrezzate, dedicate esclusivamente alla riabilitazione dei degenti di Villa Montallegro, a ulteriore [&hellip;]<\/p>\n","protected":false},"author":5,"featured_media":6935,"comment_status":"open","ping_status":"open","sticky":false,"template":"","format":"standard","meta":{"_acf_changed":false,"footnotes":""},"categories":[3],"tags":[],"acf":[],"_links":{"self":[{"href":"https:\/\/www.montallegro.it\/magazine\/wp-json\/wp\/v2\/posts\/6934"}],"collection":[{"href":"https:\/\/www.montallegro.it\/magazine\/wp-json\/wp\/v2\/posts"}],"about":[{"href":"https:\/\/www.montallegro.it\/magazine\/wp-json\/wp\/v2\/types\/post"}],"author":[{"embeddable":true,"href":"https:\/\/www.montallegro.it\/magazine\/wp-json\/wp\/v2\/users\/5"}],"replies":[{"embeddable":true,"href":"https:\/\/www.montallegro.it\/magazine\/wp-json\/wp\/v2\/comments?post=6934"}],"version-history":[{"count":0,"href":"https:\/\/www.montallegro.it\/magazine\/wp-json\/wp\/v2\/posts\/6934\/revisions"}],"wp:featuredmedia":[{"embeddable":true,"href":"https:\/\/www.montallegro.it\/magazine\/wp-json\/wp\/v2\/media\/6935"}],"wp:attachment":[{"href":"https:\/\/www.montallegro.it\/magazine\/wp-json\/wp\/v2\/media?parent=6934"}],"wp:term":[{"taxonomy":"category","embeddable":true,"href":"https:\/\/www.montallegro.it\/magazine\/wp-json\/wp\/v2\/categories?post=6934"},{"taxonomy":"post_tag","embeddable":true,"href":"https:\/\/www.montallegro.it\/magazine\/wp-json\/wp\/v2\/tags?post=6934"}],"curies":[{"name":"wp","href":"https:\/\/api.w.org\/{rel}","templated":true}]}}