


{"id":6894,"date":"2022-12-16T08:16:58","date_gmt":"2022-12-16T07:16:58","guid":{"rendered":"https:\/\/www.montallegro.it\/magazine\/70-1952-2022-i-70-anni-di-montallegro-in-un-volume\/"},"modified":"2023-07-16T11:26:34","modified_gmt":"2023-07-16T09:26:34","slug":"70-1952-2022-i-70-anni-di-montallegro-in-un-volume","status":"publish","type":"post","link":"https:\/\/www.montallegro.it\/magazine\/70-1952-2022-i-70-anni-di-montallegro-in-un-volume\/","title":{"rendered":"70 \u2013 1952\/2022: i 70 anni di Montallegro in un volume"},"content":{"rendered":"<p>I <strong>70 anni di Montallegro<\/strong> hanno vissuto gioved\u00ec 15 dicembre, presso StradaNuova teatro centrale, la presentazione del volume \u201c<strong>70 \u2013 1952\/2022<\/strong>\u201d, atto conclusivo di un compleanno che ha visto Montallegro protagonista per un anno intero, con eventi in ambito sanitario ma anche culturale e di sostegno alla citt\u00e0. Un aspetto sottolineato con forza dagli auguri arrivati dalle istituzioni.<\/p>\n<p>\u00abI 70 anni di Montallegro sono un traguardo, ma anche un&#8217;aspettativa per almeno altrettanti anni di una struttura che rappresenta un orgoglio per la citt\u00e0 e che ha il vanto di fare del bene per il territorio\u00bb ha detto il sindaco di Genova <strong>Marco Bucci<\/strong> nel suo video saluto. \u00ab70 anni e non sentirli, per una realt\u00e0 attenta alla salute dei cittadini liguri, ma anche al benessere dello spirito. Un patrimonio quanto mai utile oggi che vede pubblico e privato in dialogo per un bene comune: la salute dei cittadini\u00bb ha sintetizzato <strong>Giovanni Toti<\/strong>. \u00abNei suoi 70 anni, Montallegro si \u00e8 presa cura della citt\u00e0, dei genovesi, dei liguri. Non solo dal punto di vista della salute, ma anche contribuendo all&#8217;attivit\u00e0 culturale di una citt\u00e0 che sa rinnovarsi\u00bb ha raccontato la deputata <strong>Ilaria Cavo<\/strong>. \u00abMontallegro rappresenta una storia imprenditoriale di successo, di una famiglia che ha creduto in una sanit\u00e0 di livello, sempre attenta al rispetto del malato e all&#8217;umanit\u00e0 delle cure\u00bb ha concluso il deputato <strong>Matteo Rosso<\/strong>.<\/p>\n<p><img fetchpriority=\"high\" decoding=\"async\" class=\"wp-image-6950  alignleft\" src=\"https:\/\/www.montallegro.it\/magazine\/wp-content\/uploads\/sites\/2\/2023\/07\/Image-3-ok-1024x683.jpg\" alt=\"\" width=\"759\" height=\"506\" \/><\/p>\n<p>Il volume si apre con il racconto storico di Montallegro scritto da <strong>Mario Bottaro<\/strong>, \u00aba partire dal sogno di Edoardo Riboli, fondatore della casa di cura. 70 anni di storia che ho cercato di sintetizzare inserendo i trasformamenti dell&#8217;azienda in un contesto pi\u00f9 ampio, quello della sanit\u00e0 nazionale, che vedeva nel 1952 soltanto il 33% degli italiani protetti da una copertura mutualistica e che \u00e8 evoluto in questi anni attraverso almeno quattro grandi riforme. Montallegro \u00e8 sempre stata attenta a queste trasformazioni, ancor pi\u00f9 sotto la guida negli ultimi 30 anni di Francesco Berti Riboli\u00bb. Il libro prosegue con <strong>70 testimonianze (\u201cimpronte\u201d)<\/strong> di persone che, a vario titolo \u2013 in campo medico, istituzioni, imprenditori, personalit\u00e0 della cultura \u2013 hanno vissuto e vivono Montallegro da diverse angolazioni. Il libro \u00e8 anche l&#8217;occasione per divulgare il report ESG (Environmental Social Governance) che fotografa le attenzioni ambientali, sociali e di governance dell&#8217;impresa, a cui Montallegro si \u00e8 sottoposta per la prima volta, sostenuta dalle competenze di Rina e Deloitte.<\/p>\n<p>\u00abPur di dimensioni contenute, il business di Montallegro \u00e8 comunque rilevante per il territorio in cui si sviluppa: \u00e8 dunque altrettanto importante rendere testimonianza dei forti legami che la casa di cura ha con il tessuto circostante \u2013 spiega <strong>Francesco Berti Riboli<\/strong>, ad di Montallegro \u2013. Il report ESG \u00e8 certamente uno degli strumenti pi\u00f9 adeguati a raccontare questa esperienza e a condividere con gli stakeholder (i portatori di interessi) quello che Montallegro cerca di fare. D&#8217;altronde, la nostra mission di assistenza sanitaria affianca il sentimento di \u201cgive back\u201d al territorio in cui noi operiamo\u00bb.<\/p>\n<p>Un sentimento di restituzione alla citt\u00e0 che ha portato Francesco Berti Riboli, in occasione dei suoi 60 anni, a organizzare una \u201ccaccia al tesoro\u201d tra le vie della citt\u00e0 alla quale hanno partecipato oltre 300 persone e che ha portato a raccogliere <strong>25.000 euro in favore di Art Bonus per i Musei di Strada Nuova<\/strong>. La consegna simbolica alla presenza di <strong>Margherita Priarone<\/strong>, Curatrice dei Musei di StradaNuova. \u00abMontallegro non ci ha mai fatto mancare il sostegno alle attivit\u00e0 dei musei, con una sensibilit\u00e0 rara capace di comprendere le esigenze del museo nella sua quotidianit\u00e0. Ringraziamo dunque per questa raccolta, che ci aiuter\u00e0 a continuare il nostro lavoro per migliorare la fruizione e accessibilit\u00e0 del polo museale\u00bb.<\/p>\n<p>I 70 anni non sono un punto di arrivo, ma di partenza per tutte le iniziative che Montallegro sta progettando e che a breve verranno avviate. A conferma di questo, il<strong> palinsesto di eventi 2023<\/strong>, anticipato sul palco da <strong>Luca Spigno<\/strong>, vice direttore sanitario di Montallegro: talk, convegni divulgativi, momenti di formazione che saranno ospitati, come gi\u00e0 nel 2022, al 23esimo e 24esimo piano di Torre San Vincenzo (TSV70), l&#8217;hub scelto da Montallegro per questa tipologia di eventi.<\/p>\n<p>Tra i primi, un convegno sulla prevenzione delle infezioni ospedaliere (29 gennaio) e, a seguire tra febbraio e luglio, sulla profilassi trombo-embolica in chirurgia e incontri sulla managerialit\u00e0 in sanit\u00e0 privata, un ciclo di eventi su movimento e salute, un convegno nazionale dedicato alla chirurgia delle lesioni difficili dei genitali.<\/p>\n<p>Spazio infine all&#8217;Oltregiogo, territorio che Berti Riboli ha definito la \u201cquinta provincia ligure\u201d, protagonista a maggio della seconda edizione degli <a href=\"http:\/\/dev1.dayone.network\/magazine\/alla-scoperta-delloltregiogo-il-22-e-23-ottobre\/\" target=\"_blank\" rel=\"noopener\">Oltregiogo Days<\/a>, un evento culturale che sar\u00e0 sostenuto da Montallegro. Un 2023 che racconteremo anche dalle pagine di questo magazine.<\/p>\n","protected":false},"excerpt":{"rendered":"<p>I 70 anni di Montallegro hanno vissuto gioved\u00ec 15 dicembre, presso StradaNuova teatro centrale, la presentazione del volume \u201c70 \u2013 [&hellip;]<\/p>\n","protected":false},"author":5,"featured_media":6897,"comment_status":"open","ping_status":"open","sticky":false,"template":"","format":"standard","meta":{"_acf_changed":false,"footnotes":""},"categories":[3],"tags":[97,36],"acf":[],"_links":{"self":[{"href":"https:\/\/www.montallegro.it\/magazine\/wp-json\/wp\/v2\/posts\/6894"}],"collection":[{"href":"https:\/\/www.montallegro.it\/magazine\/wp-json\/wp\/v2\/posts"}],"about":[{"href":"https:\/\/www.montallegro.it\/magazine\/wp-json\/wp\/v2\/types\/post"}],"author":[{"embeddable":true,"href":"https:\/\/www.montallegro.it\/magazine\/wp-json\/wp\/v2\/users\/5"}],"replies":[{"embeddable":true,"href":"https:\/\/www.montallegro.it\/magazine\/wp-json\/wp\/v2\/comments?post=6894"}],"version-history":[{"count":1,"href":"https:\/\/www.montallegro.it\/magazine\/wp-json\/wp\/v2\/posts\/6894\/revisions"}],"predecessor-version":[{"id":6896,"href":"https:\/\/www.montallegro.it\/magazine\/wp-json\/wp\/v2\/posts\/6894\/revisions\/6896"}],"wp:featuredmedia":[{"embeddable":true,"href":"https:\/\/www.montallegro.it\/magazine\/wp-json\/wp\/v2\/media\/6897"}],"wp:attachment":[{"href":"https:\/\/www.montallegro.it\/magazine\/wp-json\/wp\/v2\/media?parent=6894"}],"wp:term":[{"taxonomy":"category","embeddable":true,"href":"https:\/\/www.montallegro.it\/magazine\/wp-json\/wp\/v2\/categories?post=6894"},{"taxonomy":"post_tag","embeddable":true,"href":"https:\/\/www.montallegro.it\/magazine\/wp-json\/wp\/v2\/tags?post=6894"}],"curies":[{"name":"wp","href":"https:\/\/api.w.org\/{rel}","templated":true}]}}