


{"id":6882,"date":"2022-12-02T17:03:54","date_gmt":"2022-12-02T16:03:54","guid":{"rendered":"https:\/\/www.montallegro.it\/magazine\/nuovo-ingresso-in-montallegro-arriva-vanessa-agostini\/"},"modified":"2022-12-02T17:03:54","modified_gmt":"2022-12-02T16:03:54","slug":"nuovo-ingresso-in-montallegro-arriva-vanessa-agostini","status":"publish","type":"post","link":"https:\/\/www.montallegro.it\/magazine\/nuovo-ingresso-in-montallegro-arriva-vanessa-agostini\/","title":{"rendered":"Nuovo ingresso in Montallegro: arriva Vanessa Agostini"},"content":{"rendered":"<p>La squadra di professionisti che scelgono Montallegro \u00e8 in continua crescita. La struttura ha da pochi giorni accolto <strong>Vanessa Agostini<\/strong>, specialista in <strong>Medicina Trasfusionale<\/strong>, che ha avviato un&#8217;attivit\u00e0 di consulenza ematologica e trasfusionale. Il suo \u00e8 un curriculum di tutto rispetto.<\/p>\n<p>Giunta in Liguria nel 2019 per rivestire il ruolo di <strong>direttrice dell&#8217;U.O. Medicina Trasfusionale del&#8217;Ospedale Policlinico San Martino<\/strong> e della <strong>struttura regionale di coordinamento per le attivit\u00e0 trasfusionali<\/strong>, nel 2021 ha assunto in San Martino anche la direzione del <strong>Dipartimento della Diagnostica di Laboratorio<\/strong>. Dallo scorso marzo riveste il ruolo di coordinatrice regionale del Dipartimento interaziendale di medicina trasfusionale (DIAR).<\/p>\n<p><strong>\u2013 Ci vuole raccontare in poche righe qualcosa di Lei, dal punto di vista professionale?<\/strong><br \/>\n\u00abEmatologa come formazione specialistica con esperienza formativa presso il Centro Emofilia e Trombosi del Policlinico di Milano, prima di approdare in Liguria ho diretto la U.O. di Immunoematologia e Medicina Trasfusionale di Cesena e Forl\u00ec, AUSL della Romagna, sede di uno dei tre centri Emofilia della regione. Oltre a occuparmi di malattie trombotiche ed emorragiche ereditarie ho maturato esperienza anche nell\u2019ambito delle patologie emorragiche acquisite collaborando con il mondo dell&#8217;anestesia e rianimazione, con il trauma center dell\u2019AUSL Romagna , con la chirurgia d&#8217;urgenza e l\u2019ostetricia-ginecologia.<\/p>\n<p>Sono una collaboratrice del Centro Nazionale Sangue per l\u2019implementazione dei programmi di Patient Blood Management con particolare attenzione alla gestione delle anemie e dei farmaci anticoagulanti e antiaggreganti al fine di minimizzare la necessit\u00e0 di trasfusioni di emocomponenti attraverso il controllo del sanguinamento, l\u2019ottimizzazione del contenuto di emoglobina, l\u2019ottimizzazione dei livelli di tollerabilit\u00e0 del trasporto di ossigeno, oltre al rispetto di criteri di appropriatezza trasfusionale adeguati. Sono inoltre panelist per la stesura delle linee guida sul trauma maggiore presso l\u2019Istituto Superiore di Sanit\u00e0, collaboro con la Societ\u00e0 Italiana Anestesia e Rianimazione (SIAARTI) e sono nel consiglio direttivo della societ\u00e0 italiana di terapia intensiva e della societ\u00e0 italiana di emaferesi\u00bb.<\/p>\n<p><strong>&#8211; Quali sono le caratteristiche di questa nuova collaborazione?<\/strong><br \/>\n\u00abLa collaborazione con Montallegro nasce per offrire un servizio alla popolazione che vuole rivolgersi a una struttura privata riconosciuta per la sua eccellenza a livello cittadino e non solo, mettendo a disposizione le competenze che ho acquisto negli anni\u00bb.<\/p>\n<p><strong>&#8211; Quali sono le qualit\u00e0 di Montallegro che riconosce utili per esprimersi al meglio come professionista?<\/strong><br \/>\n\u00abLa qualit\u00e0 dei professionisti che hanno scelto di lavorare in Montallegro \u00e8 di per s\u00e9 un buon motivo per avviare questa collaborazione. Ho poi avuto occasione di visitare pi\u00f9 volta la struttura, registrando un servizio all&#8217;utenza di assoluta qualit\u00e0, anche a livello di attrezzature sanitarie e logistica\u00bb.<\/p>\n","protected":false},"excerpt":{"rendered":"<p>La squadra di professionisti che scelgono Montallegro \u00e8 in continua crescita. La struttura ha da pochi giorni accolto Vanessa Agostini, [&hellip;]<\/p>\n","protected":false},"author":5,"featured_media":6883,"comment_status":"open","ping_status":"open","sticky":false,"template":"","format":"standard","meta":{"_acf_changed":false,"footnotes":""},"categories":[3],"tags":[36,1133],"acf":[],"_links":{"self":[{"href":"https:\/\/www.montallegro.it\/magazine\/wp-json\/wp\/v2\/posts\/6882"}],"collection":[{"href":"https:\/\/www.montallegro.it\/magazine\/wp-json\/wp\/v2\/posts"}],"about":[{"href":"https:\/\/www.montallegro.it\/magazine\/wp-json\/wp\/v2\/types\/post"}],"author":[{"embeddable":true,"href":"https:\/\/www.montallegro.it\/magazine\/wp-json\/wp\/v2\/users\/5"}],"replies":[{"embeddable":true,"href":"https:\/\/www.montallegro.it\/magazine\/wp-json\/wp\/v2\/comments?post=6882"}],"version-history":[{"count":0,"href":"https:\/\/www.montallegro.it\/magazine\/wp-json\/wp\/v2\/posts\/6882\/revisions"}],"wp:featuredmedia":[{"embeddable":true,"href":"https:\/\/www.montallegro.it\/magazine\/wp-json\/wp\/v2\/media\/6883"}],"wp:attachment":[{"href":"https:\/\/www.montallegro.it\/magazine\/wp-json\/wp\/v2\/media?parent=6882"}],"wp:term":[{"taxonomy":"category","embeddable":true,"href":"https:\/\/www.montallegro.it\/magazine\/wp-json\/wp\/v2\/categories?post=6882"},{"taxonomy":"post_tag","embeddable":true,"href":"https:\/\/www.montallegro.it\/magazine\/wp-json\/wp\/v2\/tags?post=6882"}],"curies":[{"name":"wp","href":"https:\/\/api.w.org\/{rel}","templated":true}]}}