


{"id":6864,"date":"2022-10-26T08:56:08","date_gmt":"2022-10-26T06:56:08","guid":{"rendered":"https:\/\/www.montallegro.it\/magazine\/ferdinando-priano-e-fabrizio-grilli-intervista-doppia\/"},"modified":"2022-10-26T08:56:08","modified_gmt":"2022-10-26T06:56:08","slug":"ferdinando-priano-e-fabrizio-grilli-intervista-doppia","status":"publish","type":"post","link":"https:\/\/www.montallegro.it\/magazine\/ferdinando-priano-e-fabrizio-grilli-intervista-doppia\/","title":{"rendered":"Ferdinando Priano e Fabrizio Grilli: intervista doppia"},"content":{"rendered":"<p><a href=\"http:\/\/dev1.dayone.network\/specialisti\/ferdinando-priano\/\" target=\"_blank\" rel=\"noopener\"><strong>Ferdinando Priano<\/strong><\/a>\u00a0e <a href=\"http:\/\/dev1.dayone.network\/specialisti\/fabrizio-grilli\/\" target=\"_blank\" rel=\"noopener\"><strong>Fabrizio Grilli<\/strong><\/a>, specialisti in Ortopedia e Traumatologia, si confrontano per la rubrica \u201cGenerazioni in sala\u201d sui temi pi\u00f9 significativi della propria professione, ma anche sul proprio vissuto privato e sulle motivazioni che li hanno spinti a diventare chirurghi, scegliendo in particolare questa specifica disciplina.<\/p>\n<p><strong>&#8211; Quale professione voleva fare da bambino?<br \/>\n<\/strong><\/p>\n<p><strong>Ferdinando Priano<\/strong> \u00ab\u201cCosa far\u00f2 da grande\u201d \u00e8 uno dei sogni di qualunque bambino. E a volte qualcuno di questi sogni si avvera. In effetti, oltre al prete e all\u2019aviere, il mio sogno da bambino era quello di fare \u201cil falegname delle ossa\u201d. Perch\u00e9 tra gli amici di mio padre c\u2019era un commercialista poliomielitico che camminava con il bastone, con difficolt\u00e0 e doveva sempre \u201cricoverarsi per farsi allungare la gamba\u2026\u201d, intervento che non fece mai; ma ho un suo ricordo nitido al volante di una bellissima Giulietta cabrio rossa che \u00e8 rimasta la mia auto preferita\u00bb.<\/p>\n<p><strong>Fabrizio Grilli<\/strong> \u00abDa bambino volevo fare l\u2019odontotecnico\u00bb.<\/p>\n<p><strong>&#8211; Quando si \u00e8 iscritto a Medicina aveva gi\u00e0 un progetto professionale?<\/strong><br \/>\n<strong>Ferdinando Priano<\/strong> \u00abL\u2019ingresso alla facolt\u00e0 di Medicina ha rafforzato una mia tendenza innata al praticismo professionale. Mi spiego. Non amavo il metodo mentale, inteso come \u201cmodus pensandi\u201d, dei medici di medicina generalistica, allora molto inseriti nel mondo sanitario e definiti come internisti, votati a risultati non immediati o comunque non evidenti ai miei occhi che forse erano, oltre che giovani e un po\u2019 superficiali, anche tendenti all\u2019idea di un rapido risultato\u00bb.<\/p>\n<p><strong>Fabrizio Grilli<\/strong> \u00abMi sono iscritto a Medicina perch\u00e9 non avevo superato il test di ammissione al Corso di laurea in Odontoiatria, ma avevo superato il test di ammissione a quello di Medicina e chirurgia. Quindi non avevo in realt\u00e0 uno specifico progetto professionale all\u2019inizio\u00bb.<\/p>\n<p><strong>&#8211; Come ha scelto la sua specializzazione e perch\u00e9? C\u2019\u00e8 stato un suo maestro, oppure un episodio, che ha influito su questa scelta?<\/strong><\/p>\n<p><strong>Ferdinando Priano<\/strong> \u00abIn facolt\u00e0 incontrai alcuni studenti, molto estroversi, che si dedicavano tutti a specialit\u00e0 chirurgiche. Con loro ho vissuto un periodo di grande libert\u00e0 e di sogni di gloria veramente unico nella mia vita. Con queste idee in testa mi sono avviato all\u2019Ortopedia, specialit\u00e0 difficile, allora ambiente duro e verticistico, ma che si avvicinava moltissimo al mio ideale di lavoro\u00bb.<\/p>\n<p><strong>Fabrizio Grilli<\/strong> \u00abLa scelta di fare l\u2019ortopedico \u00e8 nata frequentando il reparto di Reumatologia durante il 5\u00b0 anno del Corso di laurea in Medicina. Durante le visite presso l\u2019ambulatorio di Reumatologia numerosi erano i pazienti portatori di protesi di anca e di ginocchio e da l\u00ec \u00e8 nato il mio interesse per l\u2019Ortopedia, soprattutto per la chirurgia protesica\u00bb.<\/p>\n<p><strong>&#8211; Cosa pensa di aver insegnato in questi anni di professione?<\/strong><\/p>\n<p><strong>Ferdinando Priano<\/strong> \u00abIl periodo pi\u00f9 florido della mia vita professionale \u00e8 stato successivo; dalla mia \u201cescursione\u201d in importanti centri ortopedici stranieri, dove ho acquisito molti concetti chirurgici innovativi e quindi al mio ritorno in Italia ho potuto mostrare e insegnare a tanti giovani le mie conoscenze e manualit\u00e0 chirurgiche. E devo dire che questo trend \u00e8 proseguito anche quando mi sono allontanato dall\u2019Universit\u00e0. Ho avuto in quei tempi la fortuna di lavorare con un grande chirurgo che mi ha assecondato lasciandomi spazi operativi e di insegnamento\u00bb.<\/p>\n<p><strong>&#8211; Cosa trova di positivo nel confrontarsi con colleghi, in particolare se pi\u00f9 giovani?<\/strong><\/p>\n<p><strong>Ferdinando Priano<\/strong> \u00abIn ogni campo la socialit\u00e0 ha dei vantaggi; in campo professionale questa socialit\u00e0 vuol dire trovare, specialmente con i giovani, quel filo conduttore di interessi che si possono scoprire solo restando gomito a gomito in ogni attimo lavorativo, sia di difficolt\u00e0 sia di routine\u00bb.<\/p>\n<p><strong>&#8211; Quali sono le persone che Le hanno dato di pi\u00f9 in termini di esperienza trasmessa?<\/strong><\/p>\n<p><strong>Fabrizio Grilli<\/strong> \u00abInizialmente il prof. Pipino che all\u2019epoca era Direttore della Clinica di Ortopedia e traumatologia dell\u2019Universit\u00e0 di Genova. Per\u00f2 io devo ringraziare soprattutto il prof. Priano, un vero maestro, perch\u00e9 riesce a vedere al di l\u00e0 dei banchi di scuola. \u00c8 grazie a lui che ho avuto una crescita professionale e non solo\u00bb.<\/p>\n<p><strong>&#8211; Cosa \u00e8 riuscito a \u201ccarpire \u201cda persone di maggior esperienza?<\/strong><\/p>\n<p><strong>Fabrizio Grilli<\/strong> \u00abCome porsi nei confronti del paziente, come affrontare un intervento chirurgo\u00bb.<\/p>\n<p><strong>&#8211; Ha un hobby o appartiene alla categoria di professionisti che come hobby hanno il lavoro?<\/strong><\/p>\n<p><strong>Ferdinando Priano<\/strong> \u00abLa mia vita \u00e8 stata ed \u00e8 caratterizzata dal lavoro, dalla famiglia prima di tutto e poi da una giostra di attivit\u00e0, che io definisco di stretching mentale, nelle quali sono intrappolato. Ho la passione per le Alfa Romeo cabriolet rosse, per i quadri moderni e contemporanei, per i film di Tognazzi e per altro\u00bb.<\/p>\n<p><strong>Fabrizio Grilli<\/strong> \u00abNo, non appartengo alla categoria di colleghi che come hobby hanno sono il lavoro. Ho la fortuna di potermi ritagliare del tempo libero per stare con la mia famiglia e con gli amici\u00bb.<\/p>\n<p><strong>&#8211; A che cosa ha rinunciato per la professione o per un intervento urgente (un viaggio, un incontro, una festa, una vacanza)?<\/strong><\/p>\n<p><strong>Ferdinando Priano<\/strong> \u00abIl lavoro, nella vita, mi ha dato moltissimo e penso di non aver mai rinunciato consapevolmente a nulla per esso\u00bb.<\/p>\n<p><strong>Fabrizio Grilli<\/strong> \u00abPer la professione non ho mai rinunciato a nulla; per un intervento urgente, ma proprio perch\u00e9 si tratta di un\u2019urgenza, mi \u00e8 capitato di rinunciare a una festa o a una cena\u00bb.<\/p>\n<p><strong>&#8211; Cosa pensa la sua famiglia del suo impegno?<\/strong><\/p>\n<p><strong>Ferdinando Priano<\/strong> \u00abSe parlo della mia famiglia vera, moglie e figli, solo gioie per fortuna. Se parlo della mia famiglia lavorativa, posso dire solo cose buone. Lavoro e ho lavorato con molti medici ortopedici che mi hanno scelto come senior partner e con i quali porto avanti un gruppo professionale eterogeneo ma di qualit\u00e0\u00bb.<\/p>\n<p><strong>Fabrizio Grilli<\/strong> \u00abLa mia famiglia rappresenta la mia forza e loro sono molto orgogliosi di me\u00bb.<\/p>\n","protected":false},"excerpt":{"rendered":"<p>Ferdinando Priano\u00a0e Fabrizio Grilli, specialisti in Ortopedia e Traumatologia, si confrontano per la rubrica \u201cGenerazioni in sala\u201d sui temi pi\u00f9 [&hellip;]<\/p>\n","protected":false},"author":5,"featured_media":6865,"comment_status":"open","ping_status":"open","sticky":false,"template":"","format":"standard","meta":{"_acf_changed":false,"footnotes":""},"categories":[1120,139],"tags":[],"acf":[],"_links":{"self":[{"href":"https:\/\/www.montallegro.it\/magazine\/wp-json\/wp\/v2\/posts\/6864"}],"collection":[{"href":"https:\/\/www.montallegro.it\/magazine\/wp-json\/wp\/v2\/posts"}],"about":[{"href":"https:\/\/www.montallegro.it\/magazine\/wp-json\/wp\/v2\/types\/post"}],"author":[{"embeddable":true,"href":"https:\/\/www.montallegro.it\/magazine\/wp-json\/wp\/v2\/users\/5"}],"replies":[{"embeddable":true,"href":"https:\/\/www.montallegro.it\/magazine\/wp-json\/wp\/v2\/comments?post=6864"}],"version-history":[{"count":0,"href":"https:\/\/www.montallegro.it\/magazine\/wp-json\/wp\/v2\/posts\/6864\/revisions"}],"wp:featuredmedia":[{"embeddable":true,"href":"https:\/\/www.montallegro.it\/magazine\/wp-json\/wp\/v2\/media\/6865"}],"wp:attachment":[{"href":"https:\/\/www.montallegro.it\/magazine\/wp-json\/wp\/v2\/media?parent=6864"}],"wp:term":[{"taxonomy":"category","embeddable":true,"href":"https:\/\/www.montallegro.it\/magazine\/wp-json\/wp\/v2\/categories?post=6864"},{"taxonomy":"post_tag","embeddable":true,"href":"https:\/\/www.montallegro.it\/magazine\/wp-json\/wp\/v2\/tags?post=6864"}],"curies":[{"name":"wp","href":"https:\/\/api.w.org\/{rel}","templated":true}]}}