


{"id":6779,"date":"2022-08-10T07:41:53","date_gmt":"2022-08-10T05:41:53","guid":{"rendered":"https:\/\/www.montallegro.it\/magazine\/guglielmo-azioni-la-formazione-e-ripartita-un-bene-scientifico-e-per-le-relazioni\/"},"modified":"2022-08-10T07:41:53","modified_gmt":"2022-08-10T05:41:53","slug":"guglielmo-azioni-la-formazione-e-ripartita-un-bene-scientifico-e-per-le-relazioni","status":"publish","type":"post","link":"https:\/\/www.montallegro.it\/magazine\/guglielmo-azioni-la-formazione-e-ripartita-un-bene-scientifico-e-per-le-relazioni\/","title":{"rendered":"Guglielmo Azioni: \u00abLa formazione \u00e8 ripartita. Un bene scientifico e per le relazioni\u00bb"},"content":{"rendered":"<p>Lo spazio al 23\/24 piano di Torre San Vincenzo, che Montallegro si \u00e8 &#8220;regalato&#8221; per celebrare al meglio i suoi primi 70 anni, sta diventando un punto di riferimento per eventi interni \u2013 come nel caso della giornata di chirurgia in diretta svoltasi lo scorso 2 luglio, che ha portato a Genova cinquanta chirurghi plastici da tutta Italia \u2013 ma anche per eventi di formazione organizzati in autonomia da specialisti. <a href=\"http:\/\/dev1.dayone.network\/specialisti\/guglielmo-azioni\/\" target=\"_blank\" rel=\"noopener\"><strong>Guglielmo Azioni<\/strong><\/a>, ginecologo con ambulatorio anche in Montallegro, \u00e8 uno di questi. Nei primi mesi dell&#8217;anno, infatti, ha svolto in TSV70 attivit\u00e0 formativa destinata ai ginecologi liguri. Gli abbiamo chiesto come \u00e8 andata.<\/p>\n<p><strong>&#8211; Dopo un biennio difficile per gli eventi medici, il 2022 sembra aver riportato la situazione alla normalit\u00e0. Quanto \u00e8 stato importante potersi re-incontrare?<\/strong><br \/>\n\u00abIl Covid ha scombussolato le nostre vite e anche la formazione ne ha risentito. Dopo un lungo digiuno di incontri, \u00e8 stato molto importante ripartire e questi eventi sono stati mirati a coinvolgere anche ginecologi non ospedalieri, per avere un confronto tra chi lavora in ospedale e chi fa la parte ambulatoriale. Al di l\u00e0 del valore scientifico, mi piace sottolineare il valore della relazione, che si era perso\u00bb.<\/p>\n<p><strong>&#8211; Quali sono stati i risultati di questi incontri?<\/strong><br \/>\n\u00abSono soddisfatto per le presenze, quantitativimente significative. Ma soprattutto per i riscontri dei colleghi intervenuti, sia docenti, sia discenti. Ho infatti recepito un ottimo ritorno in termini di gradimento per i contenuti e per la modalit\u00e0 amichevole e colloquiale con cui si sono affrontati i diversi argomenti. Ancor pi\u00f9 sembra essere cosa gradita a tutti l&#8217;aver creato queste occasioni in cui anche in maniera conviviale ci si conosce meglio e si creano e rafforzano amicizie e rapporti di collabarazione\u00bb.<\/p>\n<p><strong>&#8211; TSV70 \u00e8 uno spazio nuovo, nel cuore di Genova. Sicuramente molto bello, ma \u00e8 anche funzionale?<\/strong><br \/>\n\u00abAssolutamente. La centralit\u00e0 \u00e8 un valore aggiunto, la vista \u00e8 straordinaria, ma la modularit\u00e0 degli spazi e la loro conformazione lo rendono assolutamente consono a questo tipo di attivit\u00e0 formativa\u00bb.<\/p>\n<p><strong>&#8211; C&#8217;\u00e8 qualche nuova iniziativa in programma?<\/strong><br \/>\n\u00abStiamo organizzano un incontro in autunno sull&#8217;adenocarcinoma dell&#8217;endometrio, destinato a un pubblico ospedaliero ed extraospedaliero. Poi un corso sugli interventi in laparoscopia per il prolasso uterino, che si terr\u00e0 probabilmente in Montallegro. L&#8217;evento di live surgery che si \u00e8 svolto lo scorso 2 luglio apre ulteriori interessanti scenari\u00bb.<\/p>\n<p><strong>&#8211; Nel frattempo, \u00e8 arrivata una novit\u00e0 professionale importante, per lei. Pu\u00f2 dirci qualcosa?<\/strong><br \/>\n\u00abDal 18 luglio ho cominciato la collaborazione con la Clinica Universitaria di Ginecologia e Ostetricia del Policlinico San Martino di Genova. \u00c8 un passo importante, che mi permette di entrare nell&#8217;ospedale di riferimento per la parte universitaria e di continuare la mia attivit\u00e0 chirurgica\u00bb.<\/p>\n","protected":false},"excerpt":{"rendered":"<p>Lo spazio al 23\/24 piano di Torre San Vincenzo, che Montallegro si \u00e8 &#8220;regalato&#8221; per celebrare al meglio i suoi [&hellip;]<\/p>\n","protected":false},"author":5,"featured_media":6780,"comment_status":"open","ping_status":"open","sticky":false,"template":"","format":"standard","meta":{"_acf_changed":false,"footnotes":""},"categories":[3],"tags":[480,1118],"acf":[],"_links":{"self":[{"href":"https:\/\/www.montallegro.it\/magazine\/wp-json\/wp\/v2\/posts\/6779"}],"collection":[{"href":"https:\/\/www.montallegro.it\/magazine\/wp-json\/wp\/v2\/posts"}],"about":[{"href":"https:\/\/www.montallegro.it\/magazine\/wp-json\/wp\/v2\/types\/post"}],"author":[{"embeddable":true,"href":"https:\/\/www.montallegro.it\/magazine\/wp-json\/wp\/v2\/users\/5"}],"replies":[{"embeddable":true,"href":"https:\/\/www.montallegro.it\/magazine\/wp-json\/wp\/v2\/comments?post=6779"}],"version-history":[{"count":0,"href":"https:\/\/www.montallegro.it\/magazine\/wp-json\/wp\/v2\/posts\/6779\/revisions"}],"wp:featuredmedia":[{"embeddable":true,"href":"https:\/\/www.montallegro.it\/magazine\/wp-json\/wp\/v2\/media\/6780"}],"wp:attachment":[{"href":"https:\/\/www.montallegro.it\/magazine\/wp-json\/wp\/v2\/media?parent=6779"}],"wp:term":[{"taxonomy":"category","embeddable":true,"href":"https:\/\/www.montallegro.it\/magazine\/wp-json\/wp\/v2\/categories?post=6779"},{"taxonomy":"post_tag","embeddable":true,"href":"https:\/\/www.montallegro.it\/magazine\/wp-json\/wp\/v2\/tags?post=6779"}],"curies":[{"name":"wp","href":"https:\/\/api.w.org\/{rel}","templated":true}]}}