


{"id":6570,"date":"2021-12-17T12:52:49","date_gmt":"2021-12-17T11:52:49","guid":{"rendered":"https:\/\/www.montallegro.it\/magazine\/?p=6570"},"modified":"2021-12-17T12:52:49","modified_gmt":"2021-12-17T11:52:49","slug":"un-corso-di-life-support-per-montallegro","status":"publish","type":"post","link":"https:\/\/www.montallegro.it\/magazine\/un-corso-di-life-support-per-montallegro\/","title":{"rendered":"Un corso di &#8220;life support&#8221; per Montallegro"},"content":{"rendered":"<p>Il personale di assistenza di <strong>Montallegr<\/strong>o parteciper\u00e0 a un corso di formazione presso il <a href=\"https:\/\/simav.unige.it\/\">SimAv<\/a>, Centro di simulazione e formazione avanzata dell\u2019Universit\u00e0 di Genova. Oggetto del corso il <strong>BLSD<\/strong>, acronimo di Basic Life Support &#8211; early Defibrillation che raccoglie l&#8217;insieme delle manovre finalizzate al ripristino del battito cardiaco in caso di arresto. In pratica il BLSD si pu\u00f2 interpretare come supporto di base delle funzioni vitali e defibrillazione precoce: il corso consente l\u2019aggiornamento relativo al soccorso ai soggetti colpiti da attacco cardiaco con rianimazione cardiopolmonare e defibrillazione.<\/p>\n<p>Il personale di Montallegro interessato (108 dipendenti su 173, vale a dire i sei anestesisti, gli infermieri, i tecnici di radiologia, i fisioterapisti e gli operatori socio sanitari) sar\u00e0 suddiviso in sei giornate di formazione, 20, 22 e 23 dicembre e 10, 11, 12 gennaio 2022.<\/p>\n<p>Questa iniziativa fa parte del progetto di formazione continua in medicina (ECM) che coinvolge periodicamente tutto il personale di assistenza Montallegro sia per il 2021 sia per il prossimo anno.<\/p>\n<p>Il corso BLSD tende a mantenere vive le capacit\u00e0 rianimatorie di tutti, visto che il personale della Casa di cura, per fortuna, non \u00e8 chiamato a rianimare di sovente. L&#8217;obiettivo dei corsi BLSD \u00e8 di consentire di mettere in pratica manovre di primo soccorso che potrebbero salvare la vita a persone colpite da morte cardiaca improvvisa o da disturbi che portano all&#8217;arresto respiratorio e all&#8217;arresto cardiaco. Occorre ricordare che l&#8217;arresto cardiaco improvviso \u00e8 tra le principali cause di morte in Europa.<\/p>\n<p>Il SimAv dell&#8217;Universit\u00e0 ha sede nell&#8217;area della &#8220;cittadella&#8221; universitaria e ospedaliera di San Martino, in via Antonio Pastore 3, ed \u00e8 guidato da docenti rappresentanti della scuola di scienze mediche e farmaceutiche, della scuola di scienze matematiche fisiche e naturali, della scuola politecnica, ma anche della scuola di scienze sociali e della scuola di scienze umanistiche.<\/p>\n<p>&nbsp;<\/p>\n<p><em>La foto di apertura \u00e8 tratta dal sito del SimAv.<\/em><\/p>\n","protected":false},"excerpt":{"rendered":"<p>Il personale di assistenza di Montallegro parteciper\u00e0 a un corso di formazione presso il SimAv, Centro di simulazione e formazione [&hellip;]<\/p>\n","protected":false},"author":5,"featured_media":6571,"comment_status":"open","ping_status":"open","sticky":false,"template":"","format":"standard","meta":{"_acf_changed":false,"footnotes":""},"categories":[3],"tags":[1089,1088,1091,36,1090],"acf":[],"_links":{"self":[{"href":"https:\/\/www.montallegro.it\/magazine\/wp-json\/wp\/v2\/posts\/6570"}],"collection":[{"href":"https:\/\/www.montallegro.it\/magazine\/wp-json\/wp\/v2\/posts"}],"about":[{"href":"https:\/\/www.montallegro.it\/magazine\/wp-json\/wp\/v2\/types\/post"}],"author":[{"embeddable":true,"href":"https:\/\/www.montallegro.it\/magazine\/wp-json\/wp\/v2\/users\/5"}],"replies":[{"embeddable":true,"href":"https:\/\/www.montallegro.it\/magazine\/wp-json\/wp\/v2\/comments?post=6570"}],"version-history":[{"count":7,"href":"https:\/\/www.montallegro.it\/magazine\/wp-json\/wp\/v2\/posts\/6570\/revisions"}],"predecessor-version":[{"id":6579,"href":"https:\/\/www.montallegro.it\/magazine\/wp-json\/wp\/v2\/posts\/6570\/revisions\/6579"}],"wp:featuredmedia":[{"embeddable":true,"href":"https:\/\/www.montallegro.it\/magazine\/wp-json\/wp\/v2\/media\/6571"}],"wp:attachment":[{"href":"https:\/\/www.montallegro.it\/magazine\/wp-json\/wp\/v2\/media?parent=6570"}],"wp:term":[{"taxonomy":"category","embeddable":true,"href":"https:\/\/www.montallegro.it\/magazine\/wp-json\/wp\/v2\/categories?post=6570"},{"taxonomy":"post_tag","embeddable":true,"href":"https:\/\/www.montallegro.it\/magazine\/wp-json\/wp\/v2\/tags?post=6570"}],"curies":[{"name":"wp","href":"https:\/\/api.w.org\/{rel}","templated":true}]}}