


{"id":6554,"date":"2021-12-03T07:07:05","date_gmt":"2021-12-03T06:07:05","guid":{"rendered":"https:\/\/www.montallegro.it\/magazine\/?p=6554"},"modified":"2021-12-03T07:09:58","modified_gmt":"2021-12-03T06:09:58","slug":"i-dati-per-comprendere-la-sanita-integrativa","status":"publish","type":"post","link":"https:\/\/www.montallegro.it\/magazine\/i-dati-per-comprendere-la-sanita-integrativa\/","title":{"rendered":"I dati per comprendere la sanit\u00e0 integrativa"},"content":{"rendered":"<p>Al MiCo di Milano, in occasione di <strong>Connext<\/strong>, l\u2019incontro nazionale di partenariato industriale di <strong>Confindustria<\/strong>, si parla di <strong>sanit\u00e0 integrativa<\/strong> del prossimo futuro con una serie di eventi organizzati dal <strong>Fasi<\/strong> (Fondo Assistenza Sanitaria Integrativa). Si tratta di un appuntamento di notevole rilevanza per un utile confronto tra aziende, partner economici e pubblica amministrazione.<br \/>\nI temi dibattuti sono di grande attualit\u00e0. Tra l&#8217;altro: &#8220;Le potenzialit\u00e0 dei servizi di medicina a distanza nell\u2019ambito della sanit\u00e0 integrativa&#8221; e &#8220;La condivisione dei dati: una nuova opportunit\u00e0 per la sanit\u00e0 integrativa&#8221; con interventi di esperti, studiosi, imprenditori. L&#8217;a.d di Montallegro <strong>Francesco Berti Riboli<\/strong>, coordinatore della commissione sanit\u00e0 integrativa di <strong>AIOP<\/strong> (Associazione italiana ospedalit\u00e0 privata), ha parlato ieri sul tema \u201cLa condivisione dei dati sanitari\u201d.<\/p>\n<p>Qui il testo dell&#8217;intervento di Francesco Berti Riboli; <a href=\"https:\/\/www.montallegro.it\/magazine\/wp-content\/uploads\/sites\/2\/2021\/12\/connextFBR.pdf\">connextFBR<\/a><\/p>\n<p><em>Nella foto di apertura, l&#8217;intervento di Berti Riboli (a destra)<\/em><\/p>\n","protected":false},"excerpt":{"rendered":"<p>Al MiCo di Milano, in occasione di Connext, l\u2019incontro nazionale di partenariato industriale di Confindustria, si parla di sanit\u00e0 integrativa [&hellip;]<\/p>\n","protected":false},"author":4,"featured_media":6559,"comment_status":"open","ping_status":"open","sticky":false,"template":"","format":"standard","meta":{"_acf_changed":false,"footnotes":""},"categories":[311,139,3],"tags":[96,1022,1078,505,97,600],"acf":[],"_links":{"self":[{"href":"https:\/\/www.montallegro.it\/magazine\/wp-json\/wp\/v2\/posts\/6554"}],"collection":[{"href":"https:\/\/www.montallegro.it\/magazine\/wp-json\/wp\/v2\/posts"}],"about":[{"href":"https:\/\/www.montallegro.it\/magazine\/wp-json\/wp\/v2\/types\/post"}],"author":[{"embeddable":true,"href":"https:\/\/www.montallegro.it\/magazine\/wp-json\/wp\/v2\/users\/4"}],"replies":[{"embeddable":true,"href":"https:\/\/www.montallegro.it\/magazine\/wp-json\/wp\/v2\/comments?post=6554"}],"version-history":[{"count":5,"href":"https:\/\/www.montallegro.it\/magazine\/wp-json\/wp\/v2\/posts\/6554\/revisions"}],"predecessor-version":[{"id":6561,"href":"https:\/\/www.montallegro.it\/magazine\/wp-json\/wp\/v2\/posts\/6554\/revisions\/6561"}],"wp:featuredmedia":[{"embeddable":true,"href":"https:\/\/www.montallegro.it\/magazine\/wp-json\/wp\/v2\/media\/6559"}],"wp:attachment":[{"href":"https:\/\/www.montallegro.it\/magazine\/wp-json\/wp\/v2\/media?parent=6554"}],"wp:term":[{"taxonomy":"category","embeddable":true,"href":"https:\/\/www.montallegro.it\/magazine\/wp-json\/wp\/v2\/categories?post=6554"},{"taxonomy":"post_tag","embeddable":true,"href":"https:\/\/www.montallegro.it\/magazine\/wp-json\/wp\/v2\/tags?post=6554"}],"curies":[{"name":"wp","href":"https:\/\/api.w.org\/{rel}","templated":true}]}}