


{"id":6537,"date":"2021-11-15T06:50:53","date_gmt":"2021-11-15T05:50:53","guid":{"rendered":"https:\/\/www.montallegro.it\/magazine\/?p=6537"},"modified":"2021-11-17T17:45:55","modified_gmt":"2021-11-17T16:45:55","slug":"la-prevenzione-dei-tumori-del-collo","status":"publish","type":"post","link":"https:\/\/www.montallegro.it\/magazine\/la-prevenzione-dei-tumori-del-collo\/","title":{"rendered":"La prevenzione dei tumori del collo"},"content":{"rendered":"<p><strong>Montallegro<\/strong> aderisce alla prima <strong>Giornata nazionale di prevenzione SIOeChCF 2021<\/strong> dedicata ai tumori del collo che si svolge marted\u00ec <strong>23 novembre<\/strong>. La SIOeChCF, Societ\u00e0 italiana di otorinolaringoiatria e chirurgia cervico facciale, fondata nel 1891, \u00e8 un\u2019organizzazione medico scientifica che raccoglie specialisti otorinolaringoiatri ospedalieri, universitari e liberi professionisti.<\/p>\n<p>Per questo appuntamento, Montallegro ha messo a disposizione alcuni ambulatori in Villa Rosa: qui marted\u00ec 23 novembre dalle 9 alle 12 si svolgeranno visite cliniche con la compilazione di un report e l\u2019eventuale richiesta di approfondimenti. Se gli specialisti lo riterranno utile, nel pomeriggio \u2013 sempre gratuitamente \u2013 sar\u00e0 attivo un ambulatorio ecografico <span style=\"font-family: Times New Roman, serif\"><span style=\"font-size: medium\">nel Centro diagnostico di Montallegro<\/span><\/span>. In caso di altri approfondimenti, il paziente potr\u00e0 decidere liberamente di eseguirli dove ritiene pi\u00f9 opportuno.<\/p>\n<p>Per informazioni o per prenotare una visita \u00e8 possibile rivolgersi alla segreteria di direzione di Montallegro, tel.<strong> 010.3531201<\/strong> dal luned\u00ec al venerd\u00ec dalle 9 alle 17, email <a href=\"mailto:segreteria@montallegro.it\">segreteria@montallegro.it<\/a>.<\/p>\n<p><img fetchpriority=\"high\" decoding=\"async\" class=\"alignnone size-medium wp-image-6286 alignleft\" src=\"https:\/\/www.montallegro.it\/magazine\/wp-content\/uploads\/sites\/2\/2021\/05\/franco-ameli-682x1024-200x300.jpg\" alt=\"\" width=\"200\" height=\"300\" srcset=\"https:\/\/www.montallegro.it\/magazine\/wp-content\/uploads\/sites\/2\/2021\/05\/franco-ameli-682x1024-200x300.jpg 200w, https:\/\/www.montallegro.it\/magazine\/wp-content\/uploads\/sites\/2\/2021\/05\/franco-ameli-682x1024.jpg 682w\" sizes=\"(max-width: 200px) 100vw, 200px\" \/>Parliamo dei tumori al collo e della Giornata con <a href=\"https:\/\/www.montallegro.it\/specialisti\/franco-ameli\/\"><strong>Franco Ameli<\/strong><\/a> (<em>nella foto<\/em>), che si occuper\u00e0 delle visite assieme ai suoi colleghi <a href=\"https:\/\/www.montallegro.it\/specialisti\/antonio-fibbi\/\"><strong>Antonio Fibbi<\/strong><\/a> e <a href=\"https:\/\/www.montallegro.it\/specialisti\/fabio-brocchetti\/\"><strong>Fabio Brocchetti<\/strong><\/a>, tutti specialisti in Otorinolaringoiatria con studio in Montallegro.<\/p>\n<p><strong>\u2013 La prima Giornata nazionale di prevenzione dei tumori promossa da SIOeChCF, che si tiene marted\u00ec 23 novembre, \u00e8 dedicata ai tumori del collo. Perch\u00e9 questa scelta? Quale \u00e8 l\u2019incidenza di questi tumori sulla popolazione complessiva?<\/strong><\/p>\n<p>\u00abLa scelta di questa giornata di prevenzione nasce dall\u2019amara considerazione che la met\u00e0 dei casi di tumori della via aerea superiore che si manifestano come primo sintomo con tumefazioni del collo dovute alle metastasi dei linfonodi del collo giunge alla prima diagnosi in stato avanzato di malattia. I tumori che si presentano in questa sede rappresentano il 3% di tutti i tumori, numericamente sono circa la met\u00e0 dei casi del tumore al polmone\u00bb.<\/p>\n<p><strong>\u2013 L\u2019iniziativa tende a creare un\u2019abitudine alla prevenzione e anche a far comprendere che il chirurgo otorinolaringoiatra \u00e8 lo specialista di competenza per questo particolare distretto. \u00c8 cos\u00ec?<\/strong><\/p>\n<p>\u00abLa prevenzione cambia tutto: in questo tipo di tumore, una diagnosi in stadio avanzato porta un tasso di sopravvivenza a 5 anni del 60%, una diagnosi negli stadi iniziali di malattia conduce a un tasso di sopravvivenza dell\u201980-90 % a 5 anni. Una differenza enorme dove la prevenzione o la diagnosi non appena compare un sintomo della via aerea o una tumefazione del collo significa un\u2019importante e significativa differenza di impatto di sopravvivenza. L\u2019otorinolaringoiatra si occupa del collo e dei suoi organi interni che sono strettamente collegati con la via aerea superiore, soprattutto dal punto di vista oncologico\u00bb.<\/p>\n<p><strong>\u2013 Montallegro aderisce all\u2019iniziativa: lei e altri specialisti sarete disponibili dalle 9 alle 12 per visite gratuite. Che tipo di visite?<\/strong><\/p>\n<p>\u00abMontallegro ha sempre creduto nella prevenzione e ancora di pi\u00f9 nel fondamentale concetto di educare il grande pubblico alla salute. La prevenzione si lega in modo stretto e imprescindibile all\u2019educazione della salute. E da questo nasce il vero risparmio della spesa sanitaria per il bene della collettivit\u00e0. Ogni diagnosi precoce effettuata significa una cura pi\u00f9 rapida, tempestiva, di basso impatto e per un tempo pi\u00f9 breve con considerevole impatto positivo sul paziente, sui suoi famigliari, sull\u2019abilit\u00e0 lavorativa del soggetto con risparmio complessivo di cure complesse. Ci saranno a disposizione alcuni specialisti ORL che abitualmente svolgono servizio in Montallegro\u00bb.<\/p>\n<p><strong>\u2013 E se fosse necessaria l\u2019ecotomografia?<\/strong><\/p>\n<p>\u00abIn caso venga intercettato un paziente, verranno richiesti gli approfondimenti necessari in relazione alle condizioni cliniche evidenziate; il primo esame di screening \u00e8 spesso rappresentato da una ecotomografia del collo in modo da studiare alcune caratteristiche gli organi in esso contenuti. Per facilitare il completamento dell\u2019inquadramento in questi casi, Montallegro ha addirittura messo a disposizione alcuni specialisti radiologici per poter raggiungere il massimo delle informazioni nel minor tempo possibile\u00bb.<\/p>\n<p><strong>\u2013 Come mai la consapevolezza sociale dei tumori testa-collo \u00e8 ancora cos\u00ec scarsa? Tanto che oltre la met\u00e0 dei casi giunge alla prima diagnosi con malattia localmente avanzata o gi\u00e0 metastatica?<\/strong><\/p>\n<p>\u00abPercepire una tumefazione del collo spesso non impensierisce il paziente e un ritardo diagnostico di alcuni mesi pu\u00f2 cambiare completamente le prospettive di cura. I linfonodi del collo rappresentano spesso metastasi di tumori localizzati in bocca o in gola. Oltre la met\u00e0 dei casi giunge alla prima diagnosi con malattia gi\u00e0 allo stadio avanzato\u00bb.<\/p>\n<p><strong>\u2013 Quali sono i sintomi che dovrebbero allarmare i pazienti?<\/strong><\/p>\n<p>\u00abQualsiasi tumefazione grande o piccola che sia, di lato o davanti al collo che persiste per pi\u00f9 di 10 giorni dovrebbe essere sempre analizzata. Ma necessario allarmarsi anche in caso di lesioni della bocca persistenti anche se non non dolenti, dolori costantemente localizzati in un punto preciso della via area, dolori nella deglutizione, cambiamenti di voce persistenti\u00bb.<\/p>\n<p><strong>\u2013 Quali sono i consigli di vita e di buone abitudini, oltre alla prevenzione, per evitare questi tumori?<\/strong><\/p>\n<p>\u00abIl 75% dei tumori del distretto testa collo \u00e8 causato dal fumo di tabacco e dall\u2019abuso alcoolico e i rischi aumentano se questi due fattori sono combinati insieme. Altri fattori di rischio sono rappresentati da esposizioni prolungate a materiali nocivi (polvere di legno, nichel, lavorazioni del cuoio, amianto) o a infezioni virali in grado di innescare trasformazioni cellulari (virus del papilloma umano o virus della mononucleosi\u00bb<\/p>\n","protected":false},"excerpt":{"rendered":"<p>Montallegro aderisce alla prima Giornata nazionale di prevenzione SIOeChCF 2021 dedicata ai tumori del collo che si svolge marted\u00ec 23 [&hellip;]<\/p>\n","protected":false},"author":5,"featured_media":6539,"comment_status":"open","ping_status":"open","sticky":false,"template":"","format":"standard","meta":{"_acf_changed":false,"footnotes":""},"categories":[311,139,141],"tags":[1075,733,1073,36,1077,26,1074,1076,1072],"acf":[],"_links":{"self":[{"href":"https:\/\/www.montallegro.it\/magazine\/wp-json\/wp\/v2\/posts\/6537"}],"collection":[{"href":"https:\/\/www.montallegro.it\/magazine\/wp-json\/wp\/v2\/posts"}],"about":[{"href":"https:\/\/www.montallegro.it\/magazine\/wp-json\/wp\/v2\/types\/post"}],"author":[{"embeddable":true,"href":"https:\/\/www.montallegro.it\/magazine\/wp-json\/wp\/v2\/users\/5"}],"replies":[{"embeddable":true,"href":"https:\/\/www.montallegro.it\/magazine\/wp-json\/wp\/v2\/comments?post=6537"}],"version-history":[{"count":11,"href":"https:\/\/www.montallegro.it\/magazine\/wp-json\/wp\/v2\/posts\/6537\/revisions"}],"predecessor-version":[{"id":6550,"href":"https:\/\/www.montallegro.it\/magazine\/wp-json\/wp\/v2\/posts\/6537\/revisions\/6550"}],"wp:featuredmedia":[{"embeddable":true,"href":"https:\/\/www.montallegro.it\/magazine\/wp-json\/wp\/v2\/media\/6539"}],"wp:attachment":[{"href":"https:\/\/www.montallegro.it\/magazine\/wp-json\/wp\/v2\/media?parent=6537"}],"wp:term":[{"taxonomy":"category","embeddable":true,"href":"https:\/\/www.montallegro.it\/magazine\/wp-json\/wp\/v2\/categories?post=6537"},{"taxonomy":"post_tag","embeddable":true,"href":"https:\/\/www.montallegro.it\/magazine\/wp-json\/wp\/v2\/tags?post=6537"}],"curies":[{"name":"wp","href":"https:\/\/api.w.org\/{rel}","templated":true}]}}