


{"id":6399,"date":"2021-10-04T17:18:15","date_gmt":"2021-10-04T15:18:15","guid":{"rendered":"https:\/\/www.montallegro.it\/magazine\/?p=6399"},"modified":"2022-02-04T18:09:56","modified_gmt":"2022-02-04T17:09:56","slug":"e-stato-il-destino-a-decidere-il-mio-lavoro","status":"publish","type":"post","link":"https:\/\/www.montallegro.it\/magazine\/e-stato-il-destino-a-decidere-il-mio-lavoro\/","title":{"rendered":"\u00ab\u00c8 stato il destino a decidere il mio lavoro\u00bb"},"content":{"rendered":"<p align=\"JUSTIFY\"><b><img fetchpriority=\"high\" decoding=\"async\" class=\"alignnone size-medium wp-image-6404 alignleft\" src=\"https:\/\/www.montallegro.it\/magazine\/wp-content\/uploads\/sites\/2\/2021\/10\/alberto-cecchini-287x300.jpg\" alt=\"\" width=\"287\" height=\"300\" srcset=\"https:\/\/www.montallegro.it\/magazine\/wp-content\/uploads\/sites\/2\/2021\/10\/alberto-cecchini-287x300.jpg 287w, https:\/\/www.montallegro.it\/magazine\/wp-content\/uploads\/sites\/2\/2021\/10\/alberto-cecchini-768x802.jpg 768w, https:\/\/www.montallegro.it\/magazine\/wp-content\/uploads\/sites\/2\/2021\/10\/alberto-cecchini.jpg 980w\" sizes=\"(max-width: 287px) 100vw, 287px\" \/>&#8211; Perch\u00e9 ha scelto la specializzazione in anestesia e rianimazione che, tra l&#8217;altro, comporta un lavoro in un ospedale con limiti per la libera professione ?<\/b><\/p>\n<p align=\"JUSTIFY\"><span style=\"font-family: Times New Roman, serif\">\u00ab<\/span>Appena laureato in realt\u00e0 non avevo idee cosi chiare. Ho fatto esame di ammissione sia alla scuola di oculistica sia a quella di anestesia, non sono stato ammesso alla prima e il destino si \u00e8 compiuto cos\u00ec. Ora devo dire che il destino \u00e8 stato bravo a vederci pi\u00f9 lungo di me, negli anni questo lavoro mi si \u00e8 cucito addosso e ora non mi vedrei con nessun altro abito<span style=\"font-family: Times New Roman, serif\">\u00bb<\/span>.<\/p>\n<p align=\"JUSTIFY\"><b>&#8211; L&#8217;anestesista \u00e8 paragonabile a un mediano che \u201ctiene assieme\u201d la squadra permettendo al chirurgo-bomber di andare in rete? O anche l&#8217;anestesista spesso diventa bomber?<\/b><\/p>\n<p align=\"JUSTIFY\"><span style=\"font-family: Times New Roman, serif\">\u00ab<\/span>Ma magari giocare entro i limiti di un ruolo ben definito!, sarebbe pi\u00f9 facile e sai quante responsabilit\u00e0 per non dire grane di meno&#8230; no, l&#8217;anestesista nella sua formazione e poi negli anni sul campo acquisisce conoscenze di tutte le specialit\u00e0 chirurgiche e mediche, sia acute sia croniche, e questo fa di noi dei jolly capaci di giocare a tutto campo, perdipi\u00f9 h24. Bello ma ogni tanto una maledizione&#8230;<span style=\"font-family: Times New Roman, serif\">\u00bb.<\/span><\/p>\n<ul>\n<li><b>Quale \u00e8 l&#8217;elemento fondamentale nel rapporto tra anestesista a paziente?<\/b><\/li>\n<\/ul>\n<p align=\"JUSTIFY\"><span style=\"font-family: Times New Roman, serif\">\u00ab<\/span>La fiducia, e il rispetto&#8230; non facile, bisogna sudarseli entrambi&#8230; garantire professionalit\u00e0 e essere capaci e se non lo si \u00e8 imparare ad ascoltare<span style=\"font-family: Times New Roman, serif\">\u00bb<\/span>.<\/p>\n<p align=\"JUSTIFY\"><b>&#8211; Ogni anestesista tende a specializzarsi su tecniche particolari. Per esempio le moderne tecniche che consentono la gestione del dolore dopo un intervento chirugico. Lei quali predilige e perch\u00e9?<\/b><\/p>\n<p align=\"JUSTIFY\"><span style=\"font-family: Times New Roman, serif\">\u00ab<\/span>Premesso che per fortuna a oggi le tecniche di controllo del dolore post operatorio sono molte e sempre pi\u00f9 efficaci, personalmente sono un tifoso della tecnica peridurale&#8230; semplice, efficace, con pochissime controindicazioni a fronte di un risultato sempre ottimo e ben gestibile nel tempo modulando la durata e la profondit\u00e0 in base alle esigenze e il vissuto del paziente. Insomma, mi piace<span style=\"font-family: Times New Roman, serif\">\u00bb<\/span>.<\/p>\n<p align=\"JUSTIFY\"><b>&#8211; Un aneddoto che riassuma la sua esperienza professionale.<\/b><\/p>\n<p align=\"JUSTIFY\"><span style=\"font-family: Times New Roman, serif\">\u00ab<\/span>Tanti tanti anni fa, alla fine della visita preoperatoria, il paziente in programma per il giorno dopo: &#8221; Ma, mi tolga una curiosit\u00e0, voi anestesisti siete medici?&#8221;. Ecco, ho capito che c&#8217;era da lavoraci su&#8230;<span style=\"font-family: Times New Roman, serif\">\u00bb.<\/span><\/p>\n<p align=\"JUSTIFY\"><b>&#8211; Alcuni pazienti temono di \u201csvegliarsi\u201d durante l&#8217;intervento chirurgico: \u00e8 possibile? Come si evita questo rischio?<\/b><\/p>\n<p align=\"JUSTIFY\"><span style=\"font-family: Times New Roman, serif\">\u00ab<\/span>Ahim\u00e8 si, risveglio possibile, gli americani ci hanno anche fatto un film parecchi anni fa&#8230; per fortuna per\u00f2 oramai improbabile. Il monitoraggio del paziente in sala operatoria \u00e8 cosi completo da metterci a disposizione strumenti sempre pi\u00f9 raffinati dedicati proprio al controllo della profondit\u00e0 del livello di anestesia e di conseguenza lo stato di coscienza del paziente. E poi esperienza, e poi attenzione. Sempre<span style=\"font-family: Times New Roman, serif\">\u00bb.<\/span><\/p>\n<p align=\"JUSTIFY\"><b>&#8211; Lei ha un passato in strutture pubbliche, ma ha scelto di entrare in una casa di cura privata. Quale \u00e8 il progetto che l&#8217;ha convinta a fare questo passo?<\/b><\/p>\n<p align=\"JUSTIFY\"><span style=\"font-family: Times New Roman, serif\">\u00ab<\/span>Non &#8220;quale&#8221; progetto, direi semplicemente &#8220;un&#8221; progetto, un gruppo di persone che si riunisce, ne parla, ti coinvolge, ci tiene ad ascoltarti e lo fa in modo semplice e diretto, step by step&#8230; la percezione di idee, di volont\u00e0 di crescita&#8230; movimento&#8230; orgoglio di appartenenza&#8230; il vuoto mi aveva nauseato&#8230;<span style=\"font-family: Times New Roman, serif\">\u00bb.<\/span><\/p>\n<p align=\"JUSTIFY\"><b>&#8211; A Montallegro il gruppo di anestesisti \u00e8 considerato un elemento di qualit\u00e0 e di riconoscibilit\u00e0. Lei come vive questa esperienza?<\/b><\/p>\n<p align=\"JUSTIFY\"><span style=\"font-family: Times New Roman, serif\">\u00ab<\/span>Un bellissimo gruppo, s\u00ec, veramente di un livello altissimo&#8230; anche umanamente, che non \u00e8 facile. Tanti stimoli, non posso che cercare di dare il mio meglio. Rimbocchiamoci le maniche<span style=\"font-family: Times New Roman, serif\">\u00bb<\/span>.<\/p>\n<p align=\"JUSTIFY\"><em>La <a href=\"https:\/\/www.montallegro.it\/specialisti\/alberto-cecchini\/\">scheda<\/a> di Alberto Cecchini.<\/em><\/p>\n<p><em><span style=\"font-family: Times New Roman, serif\"><span style=\"font-size: large\"><a href=\"https:\/\/youtu.be\/Zmn50M6D88U\">Qui<\/a> il filmato dell&#8217;intervista doppia Alberto Cecchini-Luca Cevasco<\/span><\/span><\/em><\/p>\n","protected":false},"excerpt":{"rendered":"<p>&#8211; Perch\u00e9 ha scelto la specializzazione in anestesia e rianimazione che, tra l&#8217;altro, comporta un lavoro in un ospedale con [&hellip;]<\/p>\n","protected":false},"author":4,"featured_media":6422,"comment_status":"open","ping_status":"open","sticky":false,"template":"","format":"standard","meta":{"_acf_changed":false,"footnotes":""},"categories":[139,1107],"tags":[1042,587,1040,36],"acf":[],"_links":{"self":[{"href":"https:\/\/www.montallegro.it\/magazine\/wp-json\/wp\/v2\/posts\/6399"}],"collection":[{"href":"https:\/\/www.montallegro.it\/magazine\/wp-json\/wp\/v2\/posts"}],"about":[{"href":"https:\/\/www.montallegro.it\/magazine\/wp-json\/wp\/v2\/types\/post"}],"author":[{"embeddable":true,"href":"https:\/\/www.montallegro.it\/magazine\/wp-json\/wp\/v2\/users\/4"}],"replies":[{"embeddable":true,"href":"https:\/\/www.montallegro.it\/magazine\/wp-json\/wp\/v2\/comments?post=6399"}],"version-history":[{"count":8,"href":"https:\/\/www.montallegro.it\/magazine\/wp-json\/wp\/v2\/posts\/6399\/revisions"}],"predecessor-version":[{"id":6467,"href":"https:\/\/www.montallegro.it\/magazine\/wp-json\/wp\/v2\/posts\/6399\/revisions\/6467"}],"wp:featuredmedia":[{"embeddable":true,"href":"https:\/\/www.montallegro.it\/magazine\/wp-json\/wp\/v2\/media\/6422"}],"wp:attachment":[{"href":"https:\/\/www.montallegro.it\/magazine\/wp-json\/wp\/v2\/media?parent=6399"}],"wp:term":[{"taxonomy":"category","embeddable":true,"href":"https:\/\/www.montallegro.it\/magazine\/wp-json\/wp\/v2\/categories?post=6399"},{"taxonomy":"post_tag","embeddable":true,"href":"https:\/\/www.montallegro.it\/magazine\/wp-json\/wp\/v2\/tags?post=6399"}],"curies":[{"name":"wp","href":"https:\/\/api.w.org\/{rel}","templated":true}]}}