


{"id":6291,"date":"2021-05-28T07:18:33","date_gmt":"2021-05-28T05:18:33","guid":{"rendered":"https:\/\/www.montallegro.it\/magazine\/?p=6291"},"modified":"2021-05-28T07:27:27","modified_gmt":"2021-05-28T05:27:27","slug":"il-campioncino-di-sci-prepara-la-maturita","status":"publish","type":"post","link":"https:\/\/www.montallegro.it\/magazine\/il-campioncino-di-sci-prepara-la-maturita\/","title":{"rendered":"Il campioncino di sci prepara la maturit\u00e0"},"content":{"rendered":"<p><span style=\"color: #000000\"><b>Leonardo Clivio<\/b>, 18 anni compiuti il 12 febbraio, sta preparandosi per l&#8217;esame di maturit\u00e0. Genovese, sugli sci da quando aveva 3 anni, \u00e8 considerato una delle pi\u00f9 notevoli promesse dello sci italiano: attualmente appartiene alla categoria <\/span><span style=\"color: #000000\">&#8220;aspiranti&#8221; <\/span><span style=\"color: #000000\">dello sci alpino\u00a0 (riservata ai diciottenni) e quest&#8217;anno ha inanellato parecchi piazzamenti e vittorie.<br \/>\nPer un incidente a Sestriere, un intervento chirurgico e la rieducazione in Montallegro, assistito dal preparatore atletico della casa di cura genovese <a href=\"https:\/\/www.montallegro.it\/specialisti\/riccardo-lodi\/\"><b>Riccardo Lodi<\/b><\/a>.<br \/>\nClivio (o &#8220;Leo&#8221; come tutti lo chiamano) \u00e8 stato scelto dal <a href=\"https:\/\/www.ceccarelligoldenteam.it\/\"><b>Golden Team Cecarelli\u00a0<\/b><\/a>(porta il nome dell\u2019olimpionica oro a Salt Lake City nel 2002, Daniela Ceccarelli) che gli ha assegnato negli ultimi tre anni borse di studio per prepararsi sugli sci ma anche per studiare. Il Golden Team, che ha sede a Sansicario, vuole trasformarsi in una &#8220;fabbrica di campioni&#8221; completi sia dal punto di vista sportivo sia dal punto di vista umano.<br \/>\nMontallegro Magazine ha incontrato Clivio al termine di una seduta di preparazione con Riccardo Lodi.<\/span><\/p>\n<div id=\"attachment_6293\" style=\"width: 249px\" class=\"wp-caption alignleft\"><img fetchpriority=\"high\" decoding=\"async\" aria-describedby=\"caption-attachment-6293\" class=\"wp-image-6293 size-medium\" src=\"https:\/\/www.montallegro.it\/magazine\/wp-content\/uploads\/sites\/2\/2021\/05\/Clivio-e-Lodi-239x300.jpg\" alt=\"\" width=\"239\" height=\"300\" srcset=\"https:\/\/www.montallegro.it\/magazine\/wp-content\/uploads\/sites\/2\/2021\/05\/Clivio-e-Lodi-239x300.jpg 239w, https:\/\/www.montallegro.it\/magazine\/wp-content\/uploads\/sites\/2\/2021\/05\/Clivio-e-Lodi-768x965.jpg 768w, https:\/\/www.montallegro.it\/magazine\/wp-content\/uploads\/sites\/2\/2021\/05\/Clivio-e-Lodi-815x1024.jpg 815w, https:\/\/www.montallegro.it\/magazine\/wp-content\/uploads\/sites\/2\/2021\/05\/Clivio-e-Lodi.jpg 955w\" sizes=\"(max-width: 239px) 100vw, 239px\" \/><p id=\"caption-attachment-6293\" class=\"wp-caption-text\"><em>Leo Clivio (a destra) con il preparatore atletico di Montallegro Riccardo Lodi<\/em><\/p><\/div>\n<p><span style=\"color: #000000\"><b>&#8211; \u00c8<\/b><b> abbastanza raro che un genovese diventi uno sciatore di primo piano: come \u00e8 successo a Leonardo Clivio?<\/b><\/span><br \/>\n\u00ab<span style=\"color: #000000\">Ho iniziato a sciare a circa tre anni. I miei genitori sono sempre stati appassionati della montagna e avendo una casa vicino ad Alleghe, in Veneto, mi hanno subito messo sopra agli sci. \u00c8 stato amore a prima vista!\u00bb<\/span><\/p>\n<p><span style=\"color: #000000\"><b>&#8211; Per diventare un campione dello sci, per\u00f2 bisogna trasferirsi e lasciare il mare&#8230;<\/b><\/span><br \/>\n<span style=\"color: #000000\">\u00abS\u00ec, ho dovuto lasciare la mia famiglia, i miei amici e cambiare scuola all\u2019et\u00e0 di 15 anni. Mi sono trasferito in val di Susa e la passione per questo sport mi ha consentito di superare i momenti di difficolt\u00e0 legati al cambiamento\u00bb.<\/span><\/p>\n<p><span style=\"color: #000000\"><b>&#8211; Lei \u00e8 stato, a 15 anni, il primo a ottenere la borsa di studio del Golden Team Ceccarelli: scuola, allenamenti, convitto. Che cosa significa entrare in un Team del genere?<\/b><br \/>\n<span style=\"color: #000000\">\u00abIl Golden Team Ceccarelli supporta i giovani atleti non solo in pista, ma anche nella \u00a0preparazione fisica, psicologica e motivazionale avvalendosi di uno staff di alta professionalit\u00e0 e dell\u2019esperienza diretta della campionessa olimpica Daniela Ceccarelli\u00bb.<\/span><\/span><\/p>\n<p><span style=\"color: #000000\"><b>&#8211; Tanta scuola di sci. Ma la scuola per quando non ci saranno pi\u00f9 competizioni? Quale futuro vede per s\u00e8, oltre a quello di possibile star della valanga azzurra?<\/b><br \/>\n<span style=\"color: #000000\">\u00abAdesso <\/span><\/span><span style=\"color: #000000\"><span style=\"color: #000000\">frequento la quinta superiore all&#8217;Istituto Frejus a Bardonecchia. L&#8217;anno prossimo inizier\u00f2 gli studi di Economia in un&#8217;universit\u00e0 telematica, cercando in futuro di lavorare nell&#8217;ambito economico-manageriale con la speranza di restare nel mondo dello sport\u00bb.<\/span><\/span><\/p>\n<p><span style=\"color: #000000\"><b>&#8211; Quest&#8217;anno \u00e8 iniziato per lei con grandi successi: primo nel gigante il 30 gennaio a Prato Nevoso e secondo ad Alpe di Mera il 7 marzo, primo a Le Greye di Courmayeur il 23 febbraio, primo nello slalom a Sestriere il 28 marzo, ottavo assoluto e primo tra gli Aspiranti il 7 aprile al Memorial Fosson in Valle d&#8217;Aosta. Tra i diciottenni, nella categoria Aspiranti, una stagione d&#8217;oro&#8230;<\/b><br \/>\n<span style=\"color: #000000\">\u00abS\u00ec, nonostante la stagione sia stata caratterizzata dall\u2019incertezza a causa della pandemia, sono riuscito a ottenere ottimi risultati con impegno e determinazione. \u00c8 stata una stagione al di sopra delle aspettative\u00bb.<\/span><\/span><\/p>\n<p><span style=\"color: #000000\"><b>&#8211; A parte quell&#8217;infortunio al crociato anteriore: ce lo racconta?<\/b><br \/>\n<span style=\"color: #000000\">\u00abIl 22 gennaio 2020 mi sono infortunato a Sestriere durante una gara di slalom gigante. Sono entrato nel muro abbastanza bene, dopo due curve mi sono un po&#8217; schiacciato e di conseguenza ho avuto una risposta elastica dello sci che mi ha fatto balzare in aria e cadere. In questa caduta ho lesionato il crociato anteriore del ginocchio destro. La stagione \u00e8 finita cos\u00ec\u00bb.<\/span><\/span><\/p>\n<p><span style=\"color: #000000\"><b>&#8211; In Montallegro la riabilitazione \u00e8 andata bene: come commenta l&#8217;accoglienza ricevuta?<\/b><br \/>\n<span style=\"color: #000000\">\u00abSono stato operato a Torino e dopo una settimana ho iniziato la riabilitazione nella casa di cura Montallegro. Ero un po\u2019 demoralizzato, ma i fisioterapisti mi hanno accolto con professionalit\u00e0 ed empatia, soddisfatti a ogni mio progresso. I programmi riabilitativi e le attrezzature a disposizione, hanno permesso un recupero completo e una preparazione che mi ha consentito di arrivare ai \u00a0ritiri estivi in una \u00a0condizione fisica invidiabile\u00bb.<\/span><\/span><\/p>\n<p><span style=\"color: #000000\"><b>&#8211; In primo piano tra gli Aspiranti: qual \u00e8 il prossimo traguardo?<\/b><br \/>\n<span style=\"color: #000000\">\u00abAdesso sono stato inserito nel gruppo degli Osservati della squadra nazionale per le discipline tecniche e nel comitato regionale AOC (Piemonte). Gli obiettivi per la prossima stagione sono di perfezionare alcuni aspetti tecnici, fisici e di far bene nelle gare del Gran Prix Italia che permettono di entrare nella squadra nazionale\u00bb.<\/span><\/span><\/p>\n","protected":false},"excerpt":{"rendered":"<p>Leonardo Clivio, 18 anni compiuti il 12 febbraio, sta preparandosi per l&#8217;esame di maturit\u00e0. Genovese, sugli sci da quando aveva [&hellip;]<\/p>\n","protected":false},"author":4,"featured_media":6292,"comment_status":"open","ping_status":"open","sticky":false,"template":"","format":"standard","meta":{"_acf_changed":false,"footnotes":""},"categories":[140,139],"tags":[1011,1010,36,663,493],"acf":[],"_links":{"self":[{"href":"https:\/\/www.montallegro.it\/magazine\/wp-json\/wp\/v2\/posts\/6291"}],"collection":[{"href":"https:\/\/www.montallegro.it\/magazine\/wp-json\/wp\/v2\/posts"}],"about":[{"href":"https:\/\/www.montallegro.it\/magazine\/wp-json\/wp\/v2\/types\/post"}],"author":[{"embeddable":true,"href":"https:\/\/www.montallegro.it\/magazine\/wp-json\/wp\/v2\/users\/4"}],"replies":[{"embeddable":true,"href":"https:\/\/www.montallegro.it\/magazine\/wp-json\/wp\/v2\/comments?post=6291"}],"version-history":[{"count":32,"href":"https:\/\/www.montallegro.it\/magazine\/wp-json\/wp\/v2\/posts\/6291\/revisions"}],"predecessor-version":[{"id":6325,"href":"https:\/\/www.montallegro.it\/magazine\/wp-json\/wp\/v2\/posts\/6291\/revisions\/6325"}],"wp:featuredmedia":[{"embeddable":true,"href":"https:\/\/www.montallegro.it\/magazine\/wp-json\/wp\/v2\/media\/6292"}],"wp:attachment":[{"href":"https:\/\/www.montallegro.it\/magazine\/wp-json\/wp\/v2\/media?parent=6291"}],"wp:term":[{"taxonomy":"category","embeddable":true,"href":"https:\/\/www.montallegro.it\/magazine\/wp-json\/wp\/v2\/categories?post=6291"},{"taxonomy":"post_tag","embeddable":true,"href":"https:\/\/www.montallegro.it\/magazine\/wp-json\/wp\/v2\/tags?post=6291"}],"curies":[{"name":"wp","href":"https:\/\/api.w.org\/{rel}","templated":true}]}}