


{"id":6204,"date":"2021-02-19T15:28:25","date_gmt":"2021-02-19T14:28:25","guid":{"rendered":"https:\/\/www.montallegro.it\/magazine\/?p=6204"},"modified":"2021-02-19T15:28:25","modified_gmt":"2021-02-19T14:28:25","slug":"montallegro-verso-il-covid-free-totale","status":"publish","type":"post","link":"https:\/\/www.montallegro.it\/magazine\/montallegro-verso-il-covid-free-totale\/","title":{"rendered":"Montallegro verso il Covid free totale"},"content":{"rendered":"<p>Montallegro verso il Covid free totale.<\/p>\n<p>In questi giorni oltre 210 persone &#8211; tra personale di assistenza e non sanitario dipendenti e medici &#8211; della casa di cura genovese sono stati vaccinati contro il Covid-19 negli ambulatori del padiglione 3 del Policlinico San Martino.<\/p>\n<p>Ci\u00f2 \u00e8 stato possibile grazie agli ottimi rapporti tra il pi\u00f9 grande ospedale e la pi\u00f9 importante casa di cura privata genovesi oltre al fatto che, nel dicembre 2020, tra le categorie da sottoporre alla vaccinazione era stato inserito il personale delle strutture private autorizzate, accreditate e non.<\/p>\n<p>Montallegro aveva reagito immediatamete alla comparsa del Covid-19, fissando da subito (gi\u00e0 nella primavera 2020) una priorit\u00e0 assoluta: garantire la sicurezza degli operatori e dei pazienti.<\/p>\n<p>La struttura era stata resa assolutamente sicura, adottando immediatamente le precauzioni che sono state poi protocollate e divenute obbligatorie: l\u2019utilizzo di dispositivi di protezione (distribuiti alle persone in ingresso se sprovviste) con il monitoraggio all\u2019entrata dei vari edifici, compreso l\u2019uso di dispositivi IR per la misurazione della temperatura corporea, oltre alla riorganizzazione dei flussi in ingresso e allestimento di nuovi spazi comuni dedicati all\u2019attesa per garantire il distanziamento. Per ogni percorso (visite o prestazioni diagnostiche ambulatoriali, ricoveri chirurgici o medici) sono state via via predisposte procedure specifiche a salvaguardia della sicurezza, sempre fondamentale per Montallegro.<\/p>\n<p>Oggi l&#8217;attivit\u00e0 \u2013 sempre tutelata dalla rigorosa osservanza delle procedure previste \u2013 \u00e8 ripresa in modo sostanzialmente regolare.<\/p>\n<p>La vaccinazione anti-Covid di tutto il personale sanitario e non sanitario e di tutti i medici \u00e8 il nuovo passo in questa strada di garanzia di sicurezza.<\/p>\n","protected":false},"excerpt":{"rendered":"<p>Montallegro verso il Covid free totale. In questi giorni oltre 210 persone &#8211; tra personale di assistenza e non sanitario [&hellip;]<\/p>\n","protected":false},"author":5,"featured_media":6206,"comment_status":"open","ping_status":"open","sticky":false,"template":"","format":"standard","meta":{"_acf_changed":false,"footnotes":""},"categories":[3],"tags":[967,759,36,770,449],"acf":[],"_links":{"self":[{"href":"https:\/\/www.montallegro.it\/magazine\/wp-json\/wp\/v2\/posts\/6204"}],"collection":[{"href":"https:\/\/www.montallegro.it\/magazine\/wp-json\/wp\/v2\/posts"}],"about":[{"href":"https:\/\/www.montallegro.it\/magazine\/wp-json\/wp\/v2\/types\/post"}],"author":[{"embeddable":true,"href":"https:\/\/www.montallegro.it\/magazine\/wp-json\/wp\/v2\/users\/5"}],"replies":[{"embeddable":true,"href":"https:\/\/www.montallegro.it\/magazine\/wp-json\/wp\/v2\/comments?post=6204"}],"version-history":[{"count":5,"href":"https:\/\/www.montallegro.it\/magazine\/wp-json\/wp\/v2\/posts\/6204\/revisions"}],"predecessor-version":[{"id":6210,"href":"https:\/\/www.montallegro.it\/magazine\/wp-json\/wp\/v2\/posts\/6204\/revisions\/6210"}],"wp:featuredmedia":[{"embeddable":true,"href":"https:\/\/www.montallegro.it\/magazine\/wp-json\/wp\/v2\/media\/6206"}],"wp:attachment":[{"href":"https:\/\/www.montallegro.it\/magazine\/wp-json\/wp\/v2\/media?parent=6204"}],"wp:term":[{"taxonomy":"category","embeddable":true,"href":"https:\/\/www.montallegro.it\/magazine\/wp-json\/wp\/v2\/categories?post=6204"},{"taxonomy":"post_tag","embeddable":true,"href":"https:\/\/www.montallegro.it\/magazine\/wp-json\/wp\/v2\/tags?post=6204"}],"curies":[{"name":"wp","href":"https:\/\/api.w.org\/{rel}","templated":true}]}}