


{"id":6186,"date":"2021-02-09T05:48:19","date_gmt":"2021-02-09T04:48:19","guid":{"rendered":"https:\/\/www.montallegro.it\/magazine\/?p=6186"},"modified":"2021-02-09T05:48:19","modified_gmt":"2021-02-09T04:48:19","slug":"covid-19-il-vaccino-puo-provocare-allergie","status":"publish","type":"post","link":"https:\/\/www.montallegro.it\/magazine\/covid-19-il-vaccino-puo-provocare-allergie\/","title":{"rendered":"Covid-19: il vaccino pu\u00f2 provocare allergie?"},"content":{"rendered":"<p align=\"JUSTIFY\"><span style=\"color: #000000\">Allergi<\/span><span style=\"color: #000000\">e,<\/span><span style=\"color: #000000\"> Covid-19 e vaccino: tema di attualit\u00e0 soprattutto avvicinandosi alla primavera, considerata la \u201cstagione delle allergie\u201d. <\/span><span style=\"color: #000000\">Le allergie possono essere dovute a molte sostanze diverse, definite allergeni. Sostanze che possono derivare dagli animali domestici, da sostanze vegetali come il lattice, da microscopici aracnidi come gli acari della polvere e dai pollini delle piante e dalle muffe, responsabili di allergie respiratorie; da punture di insetti come api vesp<\/span><span style=\"color: #000000\">e<\/span><span style=\"color: #000000\"> e <\/span><span style=\"color: #000000\">cal<\/span><span style=\"color: #000000\">abroni; dall&#8217;assunzione di medicinali e infine dalla ingestione di alcuni prodotti alimentari (noci, noc<\/span><span style=\"color: #000000\">ciole, latte, uovo pesce). Le reazioni possono essere varie: rinite, congiuntivite, asma bronchiale, manifestazioni gastroenteriche o orticaria, fino all&#8217;anafilassi sistemica, una grave reazione potenzialmente letale.<\/span><\/p>\n<div id=\"attachment_5574\" style=\"width: 160px\" class=\"wp-caption alignleft\"><img decoding=\"async\" aria-describedby=\"caption-attachment-5574\" class=\"wp-image-5574\" src=\"https:\/\/www.montallegro.it\/magazine\/wp-content\/uploads\/sites\/2\/2020\/03\/minale-paola-225x300.jpg\" alt=\"\" width=\"150\" height=\"200\" srcset=\"https:\/\/www.montallegro.it\/magazine\/wp-content\/uploads\/sites\/2\/2020\/03\/minale-paola-225x300.jpg 225w, https:\/\/www.montallegro.it\/magazine\/wp-content\/uploads\/sites\/2\/2020\/03\/minale-paola.jpg 433w\" sizes=\"(max-width: 150px) 100vw, 150px\" \/><p id=\"caption-attachment-5574\" class=\"wp-caption-text\">Paola Minale<\/p><\/div>\n<p style=\"text-align: left\" align=\"JUSTIFY\"><span style=\"color: #000000\">Proprio perch\u00e9 una delle cause dell&#8217;insorgere di allergie pu\u00f2 essere l&#8217;assu<\/span><span style=\"color: #000000\">nzione di medicinali, l&#8217;<strong>inizio della campagna vaccinale contro il Covid-19<\/strong> pone una serie di domande che abbia<\/span><span style=\"color: #000000\">mo<\/span><span style=\"color: #000000\"> girato alla dottoressa <\/span><a href=\"https:\/\/www.montallegro.it\/specialisti\/paola-minale\/\"><span style=\"color: #000000\"><b>Paola Minale<\/b><\/span><\/a><span style=\"color: #000000\"> (<em>nella foto<\/em>) gi\u00e0 direttore <\/span><span style=\"color: #000000\">dell\u2019Unit\u00e0 di Allergologia del Policlinico San Martino di Genova, libera professionista specializzata in Allergologia e immunologia clinica ed esperta in Allergia alimentare con studio in <\/span><span style=\"color: #000000\"><b>Montallegro<\/b><\/span><span style=\"color: #000000\">. Minale \u00e8 anche responsabile scientifico di Ala <a href=\"https:\/\/www.associazioneligureallergici.it\/\">Associazione Ligure Allergici<\/a>. <\/span><span style=\"color: #000000\">Sul tema allergie e, quindi, anche allergie legate al Covid-19 pazienti e anche medici possono prenotare con la specialista un <a href=\"https:\/\/www.montallegro.it\/categorie_servizi\/consulto-medico-online\/\">consulto online.<\/a><\/span><\/p>\n<h3 align=\"JUSTIFY\"><strong>I vaccini anti-Covid e gli allergici<\/strong><\/h3>\n<p align=\"JUSTIFY\"><span style=\"color: #000000\"><b>&#8211; I vaccini anti Covid-19, per quello che si sa, presentano problemi per le persone allergiche?<\/b><\/span><\/p>\n<p align=\"JUSTIFY\"><span style=\"color: #000000\">\u00abI vaccini anti Covid-19 come tutti i vaccini possono essere causa di rare reazioni allergiche, come \u00e8 stato finora confermato in seguito alle migliaia di somministrazioni in tutto il mondo. L&#8217;allergia respiratoria non costituisce un rischio specifico di reazione al vaccino, che \u00e8 invece particolarmente indicato in tali soggetti; il suggerimento \u00e8 quello di effettuare la terapia antiasmatica e antiallergica correttamente, per arrivare al vaccino nelle migliori condizioni\u00bb.<\/span><\/p>\n<p align=\"JUSTIFY\"><span style=\"color: #000000\"><b>&#8211; Quei vaccini possono creare nuove allergie nelle persone? <\/b><\/span><\/p>\n<p align=\"JUSTIFY\"><span style=\"color: #000000\">\u00abIl vaccino contiene frammenti di RNA, messaggero sintetico, che portano all\u2019interno delle cellule l\u2019informazione necessaria a produrre anticorpi specifici contro la proteina principale del virus, per impedirgli di entrare nelle cellule del soggetto infettato; non contiene quindi allergeni, come uovo o gelatina o lattice. Contiene il Polietilenglicole, un additivo molto diffuso in farmaci, cosmetici e altro, che pu\u00f2 molto raramente provocare reazioni allergiche. Non si creano quindi nuove allergie, e le reazioni sono comunque rarissime. I soggetti allergici non sono esposti ad alcun rischio particolare e, comunque, devono continuare ad assumere i farmaci abituali. Anzi, il vaccino ha un effetto protettivo proprio sui polmoni\u00bb.<\/span><\/p>\n<p align=\"JUSTIFY\"><span style=\"color: #000000\"><b>&#8211; Poich\u00e9 i vaccini finora autorizzati sono fra loro diversi &#8211; quello Astra Zeneca per esempio \u00e8 consigliato solo per le persone sotto i 55 anni &#8211; \u00e8 possibile possano determinare reazioni allergiche diverse nei pazienti?<\/b><\/span><\/p>\n<p align=\"JUSTIFY\"><span style=\"color: #000000\">\u00abNon \u00e8 la diversit\u00e0 del tipo di vaccino che determina le reazioni in soggetti diversi, ma la composizione. Tutte le Societ\u00e0 scientifiche nazionali e internazionali di Allergologia seguono attentamente la introduzione dei nuovi vaccini e controllano le segnalazione di reazioni avverse. Mi impegno ad aggiornare il nostro sito su eventuali nuove segnalazioni. <span style=\"font-family: Times New Roman, serif\">\u00c8<\/span><span style=\"font-family: Times New Roman, serif\"> possibile<\/span> trovare un report anche sul sito di ALA, <a href=\"https:\/\/www.associazioneligureallergici.it\/\">Associazione Ligure Allergici<\/a>\u00bb.<\/span><\/p>\n<h3 align=\"JUSTIFY\"><strong>Gli allergici sono pi\u00f9 esposti al Covid-19?<\/strong><\/h3>\n<p align=\"JUSTIFY\"><span style=\"color: #000000\"><b>&#8211; Dottoressa, chi \u00e8 allergico \u00e8 maggiormente esposto al contagio da Covid-19? <\/b><\/span><\/p>\n<p align=\"JUSTIFY\"><span style=\"color: #000000\">\u00abLe statistiche attuali mostrano che i soggetti allergici non sono a rischio di infezione o di gravit\u00e0 delle manifestazioni della infezione virale in misura maggiore rispetto agli altri soggetti. Mostrano anche che l&#8217;utilizzo delle terapie antistaminica, cortisonica spray nasale o bronchiale e con broncodilatatori, cio\u00e8 tutti i farmaci utilizzati dai soggetti allergici, non \u00e8 controindicata nella attuale situazione, e anzi, \u00e8 molto importante tenere sotto controllo asma e rinite a fini preventivi\u00bb.<\/span><\/p>\n<p align=\"JUSTIFY\"><span style=\"color: #000000\"><b>&#8211; Qualche suggerimento a chi \u00e8 allergico contro la diffusione del Covid-19 in vista della primavera?<\/b><\/span><\/p>\n<p align=\"JUSTIFY\"><span style=\"color: #000000\">\u00abIl consiglio \u00e8 di assumere le terapie a dosi piene perch\u00e9, per chi \u00e8 allergico agli acari anche la permanenza in casa determina una maggiore esposizione, mentre per chi \u00e8 allergico ai pollini la primavera \u00e8 un momento di forte presenza pollinica nell&#8217;aria, e il clima caldo, asciutto e ventoso accresce la presenza di particelle allergeniche nell&#8217;aria. In generale suggerisco semplici norme precauzionali: finestre aperte e biancheria del letto al sole per gli allergici agli acari; finestre aperte dalla parte meno esposta al verde e nelle ore del primo mattino e utilizzo di mascherine per gli allergici al polline. Arrivare alla vaccinazione nelle migliori condizioni fisiche favorisce una buona risposta immunitaria\u00bb.<\/span><\/p>\n<p align=\"JUSTIFY\"><span style=\"color: #000000\"><b>&#8211; Quale \u00e8 la percentuale di allergici nella popolazione?<\/b><\/span><\/p>\n<p align=\"JUSTIFY\"><span style=\"color: #000000\">\u00abLa percentuale di soggetti con una qualsiasi forma di allergia supera il 25% della popolazione; gli allergici alimentari sono 6-8% nella popolazione infantile, 2-4% nella popolazione adulta. L\u2019intolleranza al lattosio interessa circa la met\u00e0 della popolazione, la celiachia un soggetto su 100\u00bb.<\/span><\/p>\n<p><span style=\"color: #000000\"><b>&#8211; A che cosa si \u00e8 allergici soprattutto: fattori esterni (come pollini) o alimenti?<\/b><\/span><\/p>\n<p align=\"JUSTIFY\"><span style=\"color: #000000\">\u00abLe allergie respiratorie interessano, con la congiuntivite, rinite e asma bronchiale moltissime persone, in Europa un bambino su quattro ne soffre. L&#8217;allergia alimentare \u00e8 pi\u00f9 rara, e nel bambino pu\u00f2 guarire, specie nei casi di allergia a latte e uovo. Per\u00f2 le reazioni gravi per allergie alimentari sono pi\u00f9 frequenti, e rappresentano un motivo frequente di anafilassi, una gravissima reazione allergica\u00bb.<\/span><\/p>\n<p align=\"JUSTIFY\"><span style=\"color: #000000\"><b>&#8211; L&#8217;allergia \u00e8 genetica?<\/b><\/span><\/p>\n<p align=\"JUSTIFY\"><span style=\"color: #000000\">\u00abLe allergie hanno una forte componente genetica; non si eredita la stessa allergia, ma la predisposizione a diventare allergici, Se entrambi i genitori sono allergici, la probabilit\u00e0 di diventarlo \u00e8 superiore al 70%\u00bb.<\/span><\/p>\n<h3 align=\"JUSTIFY\"><strong>I sintomi e il prick test<\/strong><\/h3>\n<p align=\"JUSTIFY\"><span style=\"color: #000000\"><b>&#8211; Quali sono i principali sintomi delle allergie?<\/b><\/span><\/p>\n<p align=\"JUSTIFY\"><span style=\"color: #000000\">\u00abDal punto di vista respiratorio, congiuntivite (occhi che prudono e lacrimano), rinite (naso che prude, cola o \u00e8 chiuso) e asma (tosse stizzosa e persistente, difficolt\u00e0 a respirare, particolarmente se esposti agli allergeni o sotto sforzo). Nelle allergie alimentari, orticaria generalizzata, prurito a labbra e palato, dolori allo stomaco o all\u2019addome, diarrea, vomito\u00bb.<\/span><\/p>\n<p align=\"JUSTIFY\"><span style=\"color: #000000\"><b>&#8211; Quali sono i procedimenti per scoprire le allergie in una persona?<\/b><\/span><\/p>\n<p align=\"JUSTIFY\"><span style=\"color: #000000\">\u00abLa diagnosi di allergia oggi \u00e8 molto precisa: parte da una raccolta della storia personale, dei sintomi, e procede con test cutanei (prick test) che danno una risposta immediata; nei casi dubbi o per approfondire si utilizzano sofisticati test su siero (Isac, Immunocap). La diagnosi va poi completata caso per caso con spirometria, visita otorinolaringoiatrica o altri accertamenti mirati. Nell&#8217;intolleranza alimentare si effettuano breath test lattosio e glucosio, oltre agli accertamenti sierologici per escludere la celiachia e altre indagini mirate caso per caso. Nel caso di dermatiti allergiche da contatto con sostanze come nichel, profumi, conservanti si effettua il patch test con cerotti che contengono le singole sostanze\u00bb.<\/span><\/p>\n<p align=\"JUSTIFY\"><span style=\"color: #000000\"><b>&#8211; Come deve comportarsi una persona allergica?<\/b><\/span><\/p>\n<p align=\"JUSTIFY\"><span style=\"color: #000000\">\u00abI due punti fondamentali per affrontare con successo le allergie sono: essere ben consapevoli di quali sono gli allergeni responsabili delle allergie, per attuare tutte le misure precauzionali possibili (tra cui molto importante \u00e8 un sano stile di vita!); avere un ruolo attivo nel seguire la terapia, per creare con il medico curante un&#8217;alleanza che porta ai migliori risultati\u00bb.<\/span><\/p>\n<p align=\"JUSTIFY\"><span style=\"color: #000000\"><em>La dottoressa Minale \u00e8 stata <a href=\"https:\/\/www.youtube.com\/watch?v=O8-0kf8IDeA&amp;feature=youtu.be\">intervistata<\/a> sull&#8217;argomento vaccini e allergie dal TGR, per la tramissione Buongiorno Liguria, assieme al preidente ALA Massimo Alfieri.<\/em> <em>Nelle foto che seguono, un ambulatorio di Montallegro diventa set televisivo, il giornalista del TGR Oscar Puntel intervista la dottoressa Minale e il presidente di Ala.<\/em><\/span><\/p>\n<p align=\"JUSTIFY\"><img fetchpriority=\"high\" decoding=\"async\" class=\"alignnone size-medium wp-image-6189\" src=\"https:\/\/www.montallegro.it\/magazine\/wp-content\/uploads\/sites\/2\/2021\/02\/4-225x300.jpg\" alt=\"\" width=\"225\" height=\"300\" srcset=\"https:\/\/www.montallegro.it\/magazine\/wp-content\/uploads\/sites\/2\/2021\/02\/4-225x300.jpg 225w, https:\/\/www.montallegro.it\/magazine\/wp-content\/uploads\/sites\/2\/2021\/02\/4-768x1024.jpg 768w, https:\/\/www.montallegro.it\/magazine\/wp-content\/uploads\/sites\/2\/2021\/02\/4.jpg 1200w\" sizes=\"(max-width: 225px) 100vw, 225px\" \/> <img decoding=\"async\" class=\"alignnone size-medium wp-image-6188\" src=\"https:\/\/www.montallegro.it\/magazine\/wp-content\/uploads\/sites\/2\/2021\/02\/2-300x225.jpeg\" alt=\"\" width=\"300\" height=\"225\" srcset=\"https:\/\/www.montallegro.it\/magazine\/wp-content\/uploads\/sites\/2\/2021\/02\/2-300x225.jpeg 300w, https:\/\/www.montallegro.it\/magazine\/wp-content\/uploads\/sites\/2\/2021\/02\/2-768x576.jpeg 768w, https:\/\/www.montallegro.it\/magazine\/wp-content\/uploads\/sites\/2\/2021\/02\/2-1024x768.jpeg 1024w, https:\/\/www.montallegro.it\/magazine\/wp-content\/uploads\/sites\/2\/2021\/02\/2.jpeg 2048w\" sizes=\"(max-width: 300px) 100vw, 300px\" \/>\u00a0 <img loading=\"lazy\" decoding=\"async\" class=\"alignnone size-medium wp-image-6190\" src=\"https:\/\/www.montallegro.it\/magazine\/wp-content\/uploads\/sites\/2\/2021\/02\/5-225x300.jpg\" alt=\"\" width=\"225\" height=\"300\" srcset=\"https:\/\/www.montallegro.it\/magazine\/wp-content\/uploads\/sites\/2\/2021\/02\/5-225x300.jpg 225w, https:\/\/www.montallegro.it\/magazine\/wp-content\/uploads\/sites\/2\/2021\/02\/5-768x1024.jpg 768w, https:\/\/www.montallegro.it\/magazine\/wp-content\/uploads\/sites\/2\/2021\/02\/5.jpg 1200w\" sizes=\"(max-width: 225px) 100vw, 225px\" \/> <img loading=\"lazy\" decoding=\"async\" class=\"alignnone size-medium wp-image-6187\" src=\"https:\/\/www.montallegro.it\/magazine\/wp-content\/uploads\/sites\/2\/2021\/02\/1-225x300.jpg\" alt=\"\" width=\"225\" height=\"300\" srcset=\"https:\/\/www.montallegro.it\/magazine\/wp-content\/uploads\/sites\/2\/2021\/02\/1-225x300.jpg 225w, https:\/\/www.montallegro.it\/magazine\/wp-content\/uploads\/sites\/2\/2021\/02\/1-768x1024.jpg 768w, https:\/\/www.montallegro.it\/magazine\/wp-content\/uploads\/sites\/2\/2021\/02\/1.jpg 1200w\" sizes=\"(max-width: 225px) 100vw, 225px\" \/><\/p>\n<p align=\"JUSTIFY\"><em>La foto di apertura, <\/em><em>tratta da Pixabay, <\/em><em>\u00e8 di Mojpe.<\/em><\/p>\n","protected":false},"excerpt":{"rendered":"<p>Allergie, Covid-19 e vaccino: tema di attualit\u00e0 soprattutto avvicinandosi alla primavera, considerata la \u201cstagione delle allergie\u201d. Le allergie possono essere [&hellip;]<\/p>\n","protected":false},"author":4,"featured_media":6198,"comment_status":"open","ping_status":"open","sticky":false,"template":"","format":"standard","meta":{"_acf_changed":false,"footnotes":""},"categories":[139,141],"tags":[963,750,965,964,759,962,36,961,749,753,966,29],"acf":[],"_links":{"self":[{"href":"https:\/\/www.montallegro.it\/magazine\/wp-json\/wp\/v2\/posts\/6186"}],"collection":[{"href":"https:\/\/www.montallegro.it\/magazine\/wp-json\/wp\/v2\/posts"}],"about":[{"href":"https:\/\/www.montallegro.it\/magazine\/wp-json\/wp\/v2\/types\/post"}],"author":[{"embeddable":true,"href":"https:\/\/www.montallegro.it\/magazine\/wp-json\/wp\/v2\/users\/4"}],"replies":[{"embeddable":true,"href":"https:\/\/www.montallegro.it\/magazine\/wp-json\/wp\/v2\/comments?post=6186"}],"version-history":[{"count":12,"href":"https:\/\/www.montallegro.it\/magazine\/wp-json\/wp\/v2\/posts\/6186\/revisions"}],"predecessor-version":[{"id":6203,"href":"https:\/\/www.montallegro.it\/magazine\/wp-json\/wp\/v2\/posts\/6186\/revisions\/6203"}],"wp:featuredmedia":[{"embeddable":true,"href":"https:\/\/www.montallegro.it\/magazine\/wp-json\/wp\/v2\/media\/6198"}],"wp:attachment":[{"href":"https:\/\/www.montallegro.it\/magazine\/wp-json\/wp\/v2\/media?parent=6186"}],"wp:term":[{"taxonomy":"category","embeddable":true,"href":"https:\/\/www.montallegro.it\/magazine\/wp-json\/wp\/v2\/categories?post=6186"},{"taxonomy":"post_tag","embeddable":true,"href":"https:\/\/www.montallegro.it\/magazine\/wp-json\/wp\/v2\/tags?post=6186"}],"curies":[{"name":"wp","href":"https:\/\/api.w.org\/{rel}","templated":true}]}}