


{"id":6176,"date":"2020-12-07T09:19:31","date_gmt":"2020-12-07T08:19:31","guid":{"rendered":"https:\/\/www.montallegro.it\/magazine\/?p=6176"},"modified":"2020-12-07T09:19:31","modified_gmt":"2020-12-07T08:19:31","slug":"vaccinazioni-donazione-di-montallegro-allasl3","status":"publish","type":"post","link":"https:\/\/www.montallegro.it\/magazine\/vaccinazioni-donazione-di-montallegro-allasl3\/","title":{"rendered":"Vaccinazioni: donazione di Montallegro all&#8217;Asl3"},"content":{"rendered":"<p align=\"JUSTIFY\">La collaborazione tra sanit\u00e0 pubblica e sanit\u00e0 privata \u00e8 la chiave del buon funzionamento di un sistema che, garantendo l&#8217;universalit\u00e0 dell&#8217;assistenza, tutela anche la possibilit\u00e0 per chi lo ritiene (e, in particolare per chi aderisce a Fondi e Asicurazioni) di ottenere servizi di diversa qualit\u00e0. Lo dimostra anche la recentissima campagna antinfluenzale.<\/p>\n<p align=\"JUSTIFY\">La vaccinazione contro i virus influenzali attivi in questa stagione, secondo gli esperti riduce al minimo il rischio di confondere l&#8217;eventuale influenza stagionale con l&#8217;infezione da Covid-19 (alcuni sintomi, inizialmente, sono molto simili a quelli dell\u2019influenza). Inoltre la vaccinazione antinfluenzale potrebbe avere un effetto parzialmente protettivo nei confronti del virus della pandemia.<\/p>\n<p align=\"JUSTIFY\">Per questo, <strong>Montallegro<\/strong> ha invitato i propri dipendenti a sottoporsi alla vaccinazione antinfluenzale e, come ogni anno, ha aperto le porte ai propri clienti che volessero essere vaccinati.<\/p>\n<p align=\"JUSTIFY\">Ha perci\u00f2 chiesto alla Asl 3 di poter avere una dotazione di vaccini, sia per il personale sia per i pazienti della Casa di cura. Asl 3 ha inviato a Montallegro in tutto 265 dosi: il servizio Sanitario nazionale distribuisce gratuitamente il vaccino antinfluenzale alle persone al di sopra dei 60 anni e alle categorie a rischio (tra cui gli operatori sanitari, soggetti affetti da patologie croniche e i conviventi di malati gravi).<\/p>\n<p align=\"JUSTIFY\">Montallegro \u2013 come spiega l&#8217;a.d. <strong>Francesco Berti Riboli<\/strong> \u2013 ha deciso di utilizzare quei vaccini, rispondendo alla collaborazione della Asl con un gesto di liberalit\u00e0: cio\u00e8 di versare, come donazione alla Asl in questo momento di grande difficolt\u00e0, il controvalore delle fustelle dei vacccini.<\/p>\n<p align=\"JUSTIFY\">In pratica Montallegro ha donato direttamente alla Asl3 l&#8217;equivalente del valore delle fustelle dei vaccini utilizzati per i propri 75 dipendenti che hanno chiesto di essere vaccinati e ha inoltre invitato i pazienti che sono stati vaccinati nella Casa di cura a versare \u2013 sempre come donazione \u2013 l&#8217;equivalente del valore della fustella (12 o 22 euro seconda del vaccino) sul conto corrente della Asl.<\/p>\n<p align=\"JUSTIFY\">Con questo sistema, la Asl3 ha ricevuto in tutto <strong>5458 euro<\/strong>, 1620 direttamente da Montallegro e 3838 dai pazienti sottoposti a vaccinazione.<\/p>\n<p align=\"JUSTIFY\">Un modo, in sostanza, per sostenere la sanit\u00e0 pubblica attualmente cos\u00ec sotto pressione: un gesto di solidariet\u00e0 di cui Montallegro i \u00e8 fatto totalmente carico, visto che la somministrazione dei vaccini tramite il personale della Casa di cura, \u00e8 stato svolto a titolo gratuito.<\/p>\n","protected":false},"excerpt":{"rendered":"<p>La collaborazione tra sanit\u00e0 pubblica e sanit\u00e0 privata \u00e8 la chiave del buon funzionamento di un sistema che, garantendo l&#8217;universalit\u00e0 [&hellip;]<\/p>\n","protected":false},"author":5,"featured_media":3262,"comment_status":"open","ping_status":"open","sticky":false,"template":"","format":"standard","meta":{"_acf_changed":false,"footnotes":""},"categories":[3],"tags":[956,759,97,36,444],"acf":[],"_links":{"self":[{"href":"https:\/\/www.montallegro.it\/magazine\/wp-json\/wp\/v2\/posts\/6176"}],"collection":[{"href":"https:\/\/www.montallegro.it\/magazine\/wp-json\/wp\/v2\/posts"}],"about":[{"href":"https:\/\/www.montallegro.it\/magazine\/wp-json\/wp\/v2\/types\/post"}],"author":[{"embeddable":true,"href":"https:\/\/www.montallegro.it\/magazine\/wp-json\/wp\/v2\/users\/5"}],"replies":[{"embeddable":true,"href":"https:\/\/www.montallegro.it\/magazine\/wp-json\/wp\/v2\/comments?post=6176"}],"version-history":[{"count":4,"href":"https:\/\/www.montallegro.it\/magazine\/wp-json\/wp\/v2\/posts\/6176\/revisions"}],"predecessor-version":[{"id":6180,"href":"https:\/\/www.montallegro.it\/magazine\/wp-json\/wp\/v2\/posts\/6176\/revisions\/6180"}],"wp:featuredmedia":[{"embeddable":true,"href":"https:\/\/www.montallegro.it\/magazine\/wp-json\/wp\/v2\/media\/3262"}],"wp:attachment":[{"href":"https:\/\/www.montallegro.it\/magazine\/wp-json\/wp\/v2\/media?parent=6176"}],"wp:term":[{"taxonomy":"category","embeddable":true,"href":"https:\/\/www.montallegro.it\/magazine\/wp-json\/wp\/v2\/categories?post=6176"},{"taxonomy":"post_tag","embeddable":true,"href":"https:\/\/www.montallegro.it\/magazine\/wp-json\/wp\/v2\/tags?post=6176"}],"curies":[{"name":"wp","href":"https:\/\/api.w.org\/{rel}","templated":true}]}}