


{"id":6026,"date":"2020-10-13T07:07:42","date_gmt":"2020-10-13T05:07:42","guid":{"rendered":"https:\/\/www.montallegro.it\/magazine\/?p=6026"},"modified":"2020-10-13T10:33:30","modified_gmt":"2020-10-13T08:33:30","slug":"montallegro-sostiene-il-festival-incipit","status":"publish","type":"post","link":"https:\/\/www.montallegro.it\/magazine\/montallegro-sostiene-il-festival-incipit\/","title":{"rendered":"Montallegro sostiene il Festival Incipit"},"content":{"rendered":"<p>Da gioved\u00ec 15 a domenica 18 ottobre, in varie location di Genova, si svolge la terza edizione del <a href=\"http:\/\/www.incipitfestival.it\"><strong>Festival letterario Incipit<\/strong><\/a>, che propone contemporaneamente la scoperta della citt\u00e0 e l&#8217;incontro con scrittori e personaggi del mondo della cultura.<\/p>\n<p><strong>Montallegro<\/strong>, da sempre sensibile alle iniziative che promuovono l&#8217;immagine di Genova, sostiene Incipit.<\/p>\n<p>Gli eventi si svolgono, tra l&#8217;altro, in Palazzo della Meridiana, nella Biblioteca Universitaria, all&#8217;Istituto Italiano di Tecnologia, in Liguria Digitale, nel Museo Diocesano, nel Castello Mackenzie, nella sede della Fondazione Ansaldo, a Santa Maria di Castello e in molte altre localit\u00e0 spesso inusuali. La localit\u00e0 scelta per &#8220;rappresentare&#8221; Villa Montallegro \u00e8 la sede di Confindustria in via San Vincenzo 2, <strong>alle 18 di venerd\u00ec 16 ottobre<\/strong>, con l&#8217;appuntamento \u201cNei labirinti della mente &#8211; Il progresso nella neuroscienza e il punto di vista della letteratura e dell\u2019arte&#8221;,\u00a0 un confronto tra Claudio Lucchiari e Lucrezia Lerro, Alfredo Accatino, moderati da Anna Fassio.Il tema: esperienze diverse per capire come la nostra mente percepisce e \u201ctaglia\u201d il reale. Attraverso il racconto di scrittori, saggisti e esperti di artisti outsider un modo per ridefinire le nostre sensazioni e scoprire che non sempre (o forse quasi mai) l\u2019anormale e il diverso sono davvero tali.<\/p>\n","protected":false},"excerpt":{"rendered":"<p>Da gioved\u00ec 15 a domenica 18 ottobre, in varie location di Genova, si svolge la terza edizione del Festival letterario [&hellip;]<\/p>\n","protected":false},"author":5,"featured_media":6027,"comment_status":"open","ping_status":"open","sticky":false,"template":"","format":"standard","meta":{"_acf_changed":false,"footnotes":""},"categories":[3],"tags":[914,382,696,36],"acf":[],"_links":{"self":[{"href":"https:\/\/www.montallegro.it\/magazine\/wp-json\/wp\/v2\/posts\/6026"}],"collection":[{"href":"https:\/\/www.montallegro.it\/magazine\/wp-json\/wp\/v2\/posts"}],"about":[{"href":"https:\/\/www.montallegro.it\/magazine\/wp-json\/wp\/v2\/types\/post"}],"author":[{"embeddable":true,"href":"https:\/\/www.montallegro.it\/magazine\/wp-json\/wp\/v2\/users\/5"}],"replies":[{"embeddable":true,"href":"https:\/\/www.montallegro.it\/magazine\/wp-json\/wp\/v2\/comments?post=6026"}],"version-history":[{"count":7,"href":"https:\/\/www.montallegro.it\/magazine\/wp-json\/wp\/v2\/posts\/6026\/revisions"}],"predecessor-version":[{"id":6034,"href":"https:\/\/www.montallegro.it\/magazine\/wp-json\/wp\/v2\/posts\/6026\/revisions\/6034"}],"wp:featuredmedia":[{"embeddable":true,"href":"https:\/\/www.montallegro.it\/magazine\/wp-json\/wp\/v2\/media\/6027"}],"wp:attachment":[{"href":"https:\/\/www.montallegro.it\/magazine\/wp-json\/wp\/v2\/media?parent=6026"}],"wp:term":[{"taxonomy":"category","embeddable":true,"href":"https:\/\/www.montallegro.it\/magazine\/wp-json\/wp\/v2\/categories?post=6026"},{"taxonomy":"post_tag","embeddable":true,"href":"https:\/\/www.montallegro.it\/magazine\/wp-json\/wp\/v2\/tags?post=6026"}],"curies":[{"name":"wp","href":"https:\/\/api.w.org\/{rel}","templated":true}]}}