


{"id":595,"date":"2017-11-01T13:35:12","date_gmt":"2017-11-01T12:35:12","guid":{"rendered":"https:\/\/www.montallegro.it\/?p=595"},"modified":"2018-07-05T11:30:13","modified_gmt":"2018-07-05T09:30:13","slug":"congresso-gist-la-chirurgia-estetica-per-l-armonia-tra-psiche-e-immagine-di-se","status":"publish","type":"post","link":"https:\/\/www.montallegro.it\/magazine\/congresso-gist-la-chirurgia-estetica-per-l-armonia-tra-psiche-e-immagine-di-se\/","title":{"rendered":"Congresso GIST: la chirurgia estetica per l&#8217;armonia tra psiche e immagine di s\u00e9"},"content":{"rendered":"<p><span style=\"font-size: 12pt\"><span style=\"font-family: Times New Roman,serif\">Sabato 4 novembre, dalle 8,30, nella sede del Cisef Gaslini, in Via Romana della Castagna 11, si svolge il <\/span><span style=\"font-family: Times New Roman,serif\"><b>Congresso nazionale <a href=\"http:\/\/www.gistitalia.org\/\">GIST<\/a><\/b><\/span><span style=\"font-family: Times New Roman,serif\"> (Gruppo Italiano di Studi sulle Tecnologie) sul tema \u201cPsiche e soma. Ristabiliamo il contatto\u201d. Presidente del congresso \u2013 componente del comitato scientifico e relatrice &#8211; \u00e8 <\/span><strong><a href=\"https:\/\/www.montallegro.it\/specialista\/tiziana-lazzari\/\"><span style=\"font-family: Times New Roman,serif\">Tiziana Lazzari<\/span><\/a><\/strong><span style=\"font-family: Times New Roman,serif\">, specialista in dermatologia con studio in Villa Montallegro. <\/span> <\/span><\/p>\n<p><em><span style=\"font-family: Times New Roman,serif;font-size: 14pt\"> <b>Una medicina che tende all&#8217;equilibrio psiocofisico<\/b><\/span><\/em><br \/>\n<span style=\"font-family: Times New Roman,serif;font-size: 12pt\">Spiega Lazzari: \u00abI legami che intercorrono tra psiche e soma, cio\u00e8 tra fattori psicologici e quelli organici, nell\u2019origine e nel mantenimento di stati di alterazione dell\u2019organismo o di malattie vere e proprie sono ben noti a tutti. Ed \u00e8 proprio su questo rapporto che trova il suo spazio la medicina estetica, partendo dall\u2019intuizione che l\u2019uomo \u00e8 sano quando \u00e8 in armonia, nelle varie fasi della vita, con il proprio aspetto fisico e mentale. La medicina estetica si configura come quella branca della medicina che ha come scopo l\u2019ottimizzazione dell\u2019equilibrio psicofisico individuale e il recupero di un\u2019immagine corporea corretta\u00bb.<\/span><br \/>\n<span style=\"font-family: Times New Roman,serif;font-size: 12pt\">Ma che cosa \u00e8 l&#8217;\u2019immagine corporea? \u00abSono l\u2019immagine e l\u2019apparenza del corpo umano che ci formiamo nella mente e cio\u00e8 il modo in cui il nostro corpo ci appare. Per citare Schilder \u201cun\u2019immagine corporea \u00e8 sempre in qualche misura la somma delle immagini corporee della societ\u00e0\u201d\u00bb.<\/span><\/p>\n<p><em><span style=\"font-family: Times New Roman,serif;font-size: 14pt\"> <b>Il futuro della chirurgia estetica<\/b><\/span><\/em><br \/>\n<span style=\"font-family: Times New Roman,serif;font-size: 12pt\">Quale \u00e8 il \u201crazionale\u201d del congresso GIST? \u00abPartendo dal tema\u201cI Contatti\u201d, che ha caratterizzato l&#8217;appena concluso Festival della Scienza genovese, i medici del GIST propongono un congresso multidisciplinare per presentare lo stato dell\u2019arte delle varie tecniche e gli sviluppi delle pi\u00f9 avanzate tecnologie che consentono oggi di garantire qualit\u00e0 e sicurezza delle prestazioni al paziente che si rivolge al medico estetico per mantenere e migliorare la propria qualit\u00e0 di vita ristabilendo il giusto contatto Soma-Psiche\u00bb, spiega Lazzari. E aggiunge: \u00abInterventi sempre meno invasivi e pi\u00f9 naturali ma anche pi\u00f9 efficaci e duraturi nel tempo, questa la grande sfida della medicina e della chirurgia estetica pi\u00f9 avanzata\u00bb.<\/span><br \/>\n<span style=\"font-family: Times New Roman,serif;font-size: 12pt\">Le parole d&#8217;ordine del Congresso saranno, insomma proprio nell&#8217;ottica multidisciplinare, Filler, Tossina botulinica, Biorivitalizzazione, Laser, Radiofrequenza, Nutrizione, Integrazione alimentare, Chirurgia estetica,Fili di sospensione e biostimolazione, Tecniche ancillari.<\/span><\/p>\n<p><span style=\"font-size: 14pt\"><em><span style=\"font-family: Times New Roman,serif\"> <b>Relatori multidisciplinari di alto livello<\/b><\/span><\/em><\/span><br \/>\n<span style=\"font-size: 12pt\"><span style=\"font-family: Times New Roman,serif\">Tra i relatori \u2013 provenienti da tutta Italia e anche dall&#8217;estero \u2013 figurano alcuni specialisti con ambulatorio in Villa Montallegro: l&#8217;oftalmologo <\/span><strong><a href=\"https:\/\/www.montallegro.it\/specialista\/riccardo-berti-riboli\/\"><span style=\"font-family: Times New Roman,serif\">Riccardo Berti Riboli<\/span><\/a><\/strong><span style=\"font-family: Times New Roman,serif\">, l&#8217;odontoiatra <\/span><strong><a href=\"https:\/\/www.montallegro.it\/specialista\/paolo-brunamonti-binello\/\"><span style=\"font-family: Times New Roman,serif\">Paolo Brunamonti Binello<\/span><\/a><\/strong><span style=\"font-family: Times New Roman,serif\">, il chirurgo <\/span><strong><a href=\"https:\/\/www.montallegro.it\/specialista\/gianluigi-pesce\/\"><span style=\"font-family: Times New Roman,serif\">Gian Luigi Amedeo Pesce<\/span><\/a><\/strong><span style=\"font-family: Times New Roman,serif\">, <\/span><strong><a href=\"https:\/\/www.montallegro.it\/specialista\/roberto-rizzo\/\"><span style=\"font-family: Times New Roman,serif\">Roberto Rizzo<\/span><\/a><\/strong><span style=\"font-family: Times New Roman,serif\"> e <\/span><strong><a href=\"https:\/\/www.montallegro.it\/specialista\/pier-luigi-santi\/\"><span style=\"font-family: Times New Roman,serif\">Pier Luigi Santi<\/span><\/a><\/strong><span style=\"font-family: Times New Roman,serif\"> specializzati in chirurgia estetica e ricostruttiva.<\/span><\/span><\/p>\n<p>&nbsp;<\/p>\n","protected":false},"excerpt":{"rendered":"<p>Sabato 4 novembre, dalle 8,30, nella sede del Cisef Gaslini, in Via Romana della Castagna 11, si svolge il Congresso [&hellip;]<\/p>\n","protected":false},"author":5,"featured_media":2363,"comment_status":"closed","ping_status":"open","sticky":false,"template":"","format":"standard","meta":{"_acf_changed":false,"footnotes":""},"categories":[3],"tags":[59,52,60,61,36,62],"acf":[],"_links":{"self":[{"href":"https:\/\/www.montallegro.it\/magazine\/wp-json\/wp\/v2\/posts\/595"}],"collection":[{"href":"https:\/\/www.montallegro.it\/magazine\/wp-json\/wp\/v2\/posts"}],"about":[{"href":"https:\/\/www.montallegro.it\/magazine\/wp-json\/wp\/v2\/types\/post"}],"author":[{"embeddable":true,"href":"https:\/\/www.montallegro.it\/magazine\/wp-json\/wp\/v2\/users\/5"}],"replies":[{"embeddable":true,"href":"https:\/\/www.montallegro.it\/magazine\/wp-json\/wp\/v2\/comments?post=595"}],"version-history":[{"count":1,"href":"https:\/\/www.montallegro.it\/magazine\/wp-json\/wp\/v2\/posts\/595\/revisions"}],"predecessor-version":[{"id":4501,"href":"https:\/\/www.montallegro.it\/magazine\/wp-json\/wp\/v2\/posts\/595\/revisions\/4501"}],"wp:featuredmedia":[{"embeddable":true,"href":"https:\/\/www.montallegro.it\/magazine\/wp-json\/wp\/v2\/media\/2363"}],"wp:attachment":[{"href":"https:\/\/www.montallegro.it\/magazine\/wp-json\/wp\/v2\/media?parent=595"}],"wp:term":[{"taxonomy":"category","embeddable":true,"href":"https:\/\/www.montallegro.it\/magazine\/wp-json\/wp\/v2\/categories?post=595"},{"taxonomy":"post_tag","embeddable":true,"href":"https:\/\/www.montallegro.it\/magazine\/wp-json\/wp\/v2\/tags?post=595"}],"curies":[{"name":"wp","href":"https:\/\/api.w.org\/{rel}","templated":true}]}}