


{"id":594,"date":"2017-10-24T12:24:35","date_gmt":"2017-10-24T10:24:35","guid":{"rendered":"https:\/\/www.montallegro.it\/?p=594"},"modified":"2018-07-05T12:51:37","modified_gmt":"2018-07-05T10:51:37","slug":"pro-recco-intervista-al-medico-sportivo","status":"publish","type":"post","link":"https:\/\/www.montallegro.it\/magazine\/pro-recco-intervista-al-medico-sportivo\/","title":{"rendered":"Pro Recco: intervista al medico sportivo"},"content":{"rendered":"<p><span style=\"font-size: 12pt\">Dopo il clamoroso avvio in campionato (19-2) contro la Rari Nantes Savona, domani alle 20,30 nelle piscine di Albaro, appuntamento &#8220;storico&#8221; per la <strong><a href=\"http:\/\/www.prorecco.it\">Pro Recco<\/a><\/strong> per la Champions League con l&#8217;olandese <strong>Alphen<\/strong>: 34 anni fa, il 3 dicembre 1983, i recchellini conquistarono la seconda Coppa dei Campioni proprio contro l&#8217;Alphen. Con l&#8217;inizio del torneo di prima serie, dove la Pro Recco spera di proseguire la serie di ben dodici campionati vinti, si apre cos\u00ec la corsa europea per provare a ripetere il successo del 2015.<\/span><br \/>\n<span style=\"font-size: 12pt\">L&#8217;adrenalina sportiva si mescola con le notizie relative allo stato di salute di <strong>Sandro Sukno<\/strong>, miglior marcatore col Pro Recco dell&#8217;ultima Champions League e colonna della Nazionale croata con cui ha vinto la medaglia d&#8217;oro ai Mondiali di Budapest dello scorso luglio dove \u00e8 stato premiato come miglior marcatore e miglior giocatore nella finale contro i padroni di casa magiari.<\/span><br \/>\n<span style=\"font-size: 12pt\">Abbiamo intervistato <strong><a href=\"https:\/\/www.montallegro.it\/specialista\/giorgio-maietta-farnese\/\">Giorgio Maietta Farnese<\/a><\/strong>, medico sportivo della Pro Recco e vicedirettore sanitario di Villa Montallegro. La Casa di Cura genovese \u00e8 da molti anni partner della Pro Recco.<\/span><\/p>\n<p><span style=\"font-size: 14pt\"><b>Ansia per Sandro Sukno<\/b><\/span><\/p>\n<p><span style=\"font-size: 12pt\">&#8211; <i>Parliamo subito di Sukno. Il 13 ottobre la squadra ha emesso questo comunicato stampa: &#8220;La Pro Recco Waterpolo 1913 comunica che l&#8217;esito degli esami cardiologici di controllo eseguiti sul giocatore Sandro Sukno, prima dell&#8217;inizio della stagione, hanno richiesto ulteriori accertamenti. Il giocatore biancoceleste \u00e8 stato visitato dal professor Paolo Zeppilli e dovr\u00e0 rimanere a riposo per un paio di mesi prima di poter riprendere l&#8217;attivit\u00e0 agonistica. Il presidente Felugo e tutta la famiglia biancoceleste sono al fianco di Sandro, certi che da grande campione sapr\u00e0 superare anche questo momento difficile&#8221;. Cosa \u00e8 successo?<\/i><\/span><br \/>\n<span style=\"font-size: 12pt\">\u00abGli accertamenti eseguiti presso Villa Montallegro a Sandro Sukno per una patologia da tempo monitorata hanno evidenziato il peggioramento di alcuni parametri. L&#8217;atleta recchelino \u00e8 stato quindi sottoposto a ulteriori esami specialistici i cui esiti hanno portato alla sospensione temporanea dell&#8217;attivit\u00e0. Una nuova valutazione verr\u00e0 effettuata tra un paio di mesi\u00bb.<\/span><\/p>\n<p><span style=\"font-size: 14pt\"><b>La partnership di Villa Montallegro<\/b><\/span><\/p>\n<p><span style=\"font-size: 12pt\">&#8211; <i>Come si realizza la partnership di Villa Montallegro con la Pro Recco?<\/i><\/span><br \/>\n<span style=\"font-size: 12pt\">\u00abDa 15 stagioni, anche Villa \u00a0Montallegro si occupa dell&#8217;assistenza \u00a0sanitaria degli atleti e il nostro centro piuKinesi \u00e8 il riferimento per la riabilitazione sportiva, post-traumatica e post-operatoria. Quest&#8217;anno particolare attenzione verr\u00e0 rivolta agli aspiranti pallanuotisti della Pro Recco Academy, settore giovanile che comprende la fascia d&#8217;et\u00e0 dagli 8 agli 11 anni: di questi ragazzi verranno studiati ed eventualmente corretti\u00a0atteggiamenti posturali e abitudini alimentari\u00bb.<\/span><\/p>\n<p><span style=\"font-size: 12pt\"> &#8211; <i>Quale rapporto si crea tra il medico e gli atleti?<\/i><\/span><br \/>\n<span style=\"font-size: 12pt\">\u00abSeguo la Pro Recco dal 2001, da quando Villa Montallegro ne cura l\u2019assistenza sanitaria. Dopo il Caimano Eraldo Pizzo posso vantare la pi\u00f9 lunga militanza tra lo staff. Dopo tutti questi anni il rapporto con molti atleti \u00e8 passato da fiducia a una vera amicizia. Mi capita regolarmente di sentire ancora giocatori che adesso militano in altre squadre o hanno terminato l\u2019attivit\u00e0 agonistica e vivono lontano, magari per commentare avvenimenti sportivi o per altri motivi e questo mi fa molto piacere perch\u00e9 vuol dire che \u00e8 stato costruito qualcosa di pi\u00f9 rispetto al semplice rapporto tra medico e paziente o medico e giocatore\u00bb.<\/span><\/p>\n<p><span style=\"font-size: 14pt\"><b>Pallanuoto, uno sport \u201cdi contatto\u201d<\/b><\/span><\/p>\n<p><span style=\"font-size: 12pt\">&#8211; <i>Quali sono gli infortuni pi\u00f9 comuni tra i pallanuotisti?<\/i><\/span><br \/>\n<span style=\"font-size: 12pt\">\u00abLa pallanuoto \u00e8 uno sport di contatto per cui non sono infrequenti le fratture, in particolare alla mano o al setto nasale. Gli infortuni pi\u00f9 comuni sono quelli muscolari, favoriti dall\u2019intensit\u00e0 degli allenamenti e dal fatto che i pallanuotisti di alto livello non si riposano praticamente mai: finita la stagione con la Pro Recco, gli atleti partono per raggiungere il ritiro della propria nazionale. Senza contare le Olimpiadi, ogni hanno si disputano la World League, una competizione per squadre nazionali, e i Campionati Mondiali o quelli Europei che nella pallanuoto si tengono ogni 2 anni. Finiti gli impegni internazionali, inizia la preparazione per la stagione successiva. I tempi di recupero sono quindi ridotti al lumicino ed \u00e8 necessario un meticoloso lavoro di prevenzione favorito dalla collaborazione tra allenatore, preparatore atletico e staff sanitario\u00bb.<\/span><\/p>\n<p><span style=\"font-size: 14pt\"><b>Attenzione agli integratori<\/b><\/span><\/p>\n<p><span style=\"font-size: 12pt\">&#8211; <i>Quali accorgimenti occorre prendere per evitare che eventuali farmaci curativi vengano poi confusi con il doping?<\/i><\/span><br \/>\n<span style=\"font-size: 12pt\">\u00abIl pericolo pi\u00f9 che dai farmaci viene dagli integratori. Accanto ai sali minerali, utilizzati prevalentemente in fase di reidratazione e di recupero, vi sono prodotti cos\u00ec detti \u201cenergetici\u201d, di cui molti sportivi anche non agonisti fanno uso. Nel nostro Paese, ma non solo, la categoria degli integratori per poter essere commercializzata necessita solo di essere notificata, in pratica di una normale comunicazione di autorizzazione al commercio, senza altra procedura, cio\u00e8 senza un controllo da parte del ministero della Sanit\u00e0. Questo permette la presenza sul mercato di prodotti che oltre ad avere problemi di purezza delle sostanze usate, non garantiscono neppure la composizione di quanto dichiarato in etichetta. Uno studio commissionato dal Comitato Olimpico Internazionale aveva evidenziato che su 634 campioni di complementi nutrizionali, 94, cio\u00e8 il 15%, contenevano delle sostanze non dichiarate sulle etichette, che avrebbero potuto determinare un controllo doping positivo. I nostri atleti sanno bene che mi devono contattare prima di assumere qualsiasi farmaco o integratore, ma non tutte le persone sono a conoscenza del rischio che si corre assumendo prodotti consigliati con il passa parola e acquistati magari su internet da aziende non note\u00bb.<\/span><\/p>\n<p><span style=\"font-size: 12pt\"> &#8211; <i>Trova differenze nei comportamenti extra attivit\u00e0 agonistica tra i pallanuotisti e altri sportivi come, per esempio, i calciatori?<\/i><\/span><br \/>\n<span style=\"font-size: 12pt\">\u00abSe si parla di comportamento di atleti professionisti non credo ci siano differenze tra le due categorie. Di sicuro le ore di libert\u00e0 sono maggiori per i calciatori perch\u00e9 gli allenamenti quotidiani dei pallanuotisti sono pi\u00f9 lunghi\u00bb.<\/span><\/p>\n<p><span style=\"font-size: 14pt\"><b>La dieta per gli sportivi<\/b><\/span><\/p>\n<p><span style=\"font-size: 12pt\">&#8211; <i>Quale \u00e8 la dieta ideale per uno sportivo e per un pallanuotista in particolare?<\/i><\/span><br \/>\n<span style=\"font-size: 12pt\">\u00abNoi abbiamo la fortuna di avere come consulente uno specialista in scienza dell\u2019alimentazione nella persona del dottor <a href=\"https:\/\/www.montallegro.it\/specialista\/luca-spigno\/\">Luca Spigno<\/a> che personalizza il programma nutrizionale degli atleti in base all\u2019indice di massa corporea. Parlando in generale si pu\u00f2 dire che uno sportivo deve eseguire una dieta equilibrata con apporto calorico proporzionato allo sforzo: il 50-60 % delle calorie deve provenire dai carboidrati, meno del 30% dai grassi e il 10-20% dalle proteine. L\u2019unico integratore veramente necessario \u00e8 l\u2019acqua che non bisogna mai dimenticare di bere in abbondanza\u00bb.<\/span><\/p>\n<p>&nbsp;<\/p>\n","protected":false},"excerpt":{"rendered":"<p>Dopo il clamoroso avvio in campionato (19-2) contro la Rari Nantes Savona, domani alle 20,30 nelle piscine di Albaro, appuntamento [&hellip;]<\/p>\n","protected":false},"author":4,"featured_media":4001,"comment_status":"closed","ping_status":"open","sticky":false,"template":"","format":"standard","meta":{"_acf_changed":false,"footnotes":""},"categories":[139,141],"tags":[145,129,36,83,84,146],"acf":[],"_links":{"self":[{"href":"https:\/\/www.montallegro.it\/magazine\/wp-json\/wp\/v2\/posts\/594"}],"collection":[{"href":"https:\/\/www.montallegro.it\/magazine\/wp-json\/wp\/v2\/posts"}],"about":[{"href":"https:\/\/www.montallegro.it\/magazine\/wp-json\/wp\/v2\/types\/post"}],"author":[{"embeddable":true,"href":"https:\/\/www.montallegro.it\/magazine\/wp-json\/wp\/v2\/users\/4"}],"replies":[{"embeddable":true,"href":"https:\/\/www.montallegro.it\/magazine\/wp-json\/wp\/v2\/comments?post=594"}],"version-history":[{"count":1,"href":"https:\/\/www.montallegro.it\/magazine\/wp-json\/wp\/v2\/posts\/594\/revisions"}],"predecessor-version":[{"id":4588,"href":"https:\/\/www.montallegro.it\/magazine\/wp-json\/wp\/v2\/posts\/594\/revisions\/4588"}],"wp:featuredmedia":[{"embeddable":true,"href":"https:\/\/www.montallegro.it\/magazine\/wp-json\/wp\/v2\/media\/4001"}],"wp:attachment":[{"href":"https:\/\/www.montallegro.it\/magazine\/wp-json\/wp\/v2\/media?parent=594"}],"wp:term":[{"taxonomy":"category","embeddable":true,"href":"https:\/\/www.montallegro.it\/magazine\/wp-json\/wp\/v2\/categories?post=594"},{"taxonomy":"post_tag","embeddable":true,"href":"https:\/\/www.montallegro.it\/magazine\/wp-json\/wp\/v2\/tags?post=594"}],"curies":[{"name":"wp","href":"https:\/\/api.w.org\/{rel}","templated":true}]}}