


{"id":584,"date":"2017-09-08T16:54:55","date_gmt":"2017-09-08T14:54:55","guid":{"rendered":"https:\/\/www.montallegro.it\/?p=584"},"modified":"2018-07-05T11:30:13","modified_gmt":"2018-07-05T09:30:13","slug":"villa-montallegro-agli-aon-open-challenger-di-genova","status":"publish","type":"post","link":"https:\/\/www.montallegro.it\/magazine\/villa-montallegro-agli-aon-open-challenger-di-genova\/","title":{"rendered":"Villa Montallegro all&#8217;Aon Open Challenger di Genova"},"content":{"rendered":"<p>La XV edizione dell\u2019<strong>Aon Open Challenger\u2013Memorial Giorgio Messina<\/strong>, il torneo internazionale di tennis che si svolge a <strong>Genova<\/strong> a <strong>Valletta Cambiaso<\/strong>, sta volgendo al termine con enorme successo. Anche quest&#8217;anno Villa Montallegro \u00e8 partner della manifestazione, fornendo l&#8217;assistenza sanitaria e fisioterapica al torneo. Abbiamo rivolto alcune domande al dottor <a href=\"https:\/\/www.montallegro.it\/specialista\/giorgio-maietta-farnese\/\" target=\"_blank\" rel=\"noopener noreferrer\"><strong>Giorgio Maietta Farnese<\/strong><\/a>, che si occupa del coordinamento dell&#8217;equipe di Montallegro.<\/p>\n<h2><strong>Aon Open Challanger grande successo\u00a0<\/strong><em style=\"font-size: 13px\"><br \/>\n<\/em><\/h2>\n<h3><em>Anche quest&#8217;anno Villa Montallegro \u00e8 partner tecnico degli Aon Open Challanger di Genova: cosa \u00e8 cambiato rispetto agli anni scorsi?<\/em><\/h3>\n<p>L&#8217;importanza del torneo \u00e8 progressivamente cresciuta, cos\u00ec come il livello dei giocatori e di conseguenza \u00e8 cresciuto il nostro impegno. Agli esordi il medico era solo reperibile; con il passare degli anni la sua presenza si \u00e8 resa necessaria in loco durante tutta la durata della manifestazione. Quello che ci inorgoglisce \u00e8 la fiducia che tutti ormai ripongono nei nostri sanitari. Dieci anni fa la maggior parte degli atleti si presentava accompagnata dal fisioterapista personale ed era restia a farsi trattare da sconosciuti, ma, con il tempo, hanno iniziato a conoscerci e a stimarci: nel circuito tennistico la voce si \u00e8 sparsa e oggi i nostri fisioterapisti sono richiestissimi. Questo \u00e8 per noi motivo di grande orgoglio anche perch\u00e9 \u00e8 tangibile la soddisfazione che ci manifestano gli atleti abituati a interagire con personale sanitario di livello internazionale.<\/p>\n<h3><em>Villa Montallegro fornisce un&#8217;assistenza sanitaria e fisoterapica: quante persone sono impegnate?<br \/>\n<\/em><\/h3>\n<p>Sono impegnati due medici e due fisioterapisti. Il loro lavoro inizia un\u2019ora prima dell\u2019inizio degli incontri e si protrae anche alcune ore dopo la fine dell\u2019ultimo match.<\/p>\n<h2><strong>Tanto lavoro per i fisioterapisti<\/strong><\/h2>\n<h3><em>Quali sono i servizi sanitari pi\u00f9 richiesti?<\/em><\/h3>\n<p>Fortunatamente, grossi infortuni non ce ne sono stati. Il medico si \u00e8 dedicato prevalentemente alla medicazione di piccole ferite e a prestare assistenza a molti componenti del folto pubblico che hanno accusato malori per il gran caldo di questi giorni. I fisioterapisti hanno effettuato numerosi trattamenti manuali per <strong>infiammazioni di gomiti e spalle<\/strong>, ma soprattutto <strong>massoterapia decontratturante<\/strong> prima e dopo gli incontri.<\/p>\n<h2><strong>I capelli di Dustin Brown<\/strong><\/h2>\n<h3><em>C&#8217;\u00e8 qualche aneddoto particolare, dal punto di vista medico, su questa edizione degli Aon Open Challenger?<\/em><\/h3>\n<p>Se vogliamo fare una battuta, l\u2019intervento pi\u00f9 difficoltoso \u00e8 stato trattare il collo di <strong>Dustin Brown<\/strong> (n.d.r. tennista giamaicano naturalizzato tedesco: ha una lunghissima capigliatura rasta), uno dei personaggi pi\u00f9 amati dal pubblico, che non si taglia i capelli dall\u2019agosto 1996. A parte il peso, lui stesso ha dichiarato che a volte quando serve in kick, prova dolore perch\u00e9 i capelli \u201cgli sbattono in faccia\u201d.<\/p>\n","protected":false},"excerpt":{"rendered":"<p>La XV edizione dell\u2019Aon Open Challenger\u2013Memorial Giorgio Messina, il torneo internazionale di tennis che si svolge a Genova a Valletta [&hellip;]<\/p>\n","protected":false},"author":5,"featured_media":2389,"comment_status":"closed","ping_status":"open","sticky":false,"template":"","format":"standard","meta":{"_acf_changed":false,"footnotes":""},"categories":[3],"tags":[18,19],"acf":[],"_links":{"self":[{"href":"https:\/\/www.montallegro.it\/magazine\/wp-json\/wp\/v2\/posts\/584"}],"collection":[{"href":"https:\/\/www.montallegro.it\/magazine\/wp-json\/wp\/v2\/posts"}],"about":[{"href":"https:\/\/www.montallegro.it\/magazine\/wp-json\/wp\/v2\/types\/post"}],"author":[{"embeddable":true,"href":"https:\/\/www.montallegro.it\/magazine\/wp-json\/wp\/v2\/users\/5"}],"replies":[{"embeddable":true,"href":"https:\/\/www.montallegro.it\/magazine\/wp-json\/wp\/v2\/comments?post=584"}],"version-history":[{"count":1,"href":"https:\/\/www.montallegro.it\/magazine\/wp-json\/wp\/v2\/posts\/584\/revisions"}],"predecessor-version":[{"id":4510,"href":"https:\/\/www.montallegro.it\/magazine\/wp-json\/wp\/v2\/posts\/584\/revisions\/4510"}],"wp:featuredmedia":[{"embeddable":true,"href":"https:\/\/www.montallegro.it\/magazine\/wp-json\/wp\/v2\/media\/2389"}],"wp:attachment":[{"href":"https:\/\/www.montallegro.it\/magazine\/wp-json\/wp\/v2\/media?parent=584"}],"wp:term":[{"taxonomy":"category","embeddable":true,"href":"https:\/\/www.montallegro.it\/magazine\/wp-json\/wp\/v2\/categories?post=584"},{"taxonomy":"post_tag","embeddable":true,"href":"https:\/\/www.montallegro.it\/magazine\/wp-json\/wp\/v2\/tags?post=584"}],"curies":[{"name":"wp","href":"https:\/\/api.w.org\/{rel}","templated":true}]}}