


{"id":5833,"date":"2020-06-17T18:40:19","date_gmt":"2020-06-17T16:40:19","guid":{"rendered":"https:\/\/www.montallegro.it\/magazine\/?p=5833"},"modified":"2020-06-17T18:40:19","modified_gmt":"2020-06-17T16:40:19","slug":"un-corso-in-e-learning-sullartrosi-della-caviglia","status":"publish","type":"post","link":"https:\/\/www.montallegro.it\/magazine\/un-corso-in-e-learning-sullartrosi-della-caviglia\/","title":{"rendered":"Un corso in e-learning sull&#8217;artrosi della caviglia"},"content":{"rendered":"<p><span style=\"color: #000000\"><span style=\"font-family: Times New Roman, serif\"><span style=\"font-size: medium\">Sabato 20 giugno dalle ore 15 alle 17 si svolge un corso scientifico in e-learning sul tema \u201c<span style=\"color: #000000\"><span style=\"font-family: Times New Roman, serif\"><span style=\"font-size: medium\">Artrosi di caviglia e deformit\u00e0 sovrasegmentarie: esiste una precedenza?\u201d<\/span><\/span><\/span><\/p>\n<p><span style=\"color: #000000\"><span style=\"font-family: Times New Roman, serif\"><span style=\"font-size: medium\">Il patrocinio del webimar, cio\u00e8 seminario via web, il cui indirizzo \u00e8 <a href=\"https:\/\/e-learning.federicousuelli.com\/\">https:\/\/e-learning.federicousuelli.com\/<\/a>, \u00e8 di Sispec (Societ\u00e0 italiana studio piede e caviglia) e Sife (Societ\u00e0 italiana fissazione esterna). L&#8217;organizzazione di F.G. Usuelli e C. Indino.<\/span><\/span><\/span><\/p>\n<p><span style=\"color: #000000\"><span style=\"font-family: Times New Roman, serif\"><span style=\"font-size: medium\">Partecipano alcuni importanti studiosi della materia, tra i quali <a href=\"https:\/\/www.montallegro.it\/specialisti\/maria-teresa-pereira-ruiz\/\">Maria Teresa Pereira<\/a> di Montallegro.<\/span><\/span><\/span><\/p>\n<p><span style=\"color: #000000\"><span style=\"font-family: Times New Roman, serif\"><span style=\"font-size: medium\">Questo il programma, moderato da F. Randelli del Policlinico San Donato di Milano.<\/span><\/span><\/span><\/p>\n<p align=\"LEFT\"><span style=\"color: #000000\"><span style=\"font-family: Times New Roman, serif\"><span style=\"font-size: medium\">F.G. Usuelli, Humanitas S.Pio X di Milano (<em>Protesi di caviglia: evoluzione e nuove prospettive<\/em>), C. Indino, Humanitas S.Pio X di Milano (<em>Protesi di caviglia e deformit\u00e0 sovrasegmentarie. La psospettiva da distale a prossimale<\/em>), F. Della Rocca, ICH Humanitas Milano (<em>Protesi d&#8217;anca. La prospettiva da prossimale a distale<\/em>), F. D&#8217;Amario, Humanitas S.Pio X di Milano (<em>Protesi di ginocchio. La prospettiva da prossimale a distal<\/em>e), G. Lovisetti, presidio ospedaliero di Menaggio A.O. S. Anna di Como (<em>Le defomrit\u00e0 post-traumatiche dell&#8217;arto inferiore. Trattamento definitivo e preparazione ad un impianto protesico<\/em>), M. Massobrio, Policlinico Umberto I &#8211; Universit\u00e0 La Sapienza di Roma (<em>La fissazione esterna nelle deformit\u00e0 dell&#8217;arto inferiore. L&#8217;artodresi come procedura di salvataggio<\/em>), M. Pereira Ruiz, Casa di cura Montallegro di Genova (<em>Arto inferiore. Ampia prospettiva per chi riabilita<\/em>).<\/span><\/span><\/span><\/p>\n","protected":false},"excerpt":{"rendered":"<p>Sabato 20 giugno dalle ore 15 alle 17 si svolge un corso scientifico in e-learning sul tema \u201cArtrosi di caviglia [&hellip;]<\/p>\n","protected":false},"author":5,"featured_media":5834,"comment_status":"open","ping_status":"open","sticky":false,"template":"","format":"standard","meta":{"_acf_changed":false,"footnotes":""},"categories":[3],"tags":[824,34,91,36,826,825],"acf":[],"_links":{"self":[{"href":"https:\/\/www.montallegro.it\/magazine\/wp-json\/wp\/v2\/posts\/5833"}],"collection":[{"href":"https:\/\/www.montallegro.it\/magazine\/wp-json\/wp\/v2\/posts"}],"about":[{"href":"https:\/\/www.montallegro.it\/magazine\/wp-json\/wp\/v2\/types\/post"}],"author":[{"embeddable":true,"href":"https:\/\/www.montallegro.it\/magazine\/wp-json\/wp\/v2\/users\/5"}],"replies":[{"embeddable":true,"href":"https:\/\/www.montallegro.it\/magazine\/wp-json\/wp\/v2\/comments?post=5833"}],"version-history":[{"count":3,"href":"https:\/\/www.montallegro.it\/magazine\/wp-json\/wp\/v2\/posts\/5833\/revisions"}],"predecessor-version":[{"id":5837,"href":"https:\/\/www.montallegro.it\/magazine\/wp-json\/wp\/v2\/posts\/5833\/revisions\/5837"}],"wp:featuredmedia":[{"embeddable":true,"href":"https:\/\/www.montallegro.it\/magazine\/wp-json\/wp\/v2\/media\/5834"}],"wp:attachment":[{"href":"https:\/\/www.montallegro.it\/magazine\/wp-json\/wp\/v2\/media?parent=5833"}],"wp:term":[{"taxonomy":"category","embeddable":true,"href":"https:\/\/www.montallegro.it\/magazine\/wp-json\/wp\/v2\/categories?post=5833"},{"taxonomy":"post_tag","embeddable":true,"href":"https:\/\/www.montallegro.it\/magazine\/wp-json\/wp\/v2\/tags?post=5833"}],"curies":[{"name":"wp","href":"https:\/\/api.w.org\/{rel}","templated":true}]}}