


{"id":575,"date":"2017-05-23T06:14:00","date_gmt":"2017-05-23T04:14:00","guid":{"rendered":"https:\/\/www.montallegro.it\/?p=575"},"modified":"2018-07-05T11:30:14","modified_gmt":"2018-07-05T09:30:14","slug":"antimeningococco-vaccinazioni-genova","status":"publish","type":"post","link":"https:\/\/www.montallegro.it\/magazine\/antimeningococco-vaccinazioni-genova\/","title":{"rendered":"Antimengicocco: gi\u00e0 324 vaccinazioni in Villa Montallegro"},"content":{"rendered":"<p>Dal 12 gennaio al 17 maggio 2017 in Villa Montallegro sono state effettuate 324 <strong>vaccinazioni <a href=\"https:\/\/www.montallegro.it\/meningite-vaccino-genova\/\" target=\"_blank\" rel=\"noopener noreferrer\">antimeningococco<\/a>.<\/strong> L&#8217;et\u00e0 media dei pazienti \u00e8 stata di 21 anni, in un range compreso tra i 2 i 72 anni di et\u00e0. La richiesta \u00e8 derivata dagli allarmi, amplificati dai media, che in questi mesi si sono pi\u00f9 volte rinnovati. Villa Montallegro ribadisce quanto pi\u00f9 volte affermato anche <a href=\"https:\/\/www.montallegro.it\/?p=529\" target=\"_blank\" rel=\"noopener noreferrer\">su queste pagine<\/a>: non ci troviamo di fronte a un&#8217;<strong>epidemia<\/strong>. Certamente alcune categorie di persone, a cominciare dai <strong>bambini<\/strong>, devono vaccinarsi: la<strong> vaccinazione anti-meningococcica<\/strong> \u00e8 raccomandata per tutti i bambini entro i sei mesi verso il sierotipo B ed entro i 15 mesi per il sierotipo C.<\/p>\n<p>Anche gli adolescenti e i giovani al di sotto dei 30 anni \u00e8 buona norma che si vaccinino, cos\u00ec come soggetti affetti da particolari <strong><a href=\"component\/tags\/tag\/patologie\" target=\"_blank\" rel=\"noopener noreferrer\">malattie<\/a><\/strong> (e i loro conviventi) quali quelle ematologiche (talassemia e anemia falciforme), oppure i soggetti che hanno subito l\u2019<strong>asportazione della milza<\/strong>, i pazienti affetti da <strong>HIV<\/strong>, da insufficienza renale grave o da epatopatia cronica e i portatori di impianto cocleare.<\/p>\n<p>Villa Montallegro ricorda che i propri ambulatori e il proprio staff medico e infermieristico sono a disposizione sia per le <a href=\"component\/tags\/tag\/vaccini\" target=\"_blank\" rel=\"noopener noreferrer\">vaccinazioni<\/a> sia per fornire informazioni. Per informazioni e prenotazioni (la vaccinazione viene eseguita, in linea generale,<strong> entro due giorni<\/strong>): tel. 010\/35311 \u2013 010\/3531283\/4; mail <a href=\"mailto:clienti@montallegro.it\" target=\"_blank\" rel=\"noopener noreferrer\">clienti@montallegro.it<\/a>\u00a0oppure <a href=\"mailto:callcenter2@montallegro.it\" target=\"_blank\" rel=\"noopener noreferrer\">callcenter2@montallegro.it<\/a>\u00a0oppure <a href=\"mailto:dirsan@montallegro.it\" target=\"_blank\" rel=\"noopener noreferrer\">dirsan@montallegro.it<\/a>.<\/p>\n","protected":false},"excerpt":{"rendered":"<p>Dal 12 gennaio al 17 maggio 2017 in Villa Montallegro sono state effettuate 324 <strong>vaccinazioni <a href=\"component\/tags\/tag\/meningite\" target=\"_blank\" rel=\"noopener noreferrer\">antimeningococco<\/a>.<\/strong> L&#8217;et\u00e0 media dei pazienti \u00e8 stata di 21 anni, in un range compreso tra i 2 i 72 anni di et\u00e0.<\/p>\n","protected":false},"author":5,"featured_media":2412,"comment_status":"closed","ping_status":"open","sticky":false,"template":"","format":"standard","meta":{"_acf_changed":false,"footnotes":""},"categories":[3,12],"tags":[28,13,26,29],"acf":[],"_links":{"self":[{"href":"https:\/\/www.montallegro.it\/magazine\/wp-json\/wp\/v2\/posts\/575"}],"collection":[{"href":"https:\/\/www.montallegro.it\/magazine\/wp-json\/wp\/v2\/posts"}],"about":[{"href":"https:\/\/www.montallegro.it\/magazine\/wp-json\/wp\/v2\/types\/post"}],"author":[{"embeddable":true,"href":"https:\/\/www.montallegro.it\/magazine\/wp-json\/wp\/v2\/users\/5"}],"replies":[{"embeddable":true,"href":"https:\/\/www.montallegro.it\/magazine\/wp-json\/wp\/v2\/comments?post=575"}],"version-history":[{"count":1,"href":"https:\/\/www.montallegro.it\/magazine\/wp-json\/wp\/v2\/posts\/575\/revisions"}],"predecessor-version":[{"id":4517,"href":"https:\/\/www.montallegro.it\/magazine\/wp-json\/wp\/v2\/posts\/575\/revisions\/4517"}],"wp:featuredmedia":[{"embeddable":true,"href":"https:\/\/www.montallegro.it\/magazine\/wp-json\/wp\/v2\/media\/2412"}],"wp:attachment":[{"href":"https:\/\/www.montallegro.it\/magazine\/wp-json\/wp\/v2\/media?parent=575"}],"wp:term":[{"taxonomy":"category","embeddable":true,"href":"https:\/\/www.montallegro.it\/magazine\/wp-json\/wp\/v2\/categories?post=575"},{"taxonomy":"post_tag","embeddable":true,"href":"https:\/\/www.montallegro.it\/magazine\/wp-json\/wp\/v2\/tags?post=575"}],"curies":[{"name":"wp","href":"https:\/\/api.w.org\/{rel}","templated":true}]}}