


{"id":5556,"date":"2020-03-02T08:08:49","date_gmt":"2020-03-02T07:08:49","guid":{"rendered":"https:\/\/www.montallegro.it\/magazine\/?p=5556"},"modified":"2020-03-02T08:08:49","modified_gmt":"2020-03-02T07:08:49","slug":"ludito-allunga-la-vita","status":"publish","type":"post","link":"https:\/\/www.montallegro.it\/magazine\/ludito-allunga-la-vita\/","title":{"rendered":"L&#8217;udito allunga la vita"},"content":{"rendered":"<p align=\"JUSTIFY\"><em><span style=\"font-family: Times New Roman, serif\"><span style=\"font-size: medium\">L&#8217;Organizzazione Mondiale della Sanit\u00e0 lancia lo slogan \u201cHearing For Life\u201d (l\u2019udito per la vita) in occasione del <strong>World Hearing Day<\/strong>, che si celebra ogni anno il 3 marzo per richiamare i governi mondiali sull\u2019importanza dell\u2019udito. Lo scorso anno il leit motiv era &#8220;Check your hearing&#8221; (controlla il tuo udito).<\/span><\/span><\/em><\/p>\n<p align=\"JUSTIFY\"><em><span style=\"font-family: Times New Roman, serif\"><span style=\"font-size: medium\"><img decoding=\"async\" class=\"alignnone wp-image-5555 alignleft\" src=\"https:\/\/www.montallegro.it\/magazine\/wp-content\/uploads\/sites\/2\/2020\/02\/ameli-237x300.jpg\" alt=\"\" width=\"167\" height=\"211\" srcset=\"https:\/\/www.montallegro.it\/magazine\/wp-content\/uploads\/sites\/2\/2020\/02\/ameli-237x300.jpg 237w, https:\/\/www.montallegro.it\/magazine\/wp-content\/uploads\/sites\/2\/2020\/02\/ameli.jpg 426w\" sizes=\"(max-width: 167px) 100vw, 167px\" \/>Le persone con problemi di udito in Italia sono 7 milioni (11,7%) e l\u2019ipoacusia (cio\u00e8 l&#8217;indebolimento dell&#8217;udito) riguarda una persona su tre tra gli over 65, ma meno di un terzo della popolazione ha effettuato un controllo dell\u2019udito mentre oltre la met\u00e0 non l\u2019ha mai fatto.<\/span><\/span><\/em><\/p>\n<p align=\"JUSTIFY\"><em><span style=\"font-size: large\"><span style=\"font-family: Times New Roman, serif\"><span style=\"font-size: medium\">Abbiamo chiesto al dottor <strong><a href=\"https:\/\/www.montallegro.it\/specialisti\/franco-ameli\/\">Franco Ameli<\/a><\/strong> (nella foto), specialista in otorinolaringoiatria che svolge la propria attivit\u00e0 in Montallegro, di commentare questa giornata.<\/span><\/span><\/span><\/em><\/p>\n<p align=\"JUSTIFY\"><strong><span style=\"font-family: Times New Roman, serif\"><span style=\"font-size: medium\">___________________________________<\/span><\/span><\/strong><\/p>\n<p align=\"JUSTIFY\"><span style=\"font-family: Times New Roman, serif\"><span style=\"font-size: medium\"><strong>S<\/strong>iamo tutti consapevoli che la vita media si sta allungando e che le persone anziane saranno a breve un numero maggiore rispetto ai giovani. Con l\u2019aumentare dell\u2019et\u00e0 aumenta inesorabilmente la possibilit\u00e0 di deficit cognitivi e di demenza che a partire dai 70 anni si incrementa dell\u20191% ogni anno.<\/span><\/span><\/p>\n<p align=\"JUSTIFY\"><span style=\"font-family: Times New Roman, serif\"><span style=\"font-size: medium\">Ma cosa c\u2019entra il declino cognitivo proprio dell\u2019et\u00e0 che avanza con la perdita uditiva? Anche la perdita di cellule neurologiche dell\u2019apparato uditivo (cellule superspecializzate non rigenerabili) \u00e8 caratteristica dell\u2019anzianit\u00e0 e numerosi studi scientifici pubblicati negli ultimi anni hanno dimostrato che essere anziani con poco udito accresce il rischio di demenza e di declino cognitivo. <\/span><\/span><\/p>\n<p align=\"JUSTIFY\"><span style=\"font-family: Times New Roman, serif\"><span style=\"font-size: large\"><b>Perdita dell&#8217;udito e declino cognitivo <\/b><\/span><\/span><\/p>\n<p align=\"JUSTIFY\"><span style=\"font-family: Times New Roman, serif\"><span style=\"font-size: medium\">La forma pi\u00f9 comune e pi\u00f9 studiata tra tutti i deficit cognitivi \u00e8 la malattia di Alzheimer o semplicemente Alzheimer dal nome di uno dei suoi scopritori. Il motivo per cui ipoacusia e Alzhiemer sono condizioni cos\u00ec legate non \u00e8 ancora del tutto dimostrato ma vi sono al momento alcune ipotesi. La pi\u00f9 interessante e accreditata avanzata dai ricercatori descrive l\u2019ipoacusia capace di generare isolamento prima famigliare e poi sociale con tendenza all\u2019ansia e alla depressione, tutti fattori di rischio conclamati e dimostrati sia per l\u2019Alzheimer sia per altri disturbi cognitivi<\/span><\/span><\/p>\n<p align=\"JUSTIFY\"><span style=\"font-family: Times New Roman, serif\"><span style=\"font-size: medium\">Gli studi ci dicono anche quanto sia importante l\u2019identificazione precoce di qualsiasi tipo di demenza dal punto di vista sia riabilitativo sia terapeutico per sfruttare al massimo condizioni di plasticit\u00e0 neuronale ancora presente e rallentare un processo a oggi ancora inarrestabile. Le informazioni che provengono dai test scientifici dimostrano che l\u2019esposizione a un ambiente cognitivamente e socialmente stimolante, uniti a uno stile di vita sano, hanno la reale capacit\u00e0 di apportare benefici su tutte le funzionalit\u00e0 cerebrali, specie nel soggetto anziano, riducendo il rischio di incorrere in disturbi cognitivi o addirittura nella malattia di Alzheimer.<\/span><\/span><\/p>\n<p align=\"JUSTIFY\"><span style=\"font-family: Times New Roman, serif\"><span style=\"font-size: large\"><b>Che cosa fare?<\/b><\/span><\/span><\/p>\n<p align=\"JUSTIFY\"><span style=\"font-family: Times New Roman, serif\"><span style=\"font-size: medium\">Ma allora cosa si pu\u00f2 fare nei soggetti anziani con perdita di udito?<\/span><\/span><\/p>\n<p align=\"JUSTIFY\"><span style=\"font-family: Times New Roman, serif\"><span style=\"font-size: medium\">Coloro che si sottopongono a una terapia protesica professionale (in poche parole portano le protesi acustiche), vivono in genere pi\u00f9 a lungo, beneficiano di una migliore qualit\u00e0 di vita oltre a sentirsi meno depressi e meno stanchi. Ricerche e studi condotti in Europa e negli Stati Uniti su una popolazione adulta hanno dimostrato inoltre che chi corregge il proprio deficit uditivo mantiene pi\u00f9 stabile il proprio reddito ed \u00e8 meno soggetto a licenziamenti o pensionamenti prematuri rispetto a chi non sceglie di sottoporsi alla protesizzazione.<\/span><\/span><\/p>\n","protected":false},"excerpt":{"rendered":"<p>L&#8217;Organizzazione Mondiale della Sanit\u00e0 lancia lo slogan \u201cHearing For Life\u201d (l\u2019udito per la vita) in occasione del World Hearing Day, [&hellip;]<\/p>\n","protected":false},"author":5,"featured_media":5562,"comment_status":"open","ping_status":"open","sticky":false,"template":"","format":"standard","meta":{"_acf_changed":false,"footnotes":""},"categories":[139,141],"tags":[735,733,732,36,736,737,731,734],"acf":[],"_links":{"self":[{"href":"https:\/\/www.montallegro.it\/magazine\/wp-json\/wp\/v2\/posts\/5556"}],"collection":[{"href":"https:\/\/www.montallegro.it\/magazine\/wp-json\/wp\/v2\/posts"}],"about":[{"href":"https:\/\/www.montallegro.it\/magazine\/wp-json\/wp\/v2\/types\/post"}],"author":[{"embeddable":true,"href":"https:\/\/www.montallegro.it\/magazine\/wp-json\/wp\/v2\/users\/5"}],"replies":[{"embeddable":true,"href":"https:\/\/www.montallegro.it\/magazine\/wp-json\/wp\/v2\/comments?post=5556"}],"version-history":[{"count":5,"href":"https:\/\/www.montallegro.it\/magazine\/wp-json\/wp\/v2\/posts\/5556\/revisions"}],"predecessor-version":[{"id":5563,"href":"https:\/\/www.montallegro.it\/magazine\/wp-json\/wp\/v2\/posts\/5556\/revisions\/5563"}],"wp:featuredmedia":[{"embeddable":true,"href":"https:\/\/www.montallegro.it\/magazine\/wp-json\/wp\/v2\/media\/5562"}],"wp:attachment":[{"href":"https:\/\/www.montallegro.it\/magazine\/wp-json\/wp\/v2\/media?parent=5556"}],"wp:term":[{"taxonomy":"category","embeddable":true,"href":"https:\/\/www.montallegro.it\/magazine\/wp-json\/wp\/v2\/categories?post=5556"},{"taxonomy":"post_tag","embeddable":true,"href":"https:\/\/www.montallegro.it\/magazine\/wp-json\/wp\/v2\/tags?post=5556"}],"curies":[{"name":"wp","href":"https:\/\/api.w.org\/{rel}","templated":true}]}}