


{"id":5508,"date":"2020-01-23T19:58:46","date_gmt":"2020-01-23T18:58:46","guid":{"rendered":"https:\/\/www.montallegro.it\/magazine\/?p=5508"},"modified":"2020-01-23T19:58:46","modified_gmt":"2020-01-23T18:58:46","slug":"spalla-rigida-come-e-quando-intervenire","status":"publish","type":"post","link":"https:\/\/www.montallegro.it\/magazine\/spalla-rigida-come-e-quando-intervenire\/","title":{"rendered":"Spalla rigida: come e quando intervenire"},"content":{"rendered":"<p>Venerd\u00ec <strong>31 gennaio<\/strong>, alle 14,30, nel l&#8217;Hotel Bristol Palace, via XX Settembre 35 a Genova, si svolge il convegno \u201c<strong>Frozen shoulder: dal trattamento conservativo alla chirurgia<\/strong>\u201d, patrocinato da Sigascot, Societ\u00e0 italiana del ginocchio artroscopia sport cartilagine tecnologie ortopediche, dall&#8217;Ordine dei Medici, da Regione e Comune e da <strong>Montallegro<\/strong>.<\/p>\n<p>Responsabili dell&#8217;evento sono <a href=\"https:\/\/www.montallegro.it\/specialisti\/maria-teresa-pereira-ruiz\/\"><strong>Maria Teresa Pereira<\/strong><\/a> e <strong>Antonio Zanini<\/strong>. Presidente del convegno \u00e8 <strong>Francesco Berti Riboli<\/strong>, a.d. di Montallegro che, sia come casa di cura sia come centro polispecialistico ambulatoriale, punta buona parte del proprio impegno sanitario sulla riabilitazione fisioterapica.<\/p>\n<h3><strong>Cos&#8217;\u00e8 la spalla rigida<\/strong><\/h3>\n<p>La spalla rigida, detta anche \u201ccapsulite adesiva, \u201cspalla congelata\u201d o, appunto, \u201cfrozen shoulder\u201d, \u00e8 una patologia dolorosa caratterizzata dall&#8217;infiammazione e dall&#8217;inspessimento della capsula articolare con il rischio di una progressiva rigidit\u00e0 dell\u2019articolazione. Maggiormente colpite sono le donne tra i 40 e 60 anni. In oltre un terzo dei casi (&#8220;spalla rigida idiopatica&#8221;) il disturbo non \u00e8 determinato da cause note, mentre \u00e8 certo che pu\u00f2 essere causato da diabete mellito, da patologie della tiroide e intratoraciche e da traumi.<\/p>\n<p>In alcuni casi si pu\u00f2 sperare in un recupero grazie a farmaci antinfiammatori, infiltrazioni di cortisone intrarticolari e fisioterapia mirata. In altri casi \u00e8 necessario l&#8217;intervento chirurgico.<\/p>\n<h3><strong>Le relazioni del convegno<\/strong><\/h3>\n<p>Questo il programma del convegno che vede la partecipazione di specialisti genovesi e provenienti da Biella, Lavagna, Mantova, Milano, Rozzano, Torino.<\/p>\n<p>Dopo la presentazione da parte di <strong>Francesco Berti Riboli<\/strong>, a.d. di Montallegro e presidente del convegno, e della dottoressa <strong>Pereira<\/strong>, si terr\u00e0 la prima sessione \u201c<strong>Conosciamo le cause?<\/strong>\u201d, moderata da <a href=\"https:\/\/www.montallegro.it\/specialisti\/lorenzo-boldrini\/\"><strong>Lorenzo Boldrini<\/strong><\/a><u> <\/u>e da <strong>Lara Castagnetti<\/strong>, con gli interventi di <a href=\"https:\/\/www.montallegro.it\/specialisti\/simone-cappato\/\"><strong>Simone Cappato<\/strong><\/a> (Inquadramento clinico), <strong>Simone Sconza<\/strong> (Inquadramento immunoistochimico), <a href=\"https:\/\/www.montallegro.it\/specialisti\/daria-schettini\/\"><strong>Daria Schettini<\/strong><\/a> (Inquadramento diagnostico).<\/p>\n<p>La seconda sessione, \u201c<strong>Trattamento conservativo: cosa possiamo fare?<\/strong>\u201d, moderata da <strong>Lorenzo Boldrini<\/strong> e da <a href=\"https:\/\/www.montallegro.it\/specialisti\/claudio-mazzola\/\"><strong>Claudio Mazzola<\/strong><\/a>, comprende gli interventi di <a href=\"https:\/\/www.montallegro.it\/specialisti\/luca-cevasco\"><strong>Luca Cevasco<\/strong><\/a> <u><\/u> (Terapia antalgica e blocchi nervosi), <strong>Matteo Coviello<\/strong> (Il trattamento infiltrativo), <strong>Enzo Silvestri<\/strong> (Il trattamento interventistico), <strong>Luca Tomaello<\/strong> (Il progetto riabilitativo ), <strong>Domitilla Zolezzi<\/strong> (Trattamento osteopatico), <strong>Milco Zanazzo<\/strong> (Trattamento in acqua).<\/p>\n<p>La terza sessione \u201c<strong>Quando e cosa fare se interveniamo?<\/strong>\u201d, moderata da <strong>Francesco Raffellini<\/strong> e <strong>Luca Tomaello<\/strong>, prevede gli interventi di <strong>Alessandro Castagna<\/strong> (Trattamento chirurgico SI\/ trattamento Chirugico NO), <strong>Maria Teresa Pereira<\/strong> (Il progetto riabilitativo post chirurgico) e <strong>Federico Delfino<\/strong> (Il ritorno allo sport).<\/p>\n","protected":false},"excerpt":{"rendered":"<p>Venerd\u00ec 31 gennaio, alle 14,30, nel l&#8217;Hotel Bristol Palace, via XX Settembre 35 a Genova, si svolge il convegno \u201cFrozen [&hellip;]<\/p>\n","protected":false},"author":5,"featured_media":5509,"comment_status":"open","ping_status":"open","sticky":false,"template":"","format":"standard","meta":{"_acf_changed":false,"footnotes":""},"categories":[139,141],"tags":[695,91,36,692],"acf":[],"_links":{"self":[{"href":"https:\/\/www.montallegro.it\/magazine\/wp-json\/wp\/v2\/posts\/5508"}],"collection":[{"href":"https:\/\/www.montallegro.it\/magazine\/wp-json\/wp\/v2\/posts"}],"about":[{"href":"https:\/\/www.montallegro.it\/magazine\/wp-json\/wp\/v2\/types\/post"}],"author":[{"embeddable":true,"href":"https:\/\/www.montallegro.it\/magazine\/wp-json\/wp\/v2\/users\/5"}],"replies":[{"embeddable":true,"href":"https:\/\/www.montallegro.it\/magazine\/wp-json\/wp\/v2\/comments?post=5508"}],"version-history":[{"count":5,"href":"https:\/\/www.montallegro.it\/magazine\/wp-json\/wp\/v2\/posts\/5508\/revisions"}],"predecessor-version":[{"id":5514,"href":"https:\/\/www.montallegro.it\/magazine\/wp-json\/wp\/v2\/posts\/5508\/revisions\/5514"}],"wp:featuredmedia":[{"embeddable":true,"href":"https:\/\/www.montallegro.it\/magazine\/wp-json\/wp\/v2\/media\/5509"}],"wp:attachment":[{"href":"https:\/\/www.montallegro.it\/magazine\/wp-json\/wp\/v2\/media?parent=5508"}],"wp:term":[{"taxonomy":"category","embeddable":true,"href":"https:\/\/www.montallegro.it\/magazine\/wp-json\/wp\/v2\/categories?post=5508"},{"taxonomy":"post_tag","embeddable":true,"href":"https:\/\/www.montallegro.it\/magazine\/wp-json\/wp\/v2\/tags?post=5508"}],"curies":[{"name":"wp","href":"https:\/\/api.w.org\/{rel}","templated":true}]}}