


{"id":550,"date":"2017-03-17T08:14:00","date_gmt":"2017-03-17T07:14:00","guid":{"rendered":"https:\/\/www.montallegro.it\/?p=550"},"modified":"2018-07-05T11:30:15","modified_gmt":"2018-07-05T09:30:15","slug":"settimana-mondiale-glaucoma-2017","status":"publish","type":"post","link":"https:\/\/www.montallegro.it\/magazine\/settimana-mondiale-glaucoma-2017\/","title":{"rendered":"La settimana mondiale del glaucoma 2017"},"content":{"rendered":"<p>Dal 12 al 18 marzo 2017 si celebra la settimana mondiale del glaucoma.<\/p>\n<p>Il <strong>glaucoma<\/strong> \u00e8 una malattia degli occhi che, nel mondo, colpisce circa circa 55 milioni di persone. Pu\u00f2 causare lesioni irreversibili e grave ipovisione sino alla completa <strong>cecit\u00e0<\/strong>, se non diagnosticata in tempo: secondo i dati internazionali, nel mondo 25 milioni di persone hanno perso la vista del tutto o in parte a causa di questo problema.<\/p>\n<p>La malattia non \u00e8 di un solo tipo, ma ha la conseguenza di causare un danno cronico e progressivo del <strong>nervo ottico<\/strong>. La forma di glaucoma pi\u00f9 frequente generalmente non presenta sintomi nella fase iniziale della malattia, ma pu\u00f2 essere riscontrata grazie a una <strong><a href=\"https:\/\/www.montallegro.it\/?p=493\" target=\"_blank\" rel=\"noopener noreferrer\">visita oculistica<\/a><\/strong>\u00a0con la misurazione della pressione oculare. Tra i <strong>fattori<\/strong> che possono contribuire all\u2019insorgenza del glaucoma troviamo l&#8217;et\u00e0, la familiarit\u00e0, e una particolare struttura dell\u2019occhio talvolta correlata a difetti di vista rilevanti.<\/p>\n<p>In <a href=\"https:\/\/www.youtube.com\/watch?v=GItt5FkTD64\">questo<\/a> video, il dottor <strong><a href=\"https:\/\/www.montallegro.it\/specialista\/riccardo-berti-riboli\/\" target=\"_blank\" rel=\"noopener noreferrer\">Riccardo Berti Riboli<\/a>\u00a0<\/strong>specialista in <strong>oftalmologia<\/strong> nella Casa di Cura Villa Montallegro, sintetizza il problema. Dal 12 al 18 marzo 2017 si celebra la settimana mondiale del glaucoma, una malattia degli occhi che colpisce circa circa 55 milioni di persone nel mondo.<\/p>\n<p>Per prenotare una visita, <a href=\"https:\/\/www.montallegro.it\/?p=17\" target=\"_blank\" rel=\"noopener noreferrer\">clicca qui<\/a>.<\/p>\n","protected":false},"excerpt":{"rendered":"<p>Dal 12 al 18 marzo 2017 si celebra la settimana mondiale del glaucoma.<\/p>\n","protected":false},"author":5,"featured_media":2575,"comment_status":"closed","ping_status":"open","sticky":false,"template":"","format":"standard","meta":{"_acf_changed":false,"footnotes":""},"categories":[3,14],"tags":[18,15,25,22],"acf":[],"_links":{"self":[{"href":"https:\/\/www.montallegro.it\/magazine\/wp-json\/wp\/v2\/posts\/550"}],"collection":[{"href":"https:\/\/www.montallegro.it\/magazine\/wp-json\/wp\/v2\/posts"}],"about":[{"href":"https:\/\/www.montallegro.it\/magazine\/wp-json\/wp\/v2\/types\/post"}],"author":[{"embeddable":true,"href":"https:\/\/www.montallegro.it\/magazine\/wp-json\/wp\/v2\/users\/5"}],"replies":[{"embeddable":true,"href":"https:\/\/www.montallegro.it\/magazine\/wp-json\/wp\/v2\/comments?post=550"}],"version-history":[{"count":1,"href":"https:\/\/www.montallegro.it\/magazine\/wp-json\/wp\/v2\/posts\/550\/revisions"}],"predecessor-version":[{"id":4528,"href":"https:\/\/www.montallegro.it\/magazine\/wp-json\/wp\/v2\/posts\/550\/revisions\/4528"}],"wp:featuredmedia":[{"embeddable":true,"href":"https:\/\/www.montallegro.it\/magazine\/wp-json\/wp\/v2\/media\/2575"}],"wp:attachment":[{"href":"https:\/\/www.montallegro.it\/magazine\/wp-json\/wp\/v2\/media?parent=550"}],"wp:term":[{"taxonomy":"category","embeddable":true,"href":"https:\/\/www.montallegro.it\/magazine\/wp-json\/wp\/v2\/categories?post=550"},{"taxonomy":"post_tag","embeddable":true,"href":"https:\/\/www.montallegro.it\/magazine\/wp-json\/wp\/v2\/tags?post=550"}],"curies":[{"name":"wp","href":"https:\/\/api.w.org\/{rel}","templated":true}]}}