


{"id":5476,"date":"2019-12-06T09:04:29","date_gmt":"2019-12-06T08:04:29","guid":{"rendered":"https:\/\/www.montallegro.it\/magazine\/?p=5476"},"modified":"2019-12-06T09:10:24","modified_gmt":"2019-12-06T08:10:24","slug":"cataratta-i-progressi-della-chirurgia","status":"publish","type":"post","link":"https:\/\/www.montallegro.it\/magazine\/cataratta-i-progressi-della-chirurgia\/","title":{"rendered":"Cataratta, i progressi della chirurgia"},"content":{"rendered":"<p align=\"JUSTIFY\"><span style=\"font-family: Times New Roman, serif\"><span style=\"font-size: medium\">La cataratta colpisce \u2013 secondo dati diffusi dalla Societ\u00e0 Oftalmologica Italiana \u2013 un settantenne su quattro, e l&#8217;incidenza aumenta in modo esponenziale dopo gli 80 anni. Del resto l&#8217;et\u00e0 \u00e8 la causa pi\u00f9 comune per questo problema che pu\u00f2 essere causato anche da traumi, da problemi genetici o da radiazioni e che pu\u00f2 presentarsi in et\u00e0 molto pi\u00f9 giovanile nelle persone con una forte miopia o diabetici.<\/span><\/span><\/p>\n<p align=\"JUSTIFY\"><span style=\"font-family: Times New Roman, serif\"><span style=\"font-size: medium\"><img fetchpriority=\"high\" decoding=\"async\" class=\"alignnone size-medium wp-image-5480 alignleft\" src=\"https:\/\/www.montallegro.it\/magazine\/wp-content\/uploads\/sites\/2\/2019\/12\/RBR-205x300.jpg\" alt=\"\" width=\"205\" height=\"300\" srcset=\"https:\/\/www.montallegro.it\/magazine\/wp-content\/uploads\/sites\/2\/2019\/12\/RBR-205x300.jpg 205w, https:\/\/www.montallegro.it\/magazine\/wp-content\/uploads\/sites\/2\/2019\/12\/RBR.jpg 358w\" sizes=\"(max-width: 205px) 100vw, 205px\" \/>Fino a qualche decennio fa e, purtroppo, tuttora in alcuni Paesi sottosviluppati, essere colpiti dalla cataratta significa essere votati alla cecit\u00e0. Oggi non \u00e8 pi\u00f9 cos\u00ec: la scienza ha fatto enormi passi avanti consentendo di intervenire e \u201criparare\u201d i guasti causati agli occhi.<\/span><\/span><\/p>\n<p align=\"JUSTIFY\"><span style=\"font-family: Times New Roman, serif\"><span style=\"font-size: medium\">Ne parliamo con <\/span><\/span><span style=\"font-family: Times New Roman, serif\"><span style=\"font-size: medium\"><b>Riccardo Berti Riboli <\/b>(<em>nella foto<\/em>)<\/span><\/span><span style=\"font-family: Times New Roman, serif\"><span style=\"font-size: medium\">, oculista, responsabile del settore oftalmico in Villa Montallegro e impegnato sia nell\u2019area clinica (diagnostica e chirurgica) sia nella ricerca (\u00e8 autore di pubblicazioni scientifiche e protocolli di ricerca clinica).<\/span><\/span><\/p>\n<p align=\"JUSTIFY\"><span style=\"font-family: Times New Roman, serif\"><span style=\"font-size: medium\"><b>&#8211; Dottore: che cosa \u00e8 la cataratta?<\/b><\/span><\/span><\/p>\n<p align=\"JUSTIFY\"><span style=\"font-family: Times New Roman, serif\"><span style=\"font-size: medium\">\u00ab<\/span><\/span><span style=\"font-family: Times New Roman, serif\"><span style=\"font-size: medium\">La cataratta \u00e8 una patologia oculistica estremamente diffusa nel mondo e rappresenta oggi la prima causa di cecit\u00e0, sia pure curabile mediante un intervento chirurgico<\/span><\/span><span style=\"font-family: Times New Roman, serif\"><span style=\"font-size: medium\">\u00bb<\/span><\/span><span style=\"font-family: Times New Roman, serif\"><span style=\"font-size: medium\">.<\/span><\/span><\/p>\n<p align=\"JUSTIFY\"><span style=\"font-family: Times New Roman, serif\"><span style=\"font-size: medium\"><b>&#8211; A che cosa \u00e8 dovuta?<\/b><\/span><\/span><\/p>\n<p align=\"JUSTIFY\"><span style=\"font-family: Times New Roman, serif\"><span style=\"font-size: medium\">\u00ab<\/span><\/span><span style=\"font-family: Times New Roman, serif\"><span style=\"font-size: medium\">L\u2019invecchiamento del cristallino, la principale lente dell\u2019occhio, comporta una progressiva perdita della trasparenza e il paziente ha una visione progressivamente annebbiata con disturbi dell\u2019adattamento ai cambiamenti della luminosit\u00e0 ambientale<\/span><\/span><span style=\"font-family: Times New Roman, serif\"><span style=\"font-size: medium\">\u00bb<\/span><\/span><span style=\"font-family: Times New Roman, serif\"><span style=\"font-size: medium\">.<\/span><\/span><\/p>\n<p align=\"JUSTIFY\"><span style=\"font-family: Times New Roman, serif\"><span style=\"font-size: medium\"><b>&#8211; Quali sono gli effetti della malattia?<\/b><\/span><\/span><\/p>\n<p align=\"JUSTIFY\"><span style=\"font-family: Times New Roman, serif\"><span style=\"font-size: medium\">\u00ab<\/span><\/span><span style=\"font-family: Times New Roman, serif\"><span style=\"font-size: medium\">Il suo progredire comporta una diminuzione significativa della vista e un importante disagio nello svolgimento delle attivit\u00e0 quotidiane<\/span><\/span><span style=\"font-family: Times New Roman, serif\"><span style=\"font-size: medium\">\u00bb<\/span><\/span><span style=\"font-family: Times New Roman, serif\"><span style=\"font-size: medium\">.<\/span><\/span><\/p>\n<h3 align=\"JUSTIFY\"><strong>Il progresso della chirurgia<\/strong><\/h3>\n<p align=\"JUSTIFY\"><span style=\"font-family: Times New Roman, serif\"><span style=\"font-size: medium\"><b>&#8211; La chirurgia per\u00f2 ha fatto passi da gigante&#8230;<\/b><\/span><\/span><span style=\"font-family: Times New Roman, serif\"><span style=\"font-size: medium\"><b><img decoding=\"async\" class=\"wp-image-5478 alignright\" src=\"https:\/\/www.montallegro.it\/magazine\/wp-content\/uploads\/sites\/2\/2019\/12\/ANATOMIA-OCCHIO-1-251x300.jpg\" alt=\"\" width=\"319\" height=\"381\" srcset=\"https:\/\/www.montallegro.it\/magazine\/wp-content\/uploads\/sites\/2\/2019\/12\/ANATOMIA-OCCHIO-1-251x300.jpg 251w, https:\/\/www.montallegro.it\/magazine\/wp-content\/uploads\/sites\/2\/2019\/12\/ANATOMIA-OCCHIO-1-768x917.jpg 768w, https:\/\/www.montallegro.it\/magazine\/wp-content\/uploads\/sites\/2\/2019\/12\/ANATOMIA-OCCHIO-1-857x1024.jpg 857w, https:\/\/www.montallegro.it\/magazine\/wp-content\/uploads\/sites\/2\/2019\/12\/ANATOMIA-OCCHIO-1.jpg 927w\" sizes=\"(max-width: 319px) 100vw, 319px\" \/><\/b><\/span><\/span><\/p>\n<p align=\"JUSTIFY\"><span style=\"font-family: Times New Roman, serif\"><span style=\"font-size: medium\">\u00ab\u00c8 vero. L<\/span><\/span><span style=\"font-family: Times New Roman, serif\"><span style=\"font-size: medium\">a chirurgia della cataratta ha radici remote, essendo gi\u00e0 praticata nell\u2019antichit\u00e0, sia pure con metodi estremamente rudimentali, ma negli ultimi quaranta anni le tecniche chirurgiche hanno subito un&#8217;importantissima evoluzione, confortata dal crescente supporto tecnologico rappresentato dall\u2019innovazione continua dei materiali e delle apparecchiature oggi utilizzate<\/span><\/span><span style=\"font-family: Times New Roman, serif\"><span style=\"font-size: medium\">\u00bb<\/span><\/span><span style=\"font-family: Times New Roman, serif\"><span style=\"font-size: medium\">.<\/span><\/span><\/p>\n<p align=\"JUSTIFY\"><span style=\"font-family: Times New Roman, serif\"><span style=\"font-size: medium\"><b>&#8211; Quali sono gli effetti di questo progresso?<\/b><\/span><\/span><\/p>\n<p align=\"JUSTIFY\"><span style=\"font-family: Times New Roman, serif\"><span style=\"font-size: medium\">\u00ab<\/span><\/span><span style=\"font-family: Times New Roman, serif\"><span style=\"font-size: medium\">L\u2019intervento che un tempo prevedeva una degenza postoperatoria e un recupero funzionale prolungati si effettua oggi con una formula ambulatoriale. Inoltre l\u2019anestesia viene prevalentemente indotta mediante colliri e solo in casi di particolare complessit\u00e0 si ricorre all\u2019infiltrazione peribulbare di farmaci anestetici. E ancora: la ridotta dimensione delle incisioni chirurgiche ha reso superflua l\u2019apposizione di punti di sutura che vengono ormai utilizzati in rare occasioni<\/span><\/span><span style=\"font-family: Times New Roman, serif\"><span style=\"font-size: medium\">\u00bb<\/span><\/span><span style=\"font-family: Times New Roman, serif\"><span style=\"font-size: medium\">.<\/span><\/span><\/p>\n<p align=\"JUSTIFY\"><span style=\"font-family: Times New Roman, serif\"><span style=\"font-size: medium\"><b>&#8211; In che cosa consiste l&#8217;intervento?<\/b><\/span><\/span><\/p>\n<p align=\"JUSTIFY\"><span style=\"font-family: Times New Roman, serif\"><span style=\"font-size: medium\">\u00ab<\/span><\/span><span style=\"font-family: Times New Roman, serif\"><span style=\"font-size: medium\">Il cristallino viene frammentato mediante una sonda che emette ultrasuoni e negli ultimi anni la tecnica \u00e8 stata coadiuvata dall\u2019uso del laser a femtosecondi, atto a creare sia le incisioni chirurgiche di accesso sia la divisione del nucleo del cristallino stesso che viene poi rimosso meccanicamente con l\u2019apparecchio a ultrasuoni<\/span><\/span><span style=\"font-family: Times New Roman, serif\"><span style=\"font-size: medium\">\u00bb<\/span><\/span><span style=\"font-family: Times New Roman, serif\"><span style=\"font-size: medium\">.<\/span><\/span><\/p>\n<h3 align=\"JUSTIFY\"><strong>Un cristallino artificiale<\/strong><\/h3>\n<p align=\"JUSTIFY\"><span style=\"font-family: Times New Roman, serif\"><span style=\"font-size: medium\"><b>&#8211; E il cristallino malato viene sostituito?<\/b><\/span><\/span><\/p>\n<p align=\"JUSTIFY\"><span style=\"font-family: Times New Roman, serif\"><span style=\"font-size: medium\">\u00ab<\/span><\/span><span style=\"font-family: Times New Roman, serif\"><span style=\"font-size: medium\">Un progresso significativo si \u00e8 registrato con l\u2019evoluzione del cristallino artificiale <em>(nella foto<\/em>), lente che viene impiantata dopo la rimozione del cristallino naturale opacizzato al fine di ripristinare una buona funzione visiva<\/span><\/span><span style=\"font-family: Times New Roman, serif\"><span style=\"font-size: medium\">\u00bb<\/span><\/span><span style=\"font-family: Times New Roman, serif\"><span style=\"font-size: medium\">.<\/span><\/span><\/p>\n<p align=\"JUSTIFY\"><span style=\"font-family: Times New Roman, serif\"><span style=\"font-size: medium\"><b><img decoding=\"async\" class=\"size-medium wp-image-5479 alignleft\" src=\"https:\/\/www.montallegro.it\/magazine\/wp-content\/uploads\/sites\/2\/2019\/12\/CRISTALLINO-ARTIFICIALE-300x160.jpg\" alt=\"\" width=\"300\" height=\"160\" srcset=\"https:\/\/www.montallegro.it\/magazine\/wp-content\/uploads\/sites\/2\/2019\/12\/CRISTALLINO-ARTIFICIALE-300x160.jpg 300w, https:\/\/www.montallegro.it\/magazine\/wp-content\/uploads\/sites\/2\/2019\/12\/CRISTALLINO-ARTIFICIALE.jpg 308w\" sizes=\"(max-width: 300px) 100vw, 300px\" \/>&#8211; Con risultati sorprendenti, almeno per noi profani&#8230;<\/b><\/span><\/span><\/p>\n<p align=\"JUSTIFY\"><a name=\"_GoBack\"><\/a><span style=\"font-family: Times New Roman, serif\"><span style=\"font-size: medium\">\u00ab<\/span><\/span><span style=\"font-family: Times New Roman, serif\"><span style=\"font-size: medium\">Grazie alla precisione del calcolo effettuato prima dell\u2019intervento, il chirurgo ha oggi la possibilit\u00e0 di impiantare lenti che correggono preesistenti difetti di vista producendo una <\/span><\/span><span style=\"font-family: Times New Roman, serif\"><span style=\"font-size: medium\">soddisfacente anche se non totale<\/span><\/span><b> <\/b><span style=\"font-family: Times New Roman, serif\"><span style=\"font-size: medium\">indipendenza dall\u2019occhiale. Il cristallino artificiale di ultima generazione infatti \u00e8 in grado di compensare difetti visivi di grado elevato e il <\/span><\/span><span style=\"font-family: Times New Roman, serif\"><span style=\"font-size: medium\">traguardo della correzione della presbiopia \u00e8 oggi relativamente vicino<\/span><\/span><span style=\"font-family: Times New Roman, serif\"><span style=\"font-size: medium\"> per quanto anche le lenti pi\u00f9 evolute prevedano ancora l\u2019utilizzo di un occhiale per la visione di oggetti o testi di dimensioni ridotte<\/span><\/span><span style=\"font-family: Times New Roman, serif\"><span style=\"font-size: medium\">\u00bb<\/span><\/span><span style=\"font-family: Times New Roman, serif\"><span style=\"font-size: medium\">.<\/span><\/span><\/p>\n<p align=\"JUSTIFY\"><span style=\"font-family: Times New Roman, serif\"><span style=\"font-size: medium\"><b>&#8211; Notizie confortanti. Ma oggi \u00e8 mutata la tempistica consigliata per l&#8217;intervento e per questo \u00e8 bene sottoporsi a controlli periodici per evitare di intervenire tardi. <\/b><\/span><\/span><span style=\"font-family: Times New Roman, serif\"><span style=\"font-size: medium\"><b>\u00c8 vero?<\/b><\/span><\/span><\/p>\n<p align=\"JUSTIFY\"><span style=\"font-family: Times New Roman, serif\"><span style=\"font-size: medium\">\u00ab<\/span><\/span><span style=\"font-family: Times New Roman, serif\"><span style=\"font-size: medium\">La possibilit\u00e0 di effettuare una chirurgia di limitato impatto per il paziente \u00e8 correlata alla precocit\u00e0 dell\u2019intervento e alla conseguente possibilit\u00e0 di trattare un cristallino ancora relativamente morbido per ridurre i tempi operatori e le potenziali complicanze intraoperatorie. Ai fini dell\u2019intervento si deve pertanto ritenere superato il concetto di <\/span><\/span><span style=\"font-family: Times New Roman, serif\"><span style=\"font-size: medium\">\u201ccataratta matura\u201d<\/span><\/span><span style=\"font-family: Times New Roman, serif\"><span style=\"font-size: medium\">. La durezza del cristallino era infatti utile quando lo si doveva estrarre intero attraverso una ferita chirurgica molto ampia (<\/span><\/span><span style=\"font-family: Times New Roman, serif\"><span style=\"font-size: medium\">metodica intra o extracapsulare<\/span><\/span><span style=\"font-family: Times New Roman, serif\"><span style=\"font-size: medium\">), non essendo all&#8217;epoca disponibile l&#8217;attuale tecnica di frammentazione basata sull\u2019utilizzo di ultrasuoni (<\/span><\/span><span style=\"font-family: Times New Roman, serif\"><span style=\"font-size: medium\">facoemulsificazione<\/span><\/span><span style=\"font-family: Times New Roman, serif\"><span style=\"font-size: medium\">) attraverso un accesso di poco superiore ai 2 millimetri<\/span><\/span><span style=\"font-family: Times New Roman, serif\"><span style=\"font-size: medium\">\u00bb<\/span><\/span><span style=\"font-family: Times New Roman, serif\"><span style=\"font-size: medium\">.<\/span><\/span><\/p>\n<p align=\"JUSTIFY\"><span style=\"font-family: Times New Roman, serif\"><span style=\"font-size: medium\"><b>&#8211; Controlli con lo specialista e non rimandare l&#8217;intervento, insomma?<\/b><\/span><\/span><\/p>\n<p align=\"JUSTIFY\"><span style=\"font-family: Times New Roman, serif\"><span style=\"font-size: medium\">\u00abOggi si tende erroneamente a considerare l\u2019intervento per la cataratta come una procedura semplice se non addirittura banale, valutando l\u2019elevata percentuale di successi chirurgici e i tempi ridotti dell\u2019intervento. Tutto questo \u00e8 reso possibile grazie al notevole progresso tecnologico ma anche alla preparazione del chirurgo che si trova a gestire strumenti di elevata potenza e precisione in un campo operatorio nel quale una variazione di pochissimi millimetri o una complicanza che si poteva evitare intervenendo precocemente possono generare una grande differenza nel risultato finale<\/span><\/span><span style=\"font-family: Times New Roman, serif\"><span style=\"font-size: medium\">\u00bb<\/span><\/span><span style=\"font-family: Times New Roman, serif\"><span style=\"font-size: medium\">.<\/span><\/span><\/p>\n<p align=\"JUSTIFY\"><em>La foto di apertura \u00e8 tratta da pixabay.com<\/em><\/p>\n","protected":false},"excerpt":{"rendered":"<p>La cataratta colpisce \u2013 secondo dati diffusi dalla Societ\u00e0 Oftalmologica Italiana \u2013 un settantenne su quattro, e l&#8217;incidenza aumenta in [&hellip;]<\/p>\n","protected":false},"author":4,"featured_media":5489,"comment_status":"open","ping_status":"open","sticky":false,"template":"","format":"standard","meta":{"_acf_changed":false,"footnotes":""},"categories":[139,141],"tags":[201,706,203,36,707,25,49,204],"acf":[],"_links":{"self":[{"href":"https:\/\/www.montallegro.it\/magazine\/wp-json\/wp\/v2\/posts\/5476"}],"collection":[{"href":"https:\/\/www.montallegro.it\/magazine\/wp-json\/wp\/v2\/posts"}],"about":[{"href":"https:\/\/www.montallegro.it\/magazine\/wp-json\/wp\/v2\/types\/post"}],"author":[{"embeddable":true,"href":"https:\/\/www.montallegro.it\/magazine\/wp-json\/wp\/v2\/users\/4"}],"replies":[{"embeddable":true,"href":"https:\/\/www.montallegro.it\/magazine\/wp-json\/wp\/v2\/comments?post=5476"}],"version-history":[{"count":13,"href":"https:\/\/www.montallegro.it\/magazine\/wp-json\/wp\/v2\/posts\/5476\/revisions"}],"predecessor-version":[{"id":5494,"href":"https:\/\/www.montallegro.it\/magazine\/wp-json\/wp\/v2\/posts\/5476\/revisions\/5494"}],"wp:featuredmedia":[{"embeddable":true,"href":"https:\/\/www.montallegro.it\/magazine\/wp-json\/wp\/v2\/media\/5489"}],"wp:attachment":[{"href":"https:\/\/www.montallegro.it\/magazine\/wp-json\/wp\/v2\/media?parent=5476"}],"wp:term":[{"taxonomy":"category","embeddable":true,"href":"https:\/\/www.montallegro.it\/magazine\/wp-json\/wp\/v2\/categories?post=5476"},{"taxonomy":"post_tag","embeddable":true,"href":"https:\/\/www.montallegro.it\/magazine\/wp-json\/wp\/v2\/tags?post=5476"}],"curies":[{"name":"wp","href":"https:\/\/api.w.org\/{rel}","templated":true}]}}