


{"id":510,"date":"2016-11-15T14:38:53","date_gmt":"2016-11-15T13:38:53","guid":{"rendered":"https:\/\/www.montallegro.it\/?p=510"},"modified":"2018-07-05T11:30:18","modified_gmt":"2018-07-05T09:30:18","slug":"diabete-mellito-insulina","status":"publish","type":"post","link":"https:\/\/www.montallegro.it\/magazine\/diabete-mellito-insulina\/","title":{"rendered":"I termini medici della settimana: \u201cdiabete mellito\u201d, \u201cinsulina\u201d"},"content":{"rendered":"<p>Dal 1991 l&#8217;International Diabetes Federation e l\u2019Organizzazione Mondiale della Sanit\u00e0 hanno stabilito di far cadere a novembre la Giornata mondiale del diabete. Attraverso una serie di iniziative si promuove lo screening come momento fondamentale per la prevenzione, per garantire la diagnosi precoce e un trattamento necessario a ridurre il rischio di gravi complicazioni. Anche per questo <strong>Villa Montallegro<\/strong> ha lanciato il check up come parte di un <a href=\"https:\/\/www.montallegro.it\/?p=365\" target=\"_blank\" rel=\"noopener\">progetto prevenzione<\/a> complessivo.<\/p>\n<p><!--more--><\/p>\n<h3>Il significato delle parole<\/h3>\n<p>Ma che cosa significa diabete mellito? Il termine <strong>diabete<\/strong> fu coniato un secolo dopo Cristo da Areteo di Cappadocia dal verbo greco \u201cdiabainein\u201d che significa &#8220;passare attraverso&#8221;, perch\u00e9 i pi\u00f9 evidenti <strong>sintomi del diabete<\/strong> sono l&#8217;eccessiva produzione di urina e l&#8217;abbondante ingestione di acqua. L&#8217;aggettivo \u201c<strong>mellito<\/strong>\u201d venne aggiunto nel Seicento. Significa \u201czuccherino\u201d e deriva dal latino \u201cmel\u201d (miele, dolce). Per secoli i medici diagnosticavano la malattia assaggiando le urine del paziente: se risultavano dolci avevano la conferma dei propri sospetti e potevano cos\u00ec distinguere questo problema fisico dal cosiddetto \u201c<strong>diabete insipido<\/strong>\u201d che, si \u00e8 saputo pi\u00f9 tardi, non ha nulla a che vedere col mellito ed \u00e8 spesso causato da un <strong>problema renale<\/strong>.<\/p>\n<p>Solo all&#8217;inizio del XX secolo si scopr\u00ec che il diabete mellito (caratterizzato da un\u2019elevata concentrazione di glucosio nel sangue) era dovuto a scompensi di una sostanza prodotta dal pancreas e, in particolare, dalle \u201c<strong>isole di Langerhans<\/strong>\u201d, gruppi di cellule situati nel pancreas. La sostanza il cui deficit di produzione o di utilizzo provoca il diabete, venne battezzata \u201c<strong>insulina<\/strong>\u201d proprio dal nome di questi agglomerati di cellule.<\/p>\n<h3>La prevenzione<\/h3>\n<p>Quando non \u00e8 curato, il diabete pu\u00f2 produrre <strong>complicazioni<\/strong> anche gravi a carico degli occhi, dei reni, del sistema cardiovascolare e del sistema nervoso.<\/p>\n<p>Il diabete si presenta sotto diverse forme che hanno in comune l&#8217;aumento dei livelli di glucosio a causa di un deficit di produzione o utilizzo dell\u2019<strong>insulina<\/strong>, l\u2019ormone prodotto dal pancreas che controlla la glicemia nel sangue.<\/p>\n<p>La forma pi\u00f9 comune (90% dei casi) di diabete \u00e8 quella definita come<strong> tipo 2<\/strong>, molto spesso associato all\u2019<a href=\"https:\/\/www.montallegro.it\/?p=378\" target=\"_blank\" rel=\"noopener\">obesit\u00e0<\/a> o a un cattivo stile di vita. Si manifesta dopo i 30-40 anni di et\u00e0 e spesso, almeno inizialmente \u00e8 asintomatico: per questo \u00e8 opportuno controllare periodicamente la <strong>glicemia<\/strong>. Basta rivolgersi al call center di Villa Montallegro per prenotare un&#8217;analisi del sangue o qualunque altra <a href=\"https:\/\/www.montallegro.it\/?p=48\" target=\"_blank\" rel=\"noopener\">analisi clinica<\/a>\u00a0da uno dei nostri\u00a0<a href=\"https:\/\/www.montallegro.it\/trova-specialista?specialistat=&amp;specializzazione=diabetologia\" target=\"_blank\" rel=\"noopener\">diabetologi<\/a>.<\/p>\n","protected":false},"excerpt":{"rendered":"<p>Dal 1991 l&#8217;International Diabetes Federation e l\u2019Organizzazione Mondiale della Sanit\u00e0 hanno stabilito di far cadere a novembre la Giornata mondiale del diabete. Attraverso una serie di iniziative si promuove lo screening come momento fondamentale per la prevenzione, per garantire la diagnosi precoce e un trattamento necessario a ridurre il rischio di gravi complicazioni. Anche per questo <strong>Villa Montallegro<\/strong> ha lanciato il check up come parte di un <a href=\"di-laboratorio\/progetto-prevenzione\" target=\"_blank\">progetto prevenzione<\/a> complessivo.<\/p>\n","protected":false},"author":5,"featured_media":2535,"comment_status":"closed","ping_status":"open","sticky":false,"template":"","format":"standard","meta":{"_acf_changed":false,"footnotes":""},"categories":[7,3,12],"tags":[8,9,10,13],"acf":[],"_links":{"self":[{"href":"https:\/\/www.montallegro.it\/magazine\/wp-json\/wp\/v2\/posts\/510"}],"collection":[{"href":"https:\/\/www.montallegro.it\/magazine\/wp-json\/wp\/v2\/posts"}],"about":[{"href":"https:\/\/www.montallegro.it\/magazine\/wp-json\/wp\/v2\/types\/post"}],"author":[{"embeddable":true,"href":"https:\/\/www.montallegro.it\/magazine\/wp-json\/wp\/v2\/users\/5"}],"replies":[{"embeddable":true,"href":"https:\/\/www.montallegro.it\/magazine\/wp-json\/wp\/v2\/comments?post=510"}],"version-history":[{"count":1,"href":"https:\/\/www.montallegro.it\/magazine\/wp-json\/wp\/v2\/posts\/510\/revisions"}],"predecessor-version":[{"id":4560,"href":"https:\/\/www.montallegro.it\/magazine\/wp-json\/wp\/v2\/posts\/510\/revisions\/4560"}],"wp:featuredmedia":[{"embeddable":true,"href":"https:\/\/www.montallegro.it\/magazine\/wp-json\/wp\/v2\/media\/2535"}],"wp:attachment":[{"href":"https:\/\/www.montallegro.it\/magazine\/wp-json\/wp\/v2\/media?parent=510"}],"wp:term":[{"taxonomy":"category","embeddable":true,"href":"https:\/\/www.montallegro.it\/magazine\/wp-json\/wp\/v2\/categories?post=510"},{"taxonomy":"post_tag","embeddable":true,"href":"https:\/\/www.montallegro.it\/magazine\/wp-json\/wp\/v2\/tags?post=510"}],"curies":[{"name":"wp","href":"https:\/\/api.w.org\/{rel}","templated":true}]}}