


{"id":4991,"date":"2019-01-23T22:00:47","date_gmt":"2019-01-23T21:00:47","guid":{"rendered":"https:\/\/www.montallegro.it\/magazine\/?p=4991"},"modified":"2019-01-23T22:00:47","modified_gmt":"2019-01-23T21:00:47","slug":"caprari-ricoverato-in-montallegro-frattura-del-perone","status":"publish","type":"post","link":"https:\/\/www.montallegro.it\/magazine\/caprari-ricoverato-in-montallegro-frattura-del-perone\/","title":{"rendered":"Caprari ricoverato in Montallegro: frattura del perone"},"content":{"rendered":"<p>Gianluca Caprari \u00e8 stato oggi ricoverato in Montallegro e domani sar\u00e0 sottoposto a intervento chirurgico. Il numero 17 della Sampdoria ha riportato la frattura del perone della gamba destra, durante l&#8217;allenamento odierno a Bogliasco.<\/p>\n<p>Caprari, 25 anni, romano, \u00e8 passato dall&#8217;Inter alla Samp il primo luglio 2017. Secondo i sanitari, il grave infortunio di oggi terr\u00e0 l&#8217;attaccante blucerchiato lontano dall&#8217;attivit\u00e0 agonistica per due mesi.<\/p>\n<p>&nbsp;<\/p>\n<p><em>Foto dal sito della Sampdoria<\/em><\/p>\n","protected":false},"excerpt":{"rendered":"<p>Gianluca Caprari \u00e8 stato oggi ricoverato in Montallegro e domani sar\u00e0 sottoposto a intervento chirurgico. Il numero 17 della Sampdoria [&hellip;]<\/p>\n","protected":false},"author":5,"featured_media":4992,"comment_status":"open","ping_status":"open","sticky":false,"template":"","format":"standard","meta":{"_acf_changed":false,"footnotes":""},"categories":[3],"tags":[490,323,36,6],"acf":[],"_links":{"self":[{"href":"https:\/\/www.montallegro.it\/magazine\/wp-json\/wp\/v2\/posts\/4991"}],"collection":[{"href":"https:\/\/www.montallegro.it\/magazine\/wp-json\/wp\/v2\/posts"}],"about":[{"href":"https:\/\/www.montallegro.it\/magazine\/wp-json\/wp\/v2\/types\/post"}],"author":[{"embeddable":true,"href":"https:\/\/www.montallegro.it\/magazine\/wp-json\/wp\/v2\/users\/5"}],"replies":[{"embeddable":true,"href":"https:\/\/www.montallegro.it\/magazine\/wp-json\/wp\/v2\/comments?post=4991"}],"version-history":[{"count":3,"href":"https:\/\/www.montallegro.it\/magazine\/wp-json\/wp\/v2\/posts\/4991\/revisions"}],"predecessor-version":[{"id":4995,"href":"https:\/\/www.montallegro.it\/magazine\/wp-json\/wp\/v2\/posts\/4991\/revisions\/4995"}],"wp:featuredmedia":[{"embeddable":true,"href":"https:\/\/www.montallegro.it\/magazine\/wp-json\/wp\/v2\/media\/4992"}],"wp:attachment":[{"href":"https:\/\/www.montallegro.it\/magazine\/wp-json\/wp\/v2\/media?parent=4991"}],"wp:term":[{"taxonomy":"category","embeddable":true,"href":"https:\/\/www.montallegro.it\/magazine\/wp-json\/wp\/v2\/categories?post=4991"},{"taxonomy":"post_tag","embeddable":true,"href":"https:\/\/www.montallegro.it\/magazine\/wp-json\/wp\/v2\/tags?post=4991"}],"curies":[{"name":"wp","href":"https:\/\/api.w.org\/{rel}","templated":true}]}}