


{"id":4932,"date":"2018-12-11T23:04:45","date_gmt":"2018-12-11T22:04:45","guid":{"rendered":"https:\/\/www.montallegro.it\/magazine\/?p=4932"},"modified":"2018-12-13T13:21:52","modified_gmt":"2018-12-13T12:21:52","slug":"taxi-del-cuore-un-defibrillatore-sulle-auto-bianche","status":"publish","type":"post","link":"https:\/\/www.montallegro.it\/magazine\/taxi-del-cuore-un-defibrillatore-sulle-auto-bianche\/","title":{"rendered":"Taxi del cuore: un defibrillatore sulle auto bianche"},"content":{"rendered":"<p align=\"JUSTIFY\"><b>Villa Montallegro<\/b> regala dieci defibrillatori ai taxi per dare la possibilit\u00e0 di intervenire rapidamente in possibili emergenze.<\/p>\n<p align=\"JUSTIFY\"><img fetchpriority=\"high\" decoding=\"async\" class=\"alignnone size-medium wp-image-4956 alignleft\" src=\"https:\/\/www.montallegro.it\/magazine\/wp-content\/uploads\/sites\/2\/2018\/12\/IMG_2535-300x225.jpg\" alt=\"\" width=\"300\" height=\"225\" srcset=\"https:\/\/www.montallegro.it\/magazine\/wp-content\/uploads\/sites\/2\/2018\/12\/IMG_2535-300x225.jpg 300w, https:\/\/www.montallegro.it\/magazine\/wp-content\/uploads\/sites\/2\/2018\/12\/IMG_2535-768x576.jpg 768w, https:\/\/www.montallegro.it\/magazine\/wp-content\/uploads\/sites\/2\/2018\/12\/IMG_2535-1024x768.jpg 1024w, https:\/\/www.montallegro.it\/magazine\/wp-content\/uploads\/sites\/2\/2018\/12\/IMG_2535.jpg 1200w\" sizes=\"(max-width: 300px) 100vw, 300px\" \/>L&#8217;idea \u00e8 nata assieme alla <b>Cooperativa Radio Taxi Genova 5966<\/b>. L&#8217;iniziativa \u2013 presentata oggi a Palazzo Tursi dal vicesindaco e assessore alla Mobilit\u00e0 Stefano Balleari, dal presidente della Cooperativa Radio Taxi Genova Valter Centanaro e da Francesco Berti Riboli, a.d. di Villa Montallegro (<em>nella foto<\/em>) \u2013 prende il nome di \u201cTaxi del cuore\u201d.<\/p>\n<p align=\"JUSTIFY\">I taxi che avranno a bordo il defibrillatore sono dieci, ma gli autisti di piazza preparati a usarli sono trenta, in modo che i defibrillatori possano ruotare sulle vetture affinch\u00e9 in ogni zona della citt\u00e0 sia sempre a disposizione uno di questi strumenti salvavita..<\/p>\n<p align=\"JUSTIFY\">Gli autisti sono stati preparati con un corso di quattro ore curato dagli specialisti dell&#8217;Emergenza sanitaria territoriale 118 che si \u00e8 svolto nella Casa di Cura Villa Montallegro negli scorsi giorni.<\/p>\n<p align=\"JUSTIFY\">Perch\u00e9 questa iniziativa? L&#8217;arresto cardiaco improvviso obbliga a intervenire entro pochi minuti per evitare la morte della persona. E la presenza in una zona vicina di un defibrillatore pu\u00f2 salvare una vita. Per questo, tra i primi nel nostro Paese, Radio Taxi \u2013 <img decoding=\"async\" class=\"wp-image-4934 alignright\" src=\"https:\/\/www.montallegro.it\/magazine\/wp-content\/uploads\/sites\/2\/2018\/12\/logo_taxi-del-cuore-300x188.png\" alt=\"\" width=\"262\" height=\"164\" srcset=\"https:\/\/www.montallegro.it\/magazine\/wp-content\/uploads\/sites\/2\/2018\/12\/logo_taxi-del-cuore-300x188.png 300w, https:\/\/www.montallegro.it\/magazine\/wp-content\/uploads\/sites\/2\/2018\/12\/logo_taxi-del-cuore-768x480.png 768w, https:\/\/www.montallegro.it\/magazine\/wp-content\/uploads\/sites\/2\/2018\/12\/logo_taxi-del-cuore-1024x640.png 1024w, https:\/\/www.montallegro.it\/magazine\/wp-content\/uploads\/sites\/2\/2018\/12\/logo_taxi-del-cuore.png 1280w\" sizes=\"(max-width: 262px) 100vw, 262px\" \/>grazie a Montallegro \u2013 avr\u00e0 in dotazione delle auto della sua flotta uno strumento molto importante al servizio e a disposizione dei cittadini. La distribuzione capillare sul territorio dei taxi, con autisti adeguatamente formati nell\u2019utilizzo di questo vitale strumento, consente interventi di emergenza molto rapidi.<\/p>\n<p align=\"JUSTIFY\"><span style=\"font-family: Times New Roman, serif\">\u00ab<\/span>Abbiamo risposto con entusiasmo alla proposta di partnership con Radio Taxi perch\u00e9 \u00e8 un progetto che qualifica ancor di pi\u00f9 il loro importante ruolo urbano. Il trasporto pubblico \u00e8 uno dei biglietti da visita fondamentali per una citt\u00e0 che si propone anche al turista. La casualit\u00e0 ha voluto che questa richiesta di collaborazione coinvolgesse noi, attenti per missione a tematiche come questa di natura sanitaria. Questa iniziativa \u2013 spiega <b>Francesco Berti Riboli<\/b>, a.d. di Villa Montallegro \u2013 fa parte di una nostra azione complessiva, rivolta alla cultura, allo sport e a tutti i cittadini, anche per sostenere concretamente il territorio sul quale operiamo<span style=\"font-family: Times New Roman, serif\">\u00bb<\/span>.<\/p>\n<p align=\"JUSTIFY\">Il corso di soccorso d&#8217;emergenza svolto nella Casa di Cura genovese ha abilitato 30 autisti della Cooperativa: <span style=\"font-family: Times New Roman, serif\">\u00ab<\/span>\u00c8 un progetto \u2013 aggiunge <b>Valter Centanaro<\/b>, presidente della Cooperativa Radio Taxi Genova 5966 \u2013 in cantiere da alcuni mesi e che abbiamo concretizzato, grazie alla disponibilit\u00e0 e alle professionalit\u00e0, in campo medico, messe a disposizione da Villa Montallegro. I nostri tassisti, che possono utilizzare, nei prossimi giorni, il defibrillatore di bordo, hanno conseguito un\u2019abilitazione che ne attesta la capacit\u00e0 di poter fronteggiare l\u2019emergenza e il trasporto in sicurezza al pronto soccorso pi\u00f9 vicino in citt\u00e0 dell\u2019utente. Le nostre auto sono brandizzate con il logo \u201cTaxi del cuore\u201d per essere facilmente riconoscibili all\u2019utenza nella dotazione specifica di bordo<span style=\"font-family: Times New Roman, serif\">\u00bb<\/span>.<\/p>\n<h3 align=\"JUSTIFY\"><b>Il defibrillatore e l&#8217;arresto cardiaco<\/b><\/h3>\n<p align=\"JUSTIFY\">Abbiamo chiesto a <b>Elisa Modonesi<\/b> (<em>nella foto<\/em>), cardiologa e consulente del <a href=\"https:\/\/www.montallegro.it\/servizi\/cardiologia\/\">Servizio di Cardiologia<\/a> di Villa Montallegro, di spiegare con parole semplici che cosa \u00e8 l&#8217;arresto cardiaco e a che cosa serve il defibrillatore.<\/p>\n<p align=\"JUSTIFY\"><b><img decoding=\"async\" class=\"alignnone size-medium wp-image-4933 alignleft\" src=\"https:\/\/www.montallegro.it\/magazine\/wp-content\/uploads\/sites\/2\/2018\/12\/elisa-modonesi-683x1024-200x300.jpg\" alt=\"\" width=\"200\" height=\"300\" srcset=\"https:\/\/www.montallegro.it\/magazine\/wp-content\/uploads\/sites\/2\/2018\/12\/elisa-modonesi-683x1024-200x300.jpg 200w, https:\/\/www.montallegro.it\/magazine\/wp-content\/uploads\/sites\/2\/2018\/12\/elisa-modonesi-683x1024.jpg 683w\" sizes=\"(max-width: 200px) 100vw, 200px\" \/>&#8211; Che cosa \u00e8 l&#8217;arresto cardiaco?<\/b><\/p>\n<p align=\"JUSTIFY\"><span style=\"font-family: Times New Roman, serif\">\u00ab<\/span>L&#8217;arresto cardiaco \u00e8 la cessazione del battito cardiaco ovvero il cuore si ferma e non vi \u00e8 pi\u00f9 attivit\u00e0 cardiocircolatoria. Ogni organo e tessuto non riceve pi\u00f9 sangue (e quindi ossigeno) e se questa condizione si prolunga per molti minuti sopraggiunge il decesso. Tra le cause pi\u00f9 frequenti di arresto cardiaco c\u2019\u00e8 la fibrillazione ventricolare, una aritmia assimilabile a un corto circuito elettrico che coinvolge l&#8217;intero cuore<span style=\"font-family: Times New Roman, serif\">\u00bb<\/span>.<\/p>\n<p align=\"JUSTIFY\"><b>&#8211; C&#8217;\u00e8 differenza con l&#8217;infarto?<\/b><\/p>\n<p align=\"JUSTIFY\"><span style=\"font-family: Times New Roman, serif\">\u00ab<\/span>S\u00ec, un infarto \u00e8 determinato dall\u2019occlusione di una coronaria, cio\u00e8 da una delle arterie che irrorano il cuore e questo porta ad avere meno sangue in una parte di miocardio. Questo poco o assente afflusso di sangue pu\u00f2 generare aritmie tra cui la tachicardia ventricolare e la fibrillazione ventricolare che nel giro di pochi minuti portano ad arresto cardiaco<span style=\"font-family: Times New Roman, serif\">\u00bb<\/span>.<\/p>\n<p align=\"JUSTIFY\"><b>&#8211; Come funziona il defibrillatore?<\/b><\/p>\n<p align=\"JUSTIFY\"><span style=\"font-family: Times New Roman, serif\">\u00ab<\/span>Il defibrillatore \u00e8 composto da un analizzatore che riconosce le principali aritmie che possono essere trattare con la defibrillazione, che non \u00e8 altro che la somministrazione di una scarica elettrica controllata in grado di interrompere il corto circuito e far ripartire il cuore: in pratica lo shock elettrico azzera il battito cardiaco e, subito dopo, ne ristabilisce il ritmo normale, interrompendo le aritmie che hanno provocato l&#8217;arresto cardiaco. L\u2019analisi e la scossa vengono effettuate mediante due piastre adesive applicate sul torace del soggetto, a destra e a sinistra del cuore. Il personale addestrato, prima e dopo questa operazione pratica il massaggio cardiaco per mantenere il sangue in movimento nella circolazione<span style=\"font-family: Times New Roman, serif\">\u00bb<\/span>.<\/p>\n<p align=\"JUSTIFY\"><b>&#8211; In quali casi \u00e8 vitale l&#8217;intervento immediato?<\/b><\/p>\n<p align=\"JUSTIFY\"><span style=\"font-family: Times New Roman, serif\">\u00ab<\/span>In tutti i casi di arresto cardiaco il tempo di intervento \u00e8 assolutamente fondamentale: secondo alcuni studi ogni minuto perso allontana la possibilit\u00e0 di salvare la persona di una percentuale tra il 7 e il 10%. Per cui oltre i 10 minuti di arresto cardiaco le probabilit\u00e0 di sopravvivenza sono molto basse. Da questo si evince come avere a disposizione sul territorio un defibrillatore nel pi\u00f9 breve tempo possibile pu\u00f2 davvero fare la differenza tre la vita e la morte<span style=\"font-family: Times New Roman, serif\">\u00bb<\/span>.<\/p>\n<p align=\"JUSTIFY\"><em>Di seguito, alcuni tassisti genovesi durante il corso di emergenza organizzato in Villa<\/em><em> Montallegro<\/em><\/p>\n<p align=\"JUSTIFY\">\u00a0<img loading=\"lazy\" decoding=\"async\" class=\"wp-image-4938 alignnone\" src=\"https:\/\/www.montallegro.it\/magazine\/wp-content\/uploads\/sites\/2\/2018\/12\/IMG_9710-300x225.jpg\" alt=\"\" width=\"260\" height=\"195\" srcset=\"https:\/\/www.montallegro.it\/magazine\/wp-content\/uploads\/sites\/2\/2018\/12\/IMG_9710-300x225.jpg 300w, https:\/\/www.montallegro.it\/magazine\/wp-content\/uploads\/sites\/2\/2018\/12\/IMG_9710-768x576.jpg 768w, https:\/\/www.montallegro.it\/magazine\/wp-content\/uploads\/sites\/2\/2018\/12\/IMG_9710-1024x768.jpg 1024w, https:\/\/www.montallegro.it\/magazine\/wp-content\/uploads\/sites\/2\/2018\/12\/IMG_9710.jpg 2016w\" sizes=\"(max-width: 260px) 100vw, 260px\" \/><img loading=\"lazy\" decoding=\"async\" class=\" wp-image-4939 alignleft\" src=\"https:\/\/www.montallegro.it\/magazine\/wp-content\/uploads\/sites\/2\/2018\/12\/IMG_9716-300x225.jpg\" alt=\"\" width=\"261\" height=\"196\" srcset=\"https:\/\/www.montallegro.it\/magazine\/wp-content\/uploads\/sites\/2\/2018\/12\/IMG_9716-300x225.jpg 300w, https:\/\/www.montallegro.it\/magazine\/wp-content\/uploads\/sites\/2\/2018\/12\/IMG_9716.jpg 640w\" sizes=\"(max-width: 261px) 100vw, 261px\" \/><img loading=\"lazy\" decoding=\"async\" class=\"wp-image-4940 alignleft\" src=\"https:\/\/www.montallegro.it\/magazine\/wp-content\/uploads\/sites\/2\/2018\/12\/IMG_9733-225x300.jpg\" alt=\"\" width=\"143\" height=\"191\" srcset=\"https:\/\/www.montallegro.it\/magazine\/wp-content\/uploads\/sites\/2\/2018\/12\/IMG_9733-225x300.jpg 225w, https:\/\/www.montallegro.it\/magazine\/wp-content\/uploads\/sites\/2\/2018\/12\/IMG_9733.jpg 480w\" sizes=\"(max-width: 143px) 100vw, 143px\" \/><\/p>\n","protected":false},"excerpt":{"rendered":"<p>Villa Montallegro regala dieci defibrillatori ai taxi per dare la possibilit\u00e0 di intervenire rapidamente in possibili emergenze. L&#8217;idea \u00e8 nata [&hellip;]<\/p>\n","protected":false},"author":4,"featured_media":4935,"comment_status":"open","ping_status":"open","sticky":false,"template":"","format":"standard","meta":{"_acf_changed":false,"footnotes":""},"categories":[140,139],"tags":[470,464,463,467,97,465,36,469,466,471,468],"acf":[],"_links":{"self":[{"href":"https:\/\/www.montallegro.it\/magazine\/wp-json\/wp\/v2\/posts\/4932"}],"collection":[{"href":"https:\/\/www.montallegro.it\/magazine\/wp-json\/wp\/v2\/posts"}],"about":[{"href":"https:\/\/www.montallegro.it\/magazine\/wp-json\/wp\/v2\/types\/post"}],"author":[{"embeddable":true,"href":"https:\/\/www.montallegro.it\/magazine\/wp-json\/wp\/v2\/users\/4"}],"replies":[{"embeddable":true,"href":"https:\/\/www.montallegro.it\/magazine\/wp-json\/wp\/v2\/comments?post=4932"}],"version-history":[{"count":8,"href":"https:\/\/www.montallegro.it\/magazine\/wp-json\/wp\/v2\/posts\/4932\/revisions"}],"predecessor-version":[{"id":4958,"href":"https:\/\/www.montallegro.it\/magazine\/wp-json\/wp\/v2\/posts\/4932\/revisions\/4958"}],"wp:featuredmedia":[{"embeddable":true,"href":"https:\/\/www.montallegro.it\/magazine\/wp-json\/wp\/v2\/media\/4935"}],"wp:attachment":[{"href":"https:\/\/www.montallegro.it\/magazine\/wp-json\/wp\/v2\/media?parent=4932"}],"wp:term":[{"taxonomy":"category","embeddable":true,"href":"https:\/\/www.montallegro.it\/magazine\/wp-json\/wp\/v2\/categories?post=4932"},{"taxonomy":"post_tag","embeddable":true,"href":"https:\/\/www.montallegro.it\/magazine\/wp-json\/wp\/v2\/tags?post=4932"}],"curies":[{"name":"wp","href":"https:\/\/api.w.org\/{rel}","templated":true}]}}