


{"id":4927,"date":"2018-12-04T11:31:51","date_gmt":"2018-12-04T10:31:51","guid":{"rendered":"https:\/\/www.montallegro.it\/magazine\/?p=4927"},"modified":"2018-12-04T11:32:23","modified_gmt":"2018-12-04T10:32:23","slug":"jodice-in-palazzo-grillo-la-grande-bellezza","status":"publish","type":"post","link":"https:\/\/www.montallegro.it\/magazine\/jodice-in-palazzo-grillo-la-grande-bellezza\/","title":{"rendered":"Jodice in Palazzo Grillo: la Grande Bellezza"},"content":{"rendered":"<p align=\"JUSTIFY\">Ci fu un giorno, a inizio agosto 2012, in cui a Genova faceva caldissimo.<\/p>\n<p align=\"JUSTIFY\">Un po&#8217; era il clima afoso di quei giorni, un po&#8217; era per l&#8217;occupazione da parte degli anarchici, da poco sgomberati dalla &#8220;classica&#8221; occupazione di via dei Giustiniani con tanto di scontri e contusi, di uno splendido palazzo in piazza delle Vigne.<\/p>\n<p align=\"JUSTIFY\">Quell&#8217;edificio si chiamava e si chiama Palazzo Grillo ed era quasi un&#8217;immagine emblematica del degrado del centro storico.<\/p>\n<p align=\"JUSTIFY\">Un gioiello rubato alla bellezza da anni di incuria e di degrado, non solo degli anarchici.<\/p>\n<p align=\"JUSTIFY\">Finch\u00e9 Arte, la societ\u00e0 dell&#8217;edilizia pubblica regionale, ha iniziato a sistemare tutto: c&#8217;\u00e8 stato lo sgombero, sono iniziati i restauri e ora Palazzo Grillo \u00e8 una splendida sede espositiva e un hotel di charme, dove la parola charme \u00e8 addirittura pi\u00f9 importante di quella hotel.<\/p>\n<p align=\"JUSTIFY\">Insomma, sta di fatto che Francesco Berti Riboli, che \u00e8 un esteta di ogni bellezza, si \u00e8 innamorato di questo posto e ha scelto di trasformarlo in location per l&#8217;ultima tappa della prima fase dei Mercoled\u00ec della Cultura (e non solo) di Villa Montallegro.<\/p>\n<p align=\"JUSTIFY\">Un percorso filologicamente perfetto che ha attraversato i Palazzi dei Rolli, via Garibaldi e il Siglo de oro, passando da <a href=\"https:\/\/www.montallegro.it\/magazine\/palazzo-tursi-larte-nella-casa-del-potere\/\">Palazzo Tursi a Palazzo Bianco<\/a>, da <a href=\"https:\/\/www.montallegro.it\/magazine\/inerpicarsi-sulle-scale-di-palazzo-rosso\/\">Palazzo Rosso<\/a> alla <a href=\"https:\/\/www.montallegro.it\/magazine\/il-van-dyck-speranza-della-carige\/\">mostra su Van Dyck<\/a> e i quadri della collezione di Carige, per arrivare appunto in piazza delle Vigne. Dove c&#8217;\u00e8 stato il trionfo definitivo dell&#8217;iniziativa.<\/p>\n<p align=\"JUSTIFY\">Perch\u00e9 Palazzo Grillo \u00e8 emozione e Bellezza allo stato puro e I Mercoled\u00ec di Montallegro sono riusciti a mostrarcelo in tutte le sue sfaccettature.<\/p>\n<p align=\"JUSTIFY\">Prima, con la parte istituzionale, inaugurazione della <a href=\"https:\/\/www.montallegro.it\/magazine\/montallegro-regala-a-genova-la-grande-mostra-di-jodice\/\">mostra &#8220;Nuova Terraferma&#8221; di Francesco Jodice<\/a>, sotto lo sguardo benedicente di PierPaolo Giampellegrini, il segreto di tutti i successi della Regione Liguria che \u00e8 stato uno dei motori della messa a disposizione degli spazi nell&#8217;ala del Palazzo ora adibita ad albergo.<\/p>\n<p align=\"JUSTIFY\">Poi, con la mostra vera e propria nello spazio espositivo del Palazzo stesso.<\/p>\n<p align=\"JUSTIFY\">E, infine, con il rinfresco, come al solito ricco di gusti regali, nel chiostro delle Vigne, altro gioiello genovese spesso nascosto alla vista, perch\u00e9 come nel Piccolo Principe l&#8217;essenziale \u00e8 invisibile agli occhi, con la Volpe, la Rosa e tutto il resto che viene di conseguenza.<\/p>\n<p align=\"JUSTIFY\">Poi, a un certo punto, nel chiostro si \u00e8 materializzata, in ottima compagnia, con un contorno di splendide damigelle e puttini 4.0, anche Anna Chieregato ed \u00e8 stata come una seconda ondata di splendore, come un&#8217;installazione capolavoro di contemporanea, multidisciplinare nella sua maestosit\u00e0 di pensiero, come un&#8217;opera d&#8217;arte vivente aggiunta a una giornata ricca di Bellezza.<\/p>\n<p align=\"JUSTIFY\">Ma, distrazioni e altri capolavori a parte, c&#8217;\u00e8 per l&#8217;appunto il capolavoro della mostra di Francesco Jodice &#8220;Nuova Terraferma&#8221;<\/p>\n<p align=\"JUSTIFY\">Il resto della Grande Bellezza di questa giornata genovese.<\/p>\n<p align=\"JUSTIFY\">Una mostra straordinaria che mette insieme i video della sala di Atlante, quasi un marchio di fabbrica di Jodice, e le foto di Bettolo, prima, durante e dopo, con personaggi come il palombaro con le pinne che sono un punto di congiunzione fra sogno e realt\u00e0, fra elementi onirici e la realt\u00e0 teoricamente meno poetica che esista.<\/p>\n<p align=\"JUSTIFY\">Teoricamente, come dimostra &#8220;Nuova Terraferma&#8221;.<\/p>\n<p align=\"JUSTIFY\">Il resto lo fanno la curatela di Cristiana Perrella e la cura dei particolari, che \u00e8 quasi il marchio di fabbrica di Villa Montallegro e di Francesco Berti Riboli.<\/p>\n<p align=\"JUSTIFY\">Roba che o ce l&#8217;hai nel Dna, oltre che nella ragione sociale, o non ce l&#8217;hai proprio.<\/p>\n<p align=\"JUSTIFY\">E Francesco e Montallegro ce l&#8217;hanno, indubitabilmente.<\/p>\n<p align=\"JUSTIFY\">Tutte caratteristiche trasferite anche nel catalogo <a href=\"http:\/\/www.sagep.it\/\">Sagep<\/a> di Bruno Guzzo.<\/p>\n<p align=\"JUSTIFY\">Insomma, va vista.<\/p>\n<p align=\"JUSTIFY\">E raccontarla non pu\u00f2 che sminuirla, perch\u00e8 \u00e8 difficile mettere un&#8217;emozione in una parola.<\/p>\n<p align=\"JUSTIFY\">E la mostra di Francesco Jodice di emozioni ne d\u00e0 tante.<\/p>\n<p align=\"JUSTIFY\">Per vederla c&#8217;\u00e8 tempo fino al 6 gennaio 2019, a Palazzo Grillo di piazza delle Vigne, dalle 14 alle 20 tutti i giorni dal mercoled\u00ec alla domenica. Ingreso libero.<\/p>\n<p align=\"JUSTIFY\">Con due ulteriori bellissime suggestioni.<\/p>\n<p align=\"JUSTIFY\">La prima: vedere questi spazi del centro storico usati cos\u00ec riempie il cuore.<\/p>\n<p align=\"JUSTIFY\">E fa nascere il sogno di vedere una Manifesta, la biennale nomade d&#8217;arte contemporanea, anche a Genova.<\/p>\n<p align=\"JUSTIFY\">Pensare alla straordinaria edizione appena conclusa a Palermo, quanto di pi\u00f9 internazionale esista in natura, traslato sulla nostra citt\u00e0 apre il cuore anche solo a pensarci.<\/p>\n<p align=\"JUSTIFY\">La seconda: 28 novembre, il giorno dell&#8217;inaugurazione, Marisa Sotillo Berti Riboli, l&#8217;adorata mamma di Francesco, scomparsa nell&#8217;estate del 2017, avrebbe compiuto novant&#8217;anni.<\/p>\n<p align=\"JUSTIFY\">E questo \u00e8 il pi\u00f9 bel regalo di compleanno pensabile.<\/p>\n<p align=\"JUSTIFY\">C&#8217;\u00e8 dentro il cuore.<\/p>\n","protected":false},"excerpt":{"rendered":"<p>Ci fu un giorno, a inizio agosto 2012, in cui a Genova faceva caldissimo. Un po&#8217; era il clima afoso [&hellip;]<\/p>\n","protected":false},"author":9,"featured_media":4914,"comment_status":"open","ping_status":"open","sticky":false,"template":"","format":"standard","meta":{"_acf_changed":false,"footnotes":""},"categories":[381,139],"tags":[452,97,451,462,455,36,453,454,339],"acf":[],"_links":{"self":[{"href":"https:\/\/www.montallegro.it\/magazine\/wp-json\/wp\/v2\/posts\/4927"}],"collection":[{"href":"https:\/\/www.montallegro.it\/magazine\/wp-json\/wp\/v2\/posts"}],"about":[{"href":"https:\/\/www.montallegro.it\/magazine\/wp-json\/wp\/v2\/types\/post"}],"author":[{"embeddable":true,"href":"https:\/\/www.montallegro.it\/magazine\/wp-json\/wp\/v2\/users\/9"}],"replies":[{"embeddable":true,"href":"https:\/\/www.montallegro.it\/magazine\/wp-json\/wp\/v2\/comments?post=4927"}],"version-history":[{"count":4,"href":"https:\/\/www.montallegro.it\/magazine\/wp-json\/wp\/v2\/posts\/4927\/revisions"}],"predecessor-version":[{"id":4931,"href":"https:\/\/www.montallegro.it\/magazine\/wp-json\/wp\/v2\/posts\/4927\/revisions\/4931"}],"wp:featuredmedia":[{"embeddable":true,"href":"https:\/\/www.montallegro.it\/magazine\/wp-json\/wp\/v2\/media\/4914"}],"wp:attachment":[{"href":"https:\/\/www.montallegro.it\/magazine\/wp-json\/wp\/v2\/media?parent=4927"}],"wp:term":[{"taxonomy":"category","embeddable":true,"href":"https:\/\/www.montallegro.it\/magazine\/wp-json\/wp\/v2\/categories?post=4927"},{"taxonomy":"post_tag","embeddable":true,"href":"https:\/\/www.montallegro.it\/magazine\/wp-json\/wp\/v2\/tags?post=4927"}],"curies":[{"name":"wp","href":"https:\/\/api.w.org\/{rel}","templated":true}]}}