


{"id":4910,"date":"2018-11-28T10:10:30","date_gmt":"2018-11-28T09:10:30","guid":{"rendered":"https:\/\/www.montallegro.it\/magazine\/?p=4910"},"modified":"2018-11-29T21:06:43","modified_gmt":"2018-11-29T20:06:43","slug":"montallegro-regala-a-genova-la-grande-mostra-di-jodice","status":"publish","type":"post","link":"https:\/\/www.montallegro.it\/magazine\/montallegro-regala-a-genova-la-grande-mostra-di-jodice\/","title":{"rendered":"Montallegro regala a Genova la grande mostra di Jodice"},"content":{"rendered":"<p align=\"JUSTIFY\">Montallegro ha voluto fare un nuovo \u201cdono\u201d alla citt\u00e0, producendo \u201c<b>Nuova Terraferma<\/b>\u201d mostra di uno degli artisti italiani pi\u00f9 interessanti, <b>Francesco Jodice<\/b>, che viene dedicata, oltre che a Genova, anche e in particolare a Marisa Sotillo Berti Riboli, per 50 anni presidente della struttura ospedaliera genovese. Marisa Berti Riboli \u00e8 mancata un anno e mezzo fa: il 28 novembre 2018 \u2013 quindi in contemporanea con l&#8217;inaugurazione della mostra \u2013 avrebbe compiuto 90 anni.<\/p>\n<p align=\"JUSTIFY\">Il suo amore per Genova e il suo rapporto con la citt\u00e0 sono una delle chiavi interpretative di questo \u201cdono\u201d di Montallegro che ha sempre cercato un rapporto anche culturale con il territorio sul quale opera: una sorta di ringraziamento e di riconoscimento delle qualit\u00e0 di una terra difficile ma bellissima. Quest&#8217;anno, dopo quanto \u00e8 accaduto il 14 agosto, la relazione con Genova e la Liguria diventa perci\u00f9 ancora pi\u00f9 stretta e anche commossa.<\/p>\n<h3 align=\"JUSTIFY\">Ingresso libero in Palazzo Grillo<\/h3>\n<p align=\"JUSTIFY\"><img fetchpriority=\"high\" decoding=\"async\" class=\"alignnone size-medium wp-image-4912 alignleft\" src=\"https:\/\/www.montallegro.it\/magazine\/wp-content\/uploads\/sites\/2\/2018\/11\/palazzo-grillo-300x229.jpg\" alt=\"\" width=\"300\" height=\"229\" srcset=\"https:\/\/www.montallegro.it\/magazine\/wp-content\/uploads\/sites\/2\/2018\/11\/palazzo-grillo-300x229.jpg 300w, https:\/\/www.montallegro.it\/magazine\/wp-content\/uploads\/sites\/2\/2018\/11\/palazzo-grillo-768x587.jpg 768w, https:\/\/www.montallegro.it\/magazine\/wp-content\/uploads\/sites\/2\/2018\/11\/palazzo-grillo-1024x782.jpg 1024w, https:\/\/www.montallegro.it\/magazine\/wp-content\/uploads\/sites\/2\/2018\/11\/palazzo-grillo.jpg 1042w\" sizes=\"(max-width: 300px) 100vw, 300px\" \/>La <a href=\"https:\/\/www.montallegro.it\/mostra-francesco-jodice\/\">mostra di Francesco Jodice<\/a> \u2013 <b>l&#8217;ingresso \u00e8 libero<\/b>, <strong>orario di apertura ore 14-20 da mercoled\u00ec a domenica<\/strong> \u2013 \u00e8 aperta al pubblico dal 29 novembre fino al 6 gennaio 2019 in uno degli splendidi spazi recuperati all&#8217;interno del bellissimo <b>Palazzo di Domenico Grillo<\/b> in piazza delle Vigne 4 (<em>nella foto<\/em>). L&#8217;edificio fu inserito nella lista dei palazzi iscritti ai Rolli di Genova.<\/p>\n<p align=\"JUSTIFY\">L&#8217;esposizione rappresenta un&#8217;interpretazione di grande suggestione della voglia di Genova di guardare avanti. Le immagini sono state realizzate durante l&#8217;ampliamento e la modificazione di Calata Bettolo nel porto di Genova: la nascita di una nuova \u201cterraferma\u201d che \u00e8 simbolo di quello che i genovesi hanno fatto nel corso della storia per rispondere alle difficolt\u00e0 anche naturali, ai problemi di comunicazione, alla voglia di costruire sempre nuovi traguardi.<\/p>\n<h3 align=\"JUSTIFY\">Un grande artista contemporaneo<\/h3>\n<p align=\"JUSTIFY\"><img decoding=\"async\" class=\"alignnone size-medium wp-image-4913 alignleft\" src=\"https:\/\/www.montallegro.it\/magazine\/wp-content\/uploads\/sites\/2\/2018\/11\/Francesco-Jodice-crediti-ritratto-Sara-Gentile-300x200.jpg\" alt=\"\" width=\"300\" height=\"200\" srcset=\"https:\/\/www.montallegro.it\/magazine\/wp-content\/uploads\/sites\/2\/2018\/11\/Francesco-Jodice-crediti-ritratto-Sara-Gentile-300x200.jpg 300w, https:\/\/www.montallegro.it\/magazine\/wp-content\/uploads\/sites\/2\/2018\/11\/Francesco-Jodice-crediti-ritratto-Sara-Gentile-768x511.jpg 768w, https:\/\/www.montallegro.it\/magazine\/wp-content\/uploads\/sites\/2\/2018\/11\/Francesco-Jodice-crediti-ritratto-Sara-Gentile.jpg 1000w\" sizes=\"(max-width: 300px) 100vw, 300px\" \/>L&#8217;autore, <b>Francesco Jodice<\/b> (<em>nella foto di Sara Gentile<\/em>) \u00e8 nato a Napoli nel 1967 e vive a Milano dove insegna al Biennio di Arti Visive e Studi Curatoriali e al Master in Photography and Visual Design della Nuova Accademia di Belle Arti. \u00c8 considerato uno degli artisti contemporanei pi\u00f9 interessanti. Figlio di Mimmo Jodice, ha intrapreso la stessa carriera artistica del padre, seguendo per\u00f2 una strada del tutto autonoma. I loro mondi espressivi sono diversi dal punto di vista della ricerca e da quello formale: in bianco e nero quello di Mimmo, a colori quello di Francesco che punta sulla lettura e la traduzione del reale e indaga i mutamenti del paesaggio sociale contemporaneo, con particolare attenzione ai fenomeni di antropologia urbana e alla produzione di nuovi processi di partecipazione.<\/p>\n<p align=\"JUSTIFY\">Jodice ha partecipato a grandi mostre come Documenta, la Biennale di Venezia, la Biennale di S\u00e3o Paulo, la Triennale dell\u2019ICP di New York, la seconda Biennale di Yinchuan e ha esposto al Castello di Rivoli (Torino), alla Tate Modern (Londra) e al Prado (Madrid). Si esprime sia con la fotografia sia con il video.<\/p>\n<h3 align=\"JUSTIFY\">La trasformazione di Calata Bettolo<\/h3>\n<p align=\"JUSTIFY\">La realizzazione delle immagini relative a <b>Calata Bettolo<\/b>, proposte nella mostra voluta da Villa Montallegro, segue una vicenda \u2013 iniziata nel 2005 \u2013 legata all&#8217;ammodernamento del porto di Genova. Si tratta della realizzazione del nuovo terminal container di Sampierdarena, con il riempimento di due moli per consentire l&#8217;approdo dei nuovi colossi del mare. La ricerca di Jodice, in linea con la sua analisi delle trasformazioni geopolitiche del territorio, racconta la nascita di una nuova terraferma, frutto della sedimentazione di tracce preesistenti e future. La mostra e il libro fotografico che ne \u00e8 stato tratto restituiscono la nascita di un nuovo paesaggio fisico e culturale dentro la citt\u00e0 di Genova. Il libro di Francesco Jodice \u00e8 in vendita in mostra: il ricavato sar\u00e0 destinato a iniziative legate alla tragedia della Ponte Morandi<\/p>\n<p>&nbsp;<\/p>\n","protected":false},"excerpt":{"rendered":"<p>Montallegro ha voluto fare un nuovo \u201cdono\u201d alla citt\u00e0, producendo \u201cNuova Terraferma\u201d mostra di uno degli artisti italiani pi\u00f9 interessanti, [&hellip;]<\/p>\n","protected":false},"author":4,"featured_media":4914,"comment_status":"open","ping_status":"open","sticky":false,"template":"","format":"standard","meta":{"_acf_changed":false,"footnotes":""},"categories":[140,139],"tags":[452,456,451,455,36,453,454],"acf":[],"_links":{"self":[{"href":"https:\/\/www.montallegro.it\/magazine\/wp-json\/wp\/v2\/posts\/4910"}],"collection":[{"href":"https:\/\/www.montallegro.it\/magazine\/wp-json\/wp\/v2\/posts"}],"about":[{"href":"https:\/\/www.montallegro.it\/magazine\/wp-json\/wp\/v2\/types\/post"}],"author":[{"embeddable":true,"href":"https:\/\/www.montallegro.it\/magazine\/wp-json\/wp\/v2\/users\/4"}],"replies":[{"embeddable":true,"href":"https:\/\/www.montallegro.it\/magazine\/wp-json\/wp\/v2\/comments?post=4910"}],"version-history":[{"count":3,"href":"https:\/\/www.montallegro.it\/magazine\/wp-json\/wp\/v2\/posts\/4910\/revisions"}],"predecessor-version":[{"id":4920,"href":"https:\/\/www.montallegro.it\/magazine\/wp-json\/wp\/v2\/posts\/4910\/revisions\/4920"}],"wp:featuredmedia":[{"embeddable":true,"href":"https:\/\/www.montallegro.it\/magazine\/wp-json\/wp\/v2\/media\/4914"}],"wp:attachment":[{"href":"https:\/\/www.montallegro.it\/magazine\/wp-json\/wp\/v2\/media?parent=4910"}],"wp:term":[{"taxonomy":"category","embeddable":true,"href":"https:\/\/www.montallegro.it\/magazine\/wp-json\/wp\/v2\/categories?post=4910"},{"taxonomy":"post_tag","embeddable":true,"href":"https:\/\/www.montallegro.it\/magazine\/wp-json\/wp\/v2\/tags?post=4910"}],"curies":[{"name":"wp","href":"https:\/\/api.w.org\/{rel}","templated":true}]}}