


{"id":4867,"date":"2018-11-20T08:50:00","date_gmt":"2018-11-20T07:50:00","guid":{"rendered":"https:\/\/www.montallegro.it\/magazine\/?p=4867"},"modified":"2018-11-20T08:50:00","modified_gmt":"2018-11-20T07:50:00","slug":"inerpicarsi-sulle-scale-di-palazzo-rosso","status":"publish","type":"post","link":"https:\/\/www.montallegro.it\/magazine\/inerpicarsi-sulle-scale-di-palazzo-rosso\/","title":{"rendered":"Inerpicarsi sulle scale di Palazzo Rosso"},"content":{"rendered":"<p align=\"JUSTIFY\">Certo, \u00e8 chiaro che trattandosi di Villa Montallegro, che \u00e8 un&#8217;eccellenza anche per l&#8217;ortopedia, i rischi erano limitati.<\/p>\n<p align=\"JUSTIFY\">Cio\u00e8, se qualcuno si fosse malauguratamente fatto male salendo e scendendo scalini, le cure sarebbero state immediate, con decine di medici e infermieri pronti a precipitarsi a curarlo.<\/p>\n<p align=\"JUSTIFY\">E alcune dottoresse e infermiere talmente belle che ti sarebbe venuta voglia di cadere apposta per farti curare e coccolare amabilmente.<\/p>\n<p align=\"JUSTIFY\">Ma, comunque, la versione 2018 dei Mercoled\u00ec della cultura (e non solo) organizzati da Francesco Berti Riboli e dai suoi credo che batta ogni record di scalini, facendo felici anche tutti quelli che si occupano di wellness nella squadra di Villa Montallegro, tanto che da un momento all&#8217;altro ti aspetti che spunti da dietro l&#8217;angolo il vicedirettore sanitario Luca Spigno con qualche suo diabolico misuracalorie.<\/p>\n<p align=\"JUSTIFY\"><span style=\"font-family: Times New Roman, serif\">\u00c8<\/span> su<img decoding=\"async\" class=\"alignnone wp-image-4868 alignleft\" src=\"https:\/\/www.montallegro.it\/magazine\/wp-content\/uploads\/sites\/2\/2018\/11\/gentiluomo-bordon-palazzo-rosso-232x300.jpg\" alt=\"\" width=\"162\" height=\"209\" srcset=\"https:\/\/www.montallegro.it\/magazine\/wp-content\/uploads\/sites\/2\/2018\/11\/gentiluomo-bordon-palazzo-rosso-232x300.jpg 232w, https:\/\/www.montallegro.it\/magazine\/wp-content\/uploads\/sites\/2\/2018\/11\/gentiluomo-bordon-palazzo-rosso-768x995.jpg 768w, https:\/\/www.montallegro.it\/magazine\/wp-content\/uploads\/sites\/2\/2018\/11\/gentiluomo-bordon-palazzo-rosso-790x1024.jpg 790w, https:\/\/www.montallegro.it\/magazine\/wp-content\/uploads\/sites\/2\/2018\/11\/gentiluomo-bordon-palazzo-rosso.jpg 1200w\" sizes=\"(max-width: 162px) 100vw, 162px\" \/>ccesso a Palazzo Bianco e a <a href=\"https:\/\/www.montallegro.it\/magazine\/palazzo-tursi-larte-nella-casa-del-potere\/\">Palazzo Tursi<\/a> per il primo appuntamento, succeder\u00e0 per l&#8217;ultima tappa a Palazzo Grillo, ma \u00e8 successo soprattutto a <a href=\"http:\/\/www.museidigenova.it\/it\/museo\/palazzo-rosso\">Palazzo Rosso<\/a>; dove abbiamo visto le sale dedicate alla mostra sulle immagini di <a href=\"http:\/\/www.visitgenoa.it\/evento\/sul-mare-immagini-di-genova-dal-xvi-al-xix-secolo\">Genova sul mare<\/a>, curata dalla bravissima Andreana Serra, a cui fa anche molto piacere parlarne e ti travolge con la sua passione e le sue spiegazioni, non propriamente sintetiche, per usare un eufemismo; le sale affrescate con le stagioni, con piedi tridimensionali e quant&#8217;altro; un quadro di Paris Bordon con un gentiluomo con una sospetta lettera d&#8217;amore che pare destinata alle visitatrici che hanno la fortuna di guardare il quadro, tanto che a un tratto di aspetti che il gentiluomo esca dalla cornice, tridimensionale pure lui, e se ne vada con le belle signore del gruppo.<\/p>\n<p align=\"JUSTIFY\">E infine gli appartamenti di vari stili architettonici, da quelli della Duchessa di Galliera a quello dell&#8217;architetto Albini finito addirittura su Ad, con tanto di cucinetta stile anni Cinquanta, soppalco e scala a chiocciola degna di finire anch&#8217;essa sulle riviste di architettura.<\/p>\n<p align=\"JUSTIFY\">Insomma, un viaggio fra epoche e mondi diversi che mette insieme il portaprofumi della Duchessa e tutti gli attrezzi della famiglia Brignole Sale con gli oggetti e le sedie e i tavoli in laminato anni Settanta.<\/p>\n<p align=\"JUSTIFY\">E, esattamente come era successo a Tursi e a Palazzo Bianco, nello stesso pomeriggio \u00e8 come se si facessero quattro visite diverse.<\/p>\n<p align=\"JUSTIFY\">Salendo e scendendo scale e scalini.<\/p>\n<p align=\"JUSTIFY\">Alla fine, quelli della dietologia sorridevano felici.<\/p>\n<p align=\"JUSTIFY\"><em>Nelle foto (Comune di Genova): in alto Palazzo Rosso e Palazzo Bianco; nell&#8217;articolo il\u00a0 &#8220;Gentiluomo&#8221; di Paris Bordon a Palazzo Rosso<\/em><\/p>\n","protected":false},"excerpt":{"rendered":"<p>Certo, \u00e8 chiaro che trattandosi di Villa Montallegro, che \u00e8 un&#8217;eccellenza anche per l&#8217;ortopedia, i rischi erano limitati. Cio\u00e8, se [&hellip;]<\/p>\n","protected":false},"author":9,"featured_media":4869,"comment_status":"open","ping_status":"open","sticky":false,"template":"","format":"standard","meta":{"_acf_changed":false,"footnotes":""},"categories":[381,139],"tags":[429,36,427,428,430],"acf":[],"_links":{"self":[{"href":"https:\/\/www.montallegro.it\/magazine\/wp-json\/wp\/v2\/posts\/4867"}],"collection":[{"href":"https:\/\/www.montallegro.it\/magazine\/wp-json\/wp\/v2\/posts"}],"about":[{"href":"https:\/\/www.montallegro.it\/magazine\/wp-json\/wp\/v2\/types\/post"}],"author":[{"embeddable":true,"href":"https:\/\/www.montallegro.it\/magazine\/wp-json\/wp\/v2\/users\/9"}],"replies":[{"embeddable":true,"href":"https:\/\/www.montallegro.it\/magazine\/wp-json\/wp\/v2\/comments?post=4867"}],"version-history":[{"count":4,"href":"https:\/\/www.montallegro.it\/magazine\/wp-json\/wp\/v2\/posts\/4867\/revisions"}],"predecessor-version":[{"id":4872,"href":"https:\/\/www.montallegro.it\/magazine\/wp-json\/wp\/v2\/posts\/4867\/revisions\/4872"}],"wp:featuredmedia":[{"embeddable":true,"href":"https:\/\/www.montallegro.it\/magazine\/wp-json\/wp\/v2\/media\/4869"}],"wp:attachment":[{"href":"https:\/\/www.montallegro.it\/magazine\/wp-json\/wp\/v2\/media?parent=4867"}],"wp:term":[{"taxonomy":"category","embeddable":true,"href":"https:\/\/www.montallegro.it\/magazine\/wp-json\/wp\/v2\/categories?post=4867"},{"taxonomy":"post_tag","embeddable":true,"href":"https:\/\/www.montallegro.it\/magazine\/wp-json\/wp\/v2\/tags?post=4867"}],"curies":[{"name":"wp","href":"https:\/\/api.w.org\/{rel}","templated":true}]}}