


{"id":4843,"date":"2018-11-12T09:50:10","date_gmt":"2018-11-12T08:50:10","guid":{"rendered":"https:\/\/www.montallegro.it\/magazine\/?p=4843"},"modified":"2018-11-12T09:50:10","modified_gmt":"2018-11-12T08:50:10","slug":"stefano-baldini-lalimentazione-e-disciplina","status":"publish","type":"post","link":"https:\/\/www.montallegro.it\/magazine\/stefano-baldini-lalimentazione-e-disciplina\/","title":{"rendered":"Stefano Baldini: \u00abL\u2019alimentazione \u00e8 disciplina\u00bb"},"content":{"rendered":"<p><span style=\"font-family: Times New Roman, serif\"><span style=\"font-size: medium\"><strong>Stefano Baldini<\/strong> \u00e8 stato uno degli uomini d\u2019oro dell\u2019atletica leggera italiana. Nel 2004 la sua immagine con le braccia aperte quasi ad abbracciare tutto lo stadio Panathinaiko \u00e8 diventata leggendaria, era il 29 agosto e l\u2019azzurro vinse la maratona alle Olimpiadi di Atene con il tempo di 2 ore 10 minuti e 55 secondi. Quel successo lo ha fatto diventare un\u2019icona dello sport nazionale ma \u00e8 stata solo la punta dell\u2019iceberg di una carriera che lo ha visto trionfare due volte agli Europei nel 1998 e nel 2006 e arrivare due volte terzo ai Mondiali nel 2001 e nel 2003. <\/span><\/span><\/p>\n<p><span style=\"font-family: Times New Roman, serif\"><span style=\"font-size: medium\">Una vita dedicata alla fatica quella di Stefano Baldini che ha nel suo palmares anche due ori mondiali nella mezza maratona e la partecipazione olimpica nei 5000 e 10000 ad Atalanta oltre che un\u2019altra maratona olimpica a Pechino. <\/span><\/span><\/p>\n<p><span style=\"font-family: Times New Roman, serif\"><span style=\"font-size: medium\">Nel 2010 arriva il momento di dire basta con l\u2019attivit\u00e0 agonistica ma il mondo dell\u2019ateltica se lo tiene stretto affidandogli ruoli tecnici federali. <\/span><\/span><\/p>\n<p><strong><em>Vedi l&#8217;<a href=\"https:\/\/www.youtube.com\/watch?v=yxUOJHAAnlk&amp;feature=youtu.be\">intervista filmata<\/a><\/em><\/strong><\/p>\n<p><span style=\"font-family: Times New Roman, serif\"><span style=\"font-size: medium\"><b>&#8211; Quanto \u00e8 importante l\u2019alimentazione per uno sportivo?<\/b><br \/>\n\u00abAvere una buona alimentazione ti regala la possibilit\u00e0 di risultati migliori, direi che basta questo per far capire a ogni agonista quantonutrirsi nel modo giusto possa far crescere le prestazioni\u00bb.<\/span><\/span><\/p>\n<p><span style=\"font-family: Times New Roman, serif\"><span style=\"font-size: medium\"><b><img decoding=\"async\" class=\"alignnone wp-image-4845 alignleft\" src=\"https:\/\/www.montallegro.it\/magazine\/wp-content\/uploads\/sites\/2\/2018\/11\/corti-fbr-baldini-217x300.jpg\" alt=\"\" width=\"186\" height=\"257\" srcset=\"https:\/\/www.montallegro.it\/magazine\/wp-content\/uploads\/sites\/2\/2018\/11\/corti-fbr-baldini-217x300.jpg 217w, https:\/\/www.montallegro.it\/magazine\/wp-content\/uploads\/sites\/2\/2018\/11\/corti-fbr-baldini-768x1062.jpg 768w, https:\/\/www.montallegro.it\/magazine\/wp-content\/uploads\/sites\/2\/2018\/11\/corti-fbr-baldini-741x1024.jpg 741w, https:\/\/www.montallegro.it\/magazine\/wp-content\/uploads\/sites\/2\/2018\/11\/corti-fbr-baldini.jpg 1200w\" sizes=\"(max-width: 186px) 100vw, 186px\" \/>&#8211; E il suo rapporto con l\u2019alimentazione?<\/b><br \/>\n\u00abIo mi sono sempre autoeducato e autoregolato nel quotidiano: mangiare bene \u00e8 una forma di rispetto verso se stessi. Senza contare che anche l\u2019alimentazione \u00e8 disciplina e senza quella uno sportivo non va da nessuna parte\u00bb.<\/span><\/span><\/p>\n<p><span style=\"font-family: Times New Roman, serif\"><span style=\"font-size: medium\"><b>&#8211; Stefano Baldini \u00e8 stato tra le stelle del Festival di Trento\u2026<\/b><br \/>\n\u00ab\u00c8 stata davvero una bella esperienza, abbiamo trasformato la citt\u00e0 in uno stadio per un weekend e per me \u00e8 stato speciale perch\u00e9 ho ritrovato queste strade su cui ho gareggiato tantissime volte. Un aspetto interessante \u00e8 aver visto insieme tanti campioni di sport diversi che raccontano le proprie esperienze ispirando le nuovo generazioni\u00bb.<\/span><\/span><\/p>\n<p><span style=\"font-family: Times New Roman, serif\"><span style=\"font-size: medium\"><b>&#8211; L\u2019ultima domanda non pu\u00f2 che essere sul suo grande amore, l\u2019atletica leggera\u2026<\/b><br \/>\n\u00abE devo dire che il movimento italiano \u00e8 in una fase di grande evoluzione, siamo produttori di talenti che per\u00f2 fanno fatica a confermarsi. Ora ci sono diversi segnali positivi primo fra tutti quello che ha dato Filippo Toru abbattendo il muro dei 10 secondi sui 100 metri: lui \u00e8 il presente e il futuro dell\u2019atletica\u00bb.<\/span><\/span><\/p>\n<p>&nbsp;<\/p>\n<p><em><span style=\"color: #000000\"><span style=\"font-family: Times New Roman, serif\"><span style=\"font-size: medium\">La foto di apertura \u00e8 tratta dal profilo Facebook di Stefano Baldini. Nella<\/span><\/span><\/span><\/em><em><span style=\"color: #000000\"><span style=\"font-family: Times New Roman, serif\"><span style=\"font-size: medium\"> foto in pagina: Michele Corti, Francesco Berti Riboli e Stefano Baldini durante <a href=\"http:\/\/www.stellenellosport.com\/edizioni\/edizione-2014\/\">Stelle nello Sport edizione 2014<\/a>.<br \/>\n<\/span><\/span><\/span><\/em><\/p>\n<p><span style=\"color: #000000\"><span style=\"font-family: Times New Roman, serif\"><span style=\"font-size: medium\">\u00a0<\/span><\/span><\/span><\/p>\n<p><span style=\"font-family: Times New Roman, serif\"><span style=\"font-size: medium\"><span style=\"color: #1f497d\">\u00a0<\/span><\/span><\/span><\/p>\n","protected":false},"excerpt":{"rendered":"<p>Stefano Baldini \u00e8 stato uno degli uomini d\u2019oro dell\u2019atletica leggera italiana. Nel 2004 la sua immagine con le braccia aperte [&hellip;]<\/p>\n","protected":false},"author":10,"featured_media":4844,"comment_status":"open","ping_status":"open","sticky":false,"template":"","format":"standard","meta":{"_acf_changed":false,"footnotes":""},"categories":[139,200],"tags":[8,421,420,36,419],"acf":[],"_links":{"self":[{"href":"https:\/\/www.montallegro.it\/magazine\/wp-json\/wp\/v2\/posts\/4843"}],"collection":[{"href":"https:\/\/www.montallegro.it\/magazine\/wp-json\/wp\/v2\/posts"}],"about":[{"href":"https:\/\/www.montallegro.it\/magazine\/wp-json\/wp\/v2\/types\/post"}],"author":[{"embeddable":true,"href":"https:\/\/www.montallegro.it\/magazine\/wp-json\/wp\/v2\/users\/10"}],"replies":[{"embeddable":true,"href":"https:\/\/www.montallegro.it\/magazine\/wp-json\/wp\/v2\/comments?post=4843"}],"version-history":[{"count":4,"href":"https:\/\/www.montallegro.it\/magazine\/wp-json\/wp\/v2\/posts\/4843\/revisions"}],"predecessor-version":[{"id":4849,"href":"https:\/\/www.montallegro.it\/magazine\/wp-json\/wp\/v2\/posts\/4843\/revisions\/4849"}],"wp:featuredmedia":[{"embeddable":true,"href":"https:\/\/www.montallegro.it\/magazine\/wp-json\/wp\/v2\/media\/4844"}],"wp:attachment":[{"href":"https:\/\/www.montallegro.it\/magazine\/wp-json\/wp\/v2\/media?parent=4843"}],"wp:term":[{"taxonomy":"category","embeddable":true,"href":"https:\/\/www.montallegro.it\/magazine\/wp-json\/wp\/v2\/categories?post=4843"},{"taxonomy":"post_tag","embeddable":true,"href":"https:\/\/www.montallegro.it\/magazine\/wp-json\/wp\/v2\/tags?post=4843"}],"curies":[{"name":"wp","href":"https:\/\/api.w.org\/{rel}","templated":true}]}}