


{"id":4809,"date":"2018-10-29T06:57:13","date_gmt":"2018-10-29T05:57:13","guid":{"rendered":"https:\/\/www.montallegro.it\/magazine\/?p=4809"},"modified":"2018-10-29T06:57:13","modified_gmt":"2018-10-29T05:57:13","slug":"palazzo-tursi-larte-nella-casa-del-potere","status":"publish","type":"post","link":"https:\/\/www.montallegro.it\/magazine\/palazzo-tursi-larte-nella-casa-del-potere\/","title":{"rendered":"Palazzo Tursi: l&#8217;arte nella casa del potere"},"content":{"rendered":"<p>La domenica, nei <strong><a href=\"http:\/\/www.museidigenova.it\/it\/content\/musei-di-strada-nuova\">Musei di Strada Nuova<\/a><\/strong> i genovesi entrano gratis.<br \/>\nEd \u00e8 gi\u00e0 una buona notizia. Perch\u00e9 sono genovesi, perch\u00e9 \u00e8 gratis e perch\u00e9 i Musei di Strada Nuova sono Patrimonio dell&#8217;Umanit\u00e0 Unesco, quindi praticamente la genovesit\u00e0 elevata al cubo.<br \/>\nIl mercoled\u00ec, invece, i genovesi e in particolare gli amici di Villa Montallegro entrano in &#8220;un mondo&#8221;.<br \/>\nChe \u00e8 lo stesso dei Musei di Strada Nuova, ma con tutti i sapori del benessere che sprigiona regolarmente dagli eventi di Montallegro.<br \/>\nIl racconto che vi ho fatto della passeggiata fra i forti che insieme alla Lanterna ha chiuso la serie precedente di visite, \u00e8 da culto per i trekker.<br \/>\n<img fetchpriority=\"high\" decoding=\"async\" class=\" wp-image-4812 alignleft\" src=\"https:\/\/www.montallegro.it\/magazine\/wp-content\/uploads\/sites\/2\/2018\/10\/Raccolta-delle-offerte-per-la-dea-Pomona-manifattura-di-Bruxelles-XVI-XVII-sec.-300x251.jpg\" alt=\"\" width=\"361\" height=\"302\" srcset=\"https:\/\/www.montallegro.it\/magazine\/wp-content\/uploads\/sites\/2\/2018\/10\/Raccolta-delle-offerte-per-la-dea-Pomona-manifattura-di-Bruxelles-XVI-XVII-sec.-300x251.jpg 300w, https:\/\/www.montallegro.it\/magazine\/wp-content\/uploads\/sites\/2\/2018\/10\/Raccolta-delle-offerte-per-la-dea-Pomona-manifattura-di-Bruxelles-XVI-XVII-sec.-768x643.jpg 768w, https:\/\/www.montallegro.it\/magazine\/wp-content\/uploads\/sites\/2\/2018\/10\/Raccolta-delle-offerte-per-la-dea-Pomona-manifattura-di-Bruxelles-XVI-XVII-sec.-1024x858.jpg 1024w, https:\/\/www.montallegro.it\/magazine\/wp-content\/uploads\/sites\/2\/2018\/10\/Raccolta-delle-offerte-per-la-dea-Pomona-manifattura-di-Bruxelles-XVI-XVII-sec..jpg 1472w\" sizes=\"(max-width: 361px) 100vw, 361px\" \/>Quello della prima puntata della nuova serie dei &#8220;Mercoled\u00ec della cultura&#8221; \u00e8 da culto per chi ama Genova e ci\u00f2 che significa.<br \/>\nAnche perch\u00e9 siamo partiti da <a href=\"http:\/\/www.museidigenova.it\/it\/content\/palazzo-tursi\"><strong>Palazzo Tursi<\/strong><\/a>, che ha un po&#8217; lo stesso valore delle piazze rinascimentali che mettevano insieme il Palazzo della Ragione e la Cattedrale, il potere temporale e quello ecclesiastico,<br \/>\nEcco, allo stesso modo, Palazzo Tursi \u00e8 potere amministrativo &#8211; sede del Comune e del consiglio comunale &#8211; e potere artistico, Bellezza, Patrimonio dell&#8217;Umanit\u00e0, Eccellenza, Unicit\u00e0.<br \/>\nQuindi, ad esempio, a un certo punto, durante la nostra visita a Tursi, mentre <strong>Piero Boccardo<\/strong>, direttore di tutti i Musei di Strada Nuova, ci illustrava qualsiasi particolare non conoscessimo sugli arazzi esposti nei musei del palazzo del Comune, a far da corredo alle sale paganiniane, dalla stanza del &#8220;Cannone&#8221; \u00e8 uscito il sindaco <strong>Marco Bucci<\/strong> in piena trance agonistica da illustrazione delle bellezze di Genova, in cui crede pi\u00f9 di chiunque altro.<br \/>\nBucci stava guidando una serie di investitori orientali, ma &#8211; con tutto lo charme di cui \u00e8 capace &#8211; si \u00e8 fermato a salutare anche la nostra comitiva. Poi, quando si \u00e8 accorto che, fra coloro che stavano mangiando pane e arazzi c&#8217;erano <a href=\"https:\/\/www.montallegro.it\/magazine\/alberto-pandolfo-dieci-chili\/\">Alberto Pandolfo<\/a>, che \u00e8 il pi\u00f9 cortese e squisito dei suoi oppositori, e Francesco Berti Riboli, che \u00e8 uno dei pi\u00f9 munifici dei suoi sponsor, ha capito che non eravamo investitori orientali, ha salutato gentilissimo ed \u00e8 passato alle sale successive con i suoi ospiti.<br \/>\nOppure, Barbara Grosso, assessore alla Cultura, che \u00e8 incappata pure lei nei tre grupponi Montallegro che hanno gradito moltissimo la visita e, anzich\u00e8 improvvisarsi in paludati discorsi istituzionali, si \u00e8 fermata ad ascoltare qualche spiegazione sul valore inestimabile delle ceramiche esposte a Tursi.<br \/>\nLe brillavano gli occhi: un po&#8217; perch\u00e8, probabilmente, pensava a come avrebbe potuto usare quelle ceramiche per qualche manicaretto della cucina canavese, quella delle sue origini; un po&#8217; perch\u00e8 Montallegro aveva provveduto a dotare ogni visitatore di ticket di ingresso e, quindi, il contascatti dei visitatori dei Musei era schizzato verso l&#8217;alto.<br \/>\nE poi, la deviazione a <a href=\"http:\/\/www.museidigenova.it\/it\/content\/palazzo-bianco\">Palazzo Bianco<\/a> per ammirare i quadri della stanza dei Mecenati, con tutte e tre le guide capaci si spiegazioni avvolgenti e appassionate, davvero in grado di trasformare quello che potrebbe essere un qualunque museo, per chi non ne sa apprezzare le opere, in un Evento.<br \/>\nSu, su, per l&#8217;appunto, fino a Boccardo e alla sua storia degli Arazzi, alcuni dei quali restaurati e tornati allo splendore originario proprio grazie a Montallegro e a Berti Riboli, quasi un continuatore moderno della storia di quei Mecenati (e lo scrivo volentierissimo, sfidando ogni possibile accusa di piaggeria, perch\u00e8 \u00e8 uno dei motivi per cui \u00e8 un grande piacere scriverne in questa sede, perch\u00e8 ci si sente partecipi di una storia e di un pezzo di storia) .<br \/>\nE sembrava di vivere ai tempi in cui sono stati tessuti, col racconto di quanto ci voleva per un quadratino di stoffa, di come venivano usate come coperte per scaldarsi, di come dovevano essere belli per sostituire la televisione, di come venivano poste le firme dagli artigiani tessitori&#8230;<br \/>\nInsomma, uno spettacolo.<br \/>\nUna storia in cui tanti genovesi si imbattono per caso, magari semplicemente perch\u00e8 sbagliano porta cercando gli uffici di un assessorato o la Sala Rossa del Consiglio comunale.<br \/>\nGenovesi per caso anche loro, come noi.<br \/>\nChe gi\u00e0 abbiamo messo in agenda la visita a Palazzo Rosso, seconda tappa di una cavalcata alla ricerca di un passato che spesso non conosciamo.<br \/>\nMa che \u00e8 la chiave migliore per migliorare il nostro presente e per farci sognare un grande futuro.<\/p>\n<p><em>Nelle foto (del Comune di Genova): il cortile di Palazzo Doria-Tursi e l&#8217;arazzo &#8220;Raccolta delle offerte per la dea Pomona&#8221;. manifattura di Bruxelles XVI-XVII sec.<\/em><\/p>\n","protected":false},"excerpt":{"rendered":"<p>La domenica, nei Musei di Strada Nuova i genovesi entrano gratis. Ed \u00e8 gi\u00e0 una buona notizia. Perch\u00e9 sono genovesi, [&hellip;]<\/p>\n","protected":false},"author":9,"featured_media":4811,"comment_status":"open","ping_status":"open","sticky":false,"template":"","format":"standard","meta":{"_acf_changed":false,"footnotes":""},"categories":[381,139],"tags":[36,412,411,413],"acf":[],"_links":{"self":[{"href":"https:\/\/www.montallegro.it\/magazine\/wp-json\/wp\/v2\/posts\/4809"}],"collection":[{"href":"https:\/\/www.montallegro.it\/magazine\/wp-json\/wp\/v2\/posts"}],"about":[{"href":"https:\/\/www.montallegro.it\/magazine\/wp-json\/wp\/v2\/types\/post"}],"author":[{"embeddable":true,"href":"https:\/\/www.montallegro.it\/magazine\/wp-json\/wp\/v2\/users\/9"}],"replies":[{"embeddable":true,"href":"https:\/\/www.montallegro.it\/magazine\/wp-json\/wp\/v2\/comments?post=4809"}],"version-history":[{"count":6,"href":"https:\/\/www.montallegro.it\/magazine\/wp-json\/wp\/v2\/posts\/4809\/revisions"}],"predecessor-version":[{"id":4816,"href":"https:\/\/www.montallegro.it\/magazine\/wp-json\/wp\/v2\/posts\/4809\/revisions\/4816"}],"wp:featuredmedia":[{"embeddable":true,"href":"https:\/\/www.montallegro.it\/magazine\/wp-json\/wp\/v2\/media\/4811"}],"wp:attachment":[{"href":"https:\/\/www.montallegro.it\/magazine\/wp-json\/wp\/v2\/media?parent=4809"}],"wp:term":[{"taxonomy":"category","embeddable":true,"href":"https:\/\/www.montallegro.it\/magazine\/wp-json\/wp\/v2\/categories?post=4809"},{"taxonomy":"post_tag","embeddable":true,"href":"https:\/\/www.montallegro.it\/magazine\/wp-json\/wp\/v2\/tags?post=4809"}],"curies":[{"name":"wp","href":"https:\/\/api.w.org\/{rel}","templated":true}]}}